{"id":1736,"date":"2024-07-12T02:00:00","date_gmt":"2024-07-12T02:00:00","guid":{"rendered":"https:\/\/tvbrazilusa.com\/?p=1736"},"modified":"2024-07-12T05:35:42","modified_gmt":"2024-07-12T05:35:42","slug":"byd-lidera-as-vendas-de-carros-eletricos-em-blumenau-confira-os-modelos-mais-populares","status":"publish","type":"post","link":"https:\/\/tvbrazilusa.com\/pt\/2024\/07\/12\/byd-lidera-as-vendas-de-carros-eletricos-em-blumenau-confira-os-modelos-mais-populares\/","title":{"rendered":"BYD lidera as vendas de carros el\u00e9tricos em Blumenau! Confira os modelos mais populares!"},"content":{"rendered":"<p> <script async src=\"https:\/\/pagead2.googlesyndication.com\/pagead\/js\/adsbygoogle.js?client=ca-pub-8864793242727901\"\r\n     crossorigin=\"anonymous\"><\/script><br \/>\n<\/p>\n<div>\n<p>Quem passa pelas ruas de Blumenau n\u00e3o demora a perceber a crescente presen\u00e7a de ve\u00edculos el\u00e9tricos. Entre eles, destacam-se os modelos da <a href=\"https:\/\/terrabrasilnoticias.com\/2024\/07\/byd-anuncia-revolucionario-suv-hibrido-confira-os-detalhes-do-byd-song-pro\/\" target=\"_blank\" rel=\"noreferrer noopener\">BYD<\/a>, uma companhia de origem chinesa que vem conquistando os motoristas locais. Recentemente, foi divulgado que a cidade testemunhou um aumento significativo na circula\u00e7\u00e3o desses autom\u00f3veis, especialmente entre o ano anterior e o corrente.<\/p>\n<p>O interesse por carros mais sustent\u00e1veis \u00e9 claro. A cidade, que \u00e9 a maior do Vale do Itaja\u00ed, aproveitou esse interesse crescente para anunciar a inaugura\u00e7\u00e3o de uma concession\u00e1ria da BYD, que promete alavancar ainda mais esse mercado. Esse an\u00fancio foi feito pelo vice-presidente global da montadora e tem criado expectativa entre os consumidores e entusiastas de carros el\u00e9tricos.<\/p>\n<h2 class=\"wp-block-heading\">Por que a BYD est\u00e1 dominando o mercado em Blumenau?<\/h2>\n<p>Dados recentes do Departamento Estadual de Tr\u00e2nsito (Detran) de Santa Catarina revelaram que existem 191 carros el\u00e9tricos registrados em Blumenau. Destes, impressionantes 126 s\u00e3o da marca BYD. Isso representa cerca de 66% do total, um indicativo claro do dom\u00ednio da empresa no setor. Os modelos oferecidos combinam design inovador com pre\u00e7os acess\u00edveis, fatores que t\u00eam atra\u00eddo cada vez mais consumidores.<\/p>\n<p><strong>Fatores que Contribuem para o Sucesso da BYD em Blumenau:<\/strong><\/p>\n<ul>\n<li><strong>Combina\u00e7\u00e3o Perfeita:<\/strong> Design inovador, pre\u00e7os acess\u00edveis e tecnologia de ponta atraem cada vez mais consumidores.<\/li>\n<li><strong>Modelo Dolphin em Destaque:<\/strong> Vers\u00f5es Mini e GS lideram em popularidade, com pre\u00e7os entre R$ 115 mil e R$ 160 mil.<\/li>\n<li><strong>Consci\u00eancia Ecol\u00f3gica em Alta:<\/strong> Consumidores buscam alternativas sustent\u00e1veis e a BYD entrega com seus ve\u00edculos eficientes e de baixo impacto ambiental.<\/li>\n<\/ul>\n<div class=\"wp-block-image\">\n<figure class=\"aligncenter size-full is-resized\"><picture decoding=\"async\" class=\"wp-image-153165\" style=\"width:1200px\"><source type=\"image\/webp\" srcset=\"https:\/\/terrabrasilnoticias.com\/wp-content\/uploads\/2024\/07\/image-325.png.webp 1024w, https:\/\/terrabrasilnoticias.com\/wp-content\/uploads\/2024\/07\/image-325-300x139.png.webp 300w, https:\/\/terrabrasilnoticias.com\/wp-content\/uploads\/2024\/07\/image-325-768x356.png.webp 768w, https:\/\/terrabrasilnoticias.com\/wp-content\/uploads\/2024\/07\/image-325-750x347.png.webp 750w\" sizes=\"(max-width: 1024px) 100vw, 1024px\"\/><\/picture><figcaption class=\"wp-element-caption\">Fonte: O Antagonista<\/figcaption><\/figure>\n<\/div>\n<h2 class=\"wp-block-heading\">Quais s\u00e3o os modelos de carros da BYD mais populares em Blumenau?<\/h2>\n<p>Entre os modelos da BYD, destaca-se o Dolphin, que tem vers\u00f5es Mini e GS e j\u00e1 totaliza 88 unidades na regi\u00e3o. O pre\u00e7o varia entre R$ 115 mil e R$ 160 mil, tornando-o acess\u00edvel para uma gama maior de consumidores que deseja investir em tecnologia e sustentabilidade sem comprometer o or\u00e7amento.<\/p>\n<p>Al\u00e9m do Dolphin, a BYD tem outros modelos como o Seal, Song, Yuan, Tan e Han, que tamb\u00e9m fazem parte do portf\u00f3lio dispon\u00edvel aos moradores de Blumenau. Cada ve\u00edculo promete efici\u00eancia energ\u00e9tica e menor impacto ambiental, alinhados com uma crescente conscientiza\u00e7\u00e3o ecol\u00f3gica.<\/p>\n<h2 class=\"wp-block-heading\">Como a BYD tem expandido sua infraestrutura em Santa Catarina?<\/h2>\n<p>Mirando ampliar sua penetra\u00e7\u00e3o no mercado brasileiro, a BYD n\u00e3o se limitar\u00e1 a Blumenau. Com concession\u00e1rias j\u00e1 estabelecidas em S\u00e3o Jos\u00e9, Itaja\u00ed, Florian\u00f3polis e Chapec\u00f3, a companhia planeja abrir novas unidades em Joinville e Crici\u00fama. Este plano de expans\u00e3o \u00e9 apoiado pelo Grupo DVA e reflete o comprometimento da BYD em consolidar sua presen\u00e7a no Brasil.<\/p>\n<p><strong>Expans\u00e3o Estrat\u00e9gica da BYD em Santa Catarina e Brasil:<\/strong><\/p>\n<ul>\n<li><strong>Novas Concession\u00e1rias:<\/strong> Joinville e Crici\u00fama receber\u00e3o unidades da BYD, ampliando a presen\u00e7a da marca no estado.<\/li>\n<li><strong>Grupo DVA como Parceiro:<\/strong> Apoio do Grupo DVA \u00e9 fundamental para a expans\u00e3o da BYD em Santa Catarina.<\/li>\n<li><strong>F\u00e1brica na Bahia em 2025:<\/strong> Produ\u00e7\u00e3o nacional visa atender \u00e0 crescente demanda por carros el\u00e9tricos no Brasil e facilitar a distribui\u00e7\u00e3o para todo o pa\u00eds.<\/li>\n<\/ul>\n<p>Ademais, h\u00e1 planos para uma f\u00e1brica em Bahia, que deve iniciar opera\u00e7\u00f5es em 2025. Esta f\u00e1brica localizada na Bahia visa refor\u00e7ar a produ\u00e7\u00e3o nacional e facilitar a distribui\u00e7\u00e3o de ve\u00edculos el\u00e9tricos pelos estados brasileiros, destacando-se como um movimento estrat\u00e9gico para atender a crescente demanda por transportes de baixo impacto ambiental.<\/p>\n<p>Assim, a BYD se posiciona como l\u00edder no mercado de ve\u00edculos el\u00e9tricos na regi\u00e3o e como uma das principais promotoras de transporte sustent\u00e1vel no pa\u00eds, refletindo uma mudan\u00e7a de comportamento do consumidor e um avan\u00e7o rumo a um futuro mais verde.<\/p>\n<\/p><\/div>\n<p><br \/>\n<br \/><a href=\"https:\/\/terrabrasilnoticias.com\/2024\/07\/byd-lidera-as-vendas-de-carros-eletricos-em-blumenau-confira-os-modelos-mais-populares\/\">Source link <\/a><\/p>","protected":false},"excerpt":{"rendered":"<p>Quem passa pelas ruas de Blumenau n\u00e3o demora a perceber a crescente presen\u00e7a de ve\u00edculos el\u00e9tricos. Entre eles, destacam-se os modelos da BYD, uma companhia de origem chinesa que vem&hellip;<\/p>","protected":false},"author":1,"featured_media":1737,"comment_status":"closed","ping_status":"open","sticky":false,"template":"","format":"standard","meta":{"content-type":"","footnotes":""},"categories":[16],"tags":[],"class_list":["post-1736","post","type-post","status-publish","format-standard","has-post-thumbnail","hentry","category-noticias"],"_links":{"self":[{"href":"https:\/\/tvbrazilusa.com\/pt\/wp-json\/wp\/v2\/posts\/1736","targetHints":{"allow":["GET"]}}],"collection":[{"href":"https:\/\/tvbrazilusa.com\/pt\/wp-json\/wp\/v2\/posts"}],"about":[{"href":"https:\/\/tvbrazilusa.com\/pt\/wp-json\/wp\/v2\/types\/post"}],"author":[{"embeddable":true,"href":"https:\/\/tvbrazilusa.com\/pt\/wp-json\/wp\/v2\/users\/1"}],"replies":[{"embeddable":true,"href":"https:\/\/tvbrazilusa.com\/pt\/wp-json\/wp\/v2\/comments?post=1736"}],"version-history":[{"count":1,"href":"https:\/\/tvbrazilusa.com\/pt\/wp-json\/wp\/v2\/posts\/1736\/revisions"}],"predecessor-version":[{"id":1738,"href":"https:\/\/tvbrazilusa.com\/pt\/wp-json\/wp\/v2\/posts\/1736\/revisions\/1738"}],"wp:featuredmedia":[{"embeddable":true,"href":"https:\/\/tvbrazilusa.com\/pt\/wp-json\/wp\/v2\/media\/1737"}],"wp:attachment":[{"href":"https:\/\/tvbrazilusa.com\/pt\/wp-json\/wp\/v2\/media?parent=1736"}],"wp:term":[{"taxonomy":"category","embeddable":true,"href":"https:\/\/tvbrazilusa.com\/pt\/wp-json\/wp\/v2\/categories?post=1736"},{"taxonomy":"post_tag","embeddable":true,"href":"https:\/\/tvbrazilusa.com\/pt\/wp-json\/wp\/v2\/tags?post=1736"}],"curies":[{"name":"wp","href":"https:\/\/api.w.org\/{rel}","templated":true}]}}