{"id":17386,"date":"2024-08-05T16:14:47","date_gmt":"2024-08-05T16:14:47","guid":{"rendered":"https:\/\/tvbrazilusa.com\/2024\/08\/05\/video-lula-e-vaiado-durante-visita-oficial-ao-chile-veja\/"},"modified":"2024-08-05T16:21:37","modified_gmt":"2024-08-05T16:21:37","slug":"video-lula-e-vaiado-durante-visita-oficial-ao-chile-veja","status":"publish","type":"post","link":"https:\/\/tvbrazilusa.com\/pt\/2024\/08\/05\/video-lula-e-vaiado-durante-visita-oficial-ao-chile-veja\/","title":{"rendered":"V\u00cdDEO: Lula \u00e9 vaiado durante visita oficial ao Chile; VEJA"},"content":{"rendered":"<p> <script async src=\"https:\/\/pagead2.googlesyndication.com\/pagead\/js\/adsbygoogle.js?client=ca-pub-8864793242727901\"\r\n     crossorigin=\"anonymous\"><\/script><br \/>\n<\/p>\n<div>\n<p>O presidente Luiz In\u00e1cio Lula da Silva (PT) viveu momentos de tens\u00e3o durante uma visita oficial ao Chile nesta segunda-feira (5). Durante uma cerim\u00f4nia em que depositava uma oferenda floral no monumento em homenagem ao general Bernardo O\u2019Higgins, em Santiago, ele foi vaiado por manifestantes presentes no local.<\/p>\n<p>O epis\u00f3dio de vaia ocorreu justamente no instante em que Lula foi anunciado pelo mestre de cerim\u00f4nias, no momento em que se dirigia ao monumento. A comitiva do presidente brasileiro inclu\u00eda ministros como Mauro Vieira (Rela\u00e7\u00f5es Exteriores), N\u00edsia Trindade (Sa\u00fade), Carlos F\u00e1varo (Agricultura) e Celso Amorim, assessor especial para assuntos internacionais.<\/p>\n<blockquote class=\"twitter-tweet\" data-media-max-width=\"560\">\n<p lang=\"pt\" dir=\"ltr\">\ud83d\udea8URGENTE \u2013 Lula acaba de ser vaiado no Chile! <\/p>\n<p>At\u00e9 mesmo fora do Brasil a sua rejei\u00e7\u00e3o \u00e9 enorme! <a href=\"https:\/\/t.co\/X6iXZ2qnuA\">pic.twitter.com\/X6iXZ2qnuA<\/a><\/p>\n<p>\u2014 SPACE LIBERDADE \uea00 (@NewsLiberdade) <a href=\"https:\/\/twitter.com\/NewsLiberdade\/status\/1820479615607124109?ref_src=twsrc%5Etfw\">August 5, 2024<\/a><\/p><\/blockquote>\n<p class=\"has-small-font-size\"><em>V\u00eddeo: Reprodu\u00e7\u00e3o\/X<\/em><\/p>\n<h2 class=\"wp-block-heading\">Qual a raz\u00e3o das vaias a Lula?<\/h2>\n<p>As imagens transmitidas pelo canal do governo no Youtube mostram que os ministros procuraram identificar os manifestantes, enquanto Lula permaneceu impass\u00edvel diante do protesto. Lula est\u00e1 no Chile para uma visita oficial de dois dias, nesta segunda (5) e ter\u00e7a-feira (6), focando em assuntos de interesse m\u00fatuo entre Brasil e Chile, como com\u00e9rcio e quest\u00f5es pol\u00edticas do continente.<\/p>\n<p>A viagem inclui discuss\u00f5es sobre a crise na Venezuela, um tema que tem gerado diverg\u00eancias entre Lula e o presidente chileno Gabriel Boric. Apesar de n\u00e3o estar oficialmente na agenda, a expectativa \u00e9 de que ambos abordem a quest\u00e3o durante as conversas.<\/p>\n<h2 class=\"wp-block-heading\">Lula e Boric: diverg\u00eancias sobre a Venezuela e a Ucr\u00e2nia<\/h2>\n<p>Gabriel Boric, presidente do Chile, tem se posicionado fortemente contra a reelei\u00e7\u00e3o de Nicol\u00e1s Maduro na Venezuela. Em contraste, Lula tem adotado um tom mais diplom\u00e1tico, exigindo a divulga\u00e7\u00e3o p\u00fablica e detalhada das atas de vota\u00e7\u00e3o. Os dois l\u00edderes planejam uma reuni\u00e3o privada na manh\u00e3 desta ter\u00e7a-feira (6) para discutir esse e outros temas pertinentes.<\/p>\n<p>Vale lembrar que esta reuni\u00e3o entre Lula e Boric ocorre um ano ap\u00f3s uma pequena rusga entre os dois presidentes em rela\u00e7\u00e3o \u00e0 guerra na Ucr\u00e2nia. Lula havia, na \u00e9poca, relativizado a responsabilidade da R\u00fassia, o que gerou cr\u00edticas de Boric durante a c\u00fapula entre a Uni\u00e3o Europeia e a Comunidade de Estados Latino-Americanos e Caribenhos (Celac).<\/p>\n<p>Boric insistiu que a declara\u00e7\u00e3o final da c\u00fapula deveria adotar uma postura mais cr\u00edtica \u00e0 R\u00fassia, enquanto Lula argumentou que aquele n\u00e3o era o ambiente apropriado para tal postura. \u201cEu n\u00e3o tenho por que concordar com o Boric, \u00e9 uma vis\u00e3o dele. Eu acho que a reuni\u00e3o foi extraordin\u00e1ria. Possivelmente, a falta de costume de participar dessas reuni\u00f5es faz com que um jovem seja mais sequioso, mais apressado, mas as coisas acontecem assim\u201d, disse Lula na \u00e9poca.<\/p>\n<h2 class=\"wp-block-heading\">O contexto pol\u00edtico atual<\/h2>\n<p>Gabriel Boric respondeu \u00e0s cr\u00edticas de Lula afirmando que \u201cn\u00e3o me sinto ofendido com a declara\u00e7\u00e3o, me sinto tranquilo. Hoje podemos ter nuances a respeito disso, mas a posi\u00e7\u00e3o do Chile \u00e9 de princ\u00edpios e nisso acho que temos que ser categ\u00f3ricos, n\u00e3o podemos deixar margem para d\u00favidas\u201d.<\/p>\n<p>Essa nova visita de Lula ao Chile promete ser decisiva para alinhavar posi\u00e7\u00f5es entre os dois pa\u00edses. Fica evidente que, al\u00e9m das rela\u00e7\u00f5es comerciais e pol\u00edticas, ambos os presidentes precisam encontrar um terreno comum para lidar com as crises que assolam a Am\u00e9rica Latina, como a situa\u00e7\u00e3o na Venezuela e as repercuss\u00f5es do conflito na Ucr\u00e2nia.<\/p>\n<\/p><\/div>\n<p><script async src=\"\/\/platform.twitter.com\/widgets.js\" charset=\"utf-8\"><\/script><br \/>\n<br \/><br \/>\n<br \/><a href=\"https:\/\/terrabrasilnoticias.com\/2024\/08\/video-lula-e-vaiado-durante-visita-oficial-ao-chile-veja\/\">Source link <\/a><\/p>","protected":false},"excerpt":{"rendered":"<p>O presidente Luiz In\u00e1cio Lula da Silva (PT) viveu momentos de tens\u00e3o durante uma visita oficial ao Chile nesta segunda-feira (5). Durante uma cerim\u00f4nia em que depositava uma oferenda floral&hellip;<\/p>","protected":false},"author":1,"featured_media":17387,"comment_status":"closed","ping_status":"open","sticky":false,"template":"","format":"standard","meta":{"content-type":"","footnotes":""},"categories":[16],"tags":[],"class_list":["post-17386","post","type-post","status-publish","format-standard","has-post-thumbnail","hentry","category-noticias"],"_links":{"self":[{"href":"https:\/\/tvbrazilusa.com\/pt\/wp-json\/wp\/v2\/posts\/17386","targetHints":{"allow":["GET"]}}],"collection":[{"href":"https:\/\/tvbrazilusa.com\/pt\/wp-json\/wp\/v2\/posts"}],"about":[{"href":"https:\/\/tvbrazilusa.com\/pt\/wp-json\/wp\/v2\/types\/post"}],"author":[{"embeddable":true,"href":"https:\/\/tvbrazilusa.com\/pt\/wp-json\/wp\/v2\/users\/1"}],"replies":[{"embeddable":true,"href":"https:\/\/tvbrazilusa.com\/pt\/wp-json\/wp\/v2\/comments?post=17386"}],"version-history":[{"count":1,"href":"https:\/\/tvbrazilusa.com\/pt\/wp-json\/wp\/v2\/posts\/17386\/revisions"}],"predecessor-version":[{"id":17388,"href":"https:\/\/tvbrazilusa.com\/pt\/wp-json\/wp\/v2\/posts\/17386\/revisions\/17388"}],"wp:featuredmedia":[{"embeddable":true,"href":"https:\/\/tvbrazilusa.com\/pt\/wp-json\/wp\/v2\/media\/17387"}],"wp:attachment":[{"href":"https:\/\/tvbrazilusa.com\/pt\/wp-json\/wp\/v2\/media?parent=17386"}],"wp:term":[{"taxonomy":"category","embeddable":true,"href":"https:\/\/tvbrazilusa.com\/pt\/wp-json\/wp\/v2\/categories?post=17386"},{"taxonomy":"post_tag","embeddable":true,"href":"https:\/\/tvbrazilusa.com\/pt\/wp-json\/wp\/v2\/tags?post=17386"}],"curies":[{"name":"wp","href":"https:\/\/api.w.org\/{rel}","templated":true}]}}