{"id":17433,"date":"2024-08-05T17:16:50","date_gmt":"2024-08-05T17:16:50","guid":{"rendered":"https:\/\/tvbrazilusa.com\/2024\/08\/05\/lula-e-vaiado-durante-ato-oficial-em-santiago-no-chile-paulo-figueiredo\/"},"modified":"2024-08-05T17:30:30","modified_gmt":"2024-08-05T17:30:30","slug":"lula-e-vaiado-durante-ato-oficial-em-santiago-no-chile-paulo-figueiredo","status":"publish","type":"post","link":"https:\/\/tvbrazilusa.com\/pt\/2024\/08\/05\/lula-e-vaiado-durante-ato-oficial-em-santiago-no-chile-paulo-figueiredo\/","title":{"rendered":"Lula \u00e9 vaiado durante ato oficial em Santiago, no Chile &#8211; Paulo Figueiredo"},"content":{"rendered":"<p> <script async src=\"https:\/\/pagead2.googlesyndication.com\/pagead\/js\/adsbygoogle.js?client=ca-pub-8864793242727901\"\r\n     crossorigin=\"anonymous\"><\/script><br \/>\n<\/p>\n<div id=\"wtr-content\" data-bg=\"#FFFFFF\" data-fg=\"#006d91\" data-width=\"25\" data-mute=\"1\" data-fgopacity=\"1.00\" data-mutedopacity=\"0.5\" data-placement=\"bottom\" data-placement-offset=\"0\" data-content-offset=\"262\" data-placement-touch=\"bottom\" data-placement-offset-touch=\"0\" data-transparent=\"\" data-shadow=\"0\" data-touch=\"1\" data-non-touch=\"1\" data-comments=\"0\" data-commentsbg=\"transparent\" data-location=\"page\" data-mutedfg=\"#006d91\" data-endfg=\"#006d91\" data-rtl=\"\">\n<pre class=\"wp-block-preformatted has-small-font-size\">Foto - reprodu\u00e7\u00e3o\/Canal Gov<\/pre>\n<h3 class=\"wp-block-heading\">Presidente foi vaiado por manifestantes que acompanharam ato em homenagem a general na capital chilena.<\/h3>\n<p>O presidente\u00a0Luiz In\u00e1cio Lula da Silva\u00a0(PT) foi vaiado durante um ato oficial na viagem que faz ao Chile nesta segunda (5). O protesto ocorreu no momento em que depositava uma oferenda floral no monumento em homenagem ao general Bernardo O\u2019Higgins, em Santiago.<\/p>\n<p>A vaia ocorreu no momento em que Lula foi citado pelo mestre de cerim\u00f4nias para se dirigir ao monumento. Com ele estavam os ministros Mauro Vieira (Rela\u00e7\u00f5es Exteriores), N\u00edsia Trindade (Sa\u00fade), Carlos F\u00e1varo (Agricultura), entre outros, e Celso Amorim, assessor especial para assuntos internacionais.<\/p>\n<p>De acordo com as imagens transmitidas pelo canal do governo no Youtube, os ministros procuraram os manifestantes, e Lula n\u00e3o reagiu ao protesto.<\/p>\n<figure class=\"wp-block-embed is-type-rich is-provider-twitter wp-block-embed-twitter\"\/>\n<p>Lula est\u00e1 no Chile nesta segunda (5) e ter\u00e7a (6) para tratar de assuntos de interesse dos dois pa\u00edses, como com\u00e9rcio e quest\u00f5es pol\u00edticas do continente. Embora n\u00e3o esteja oficialmente na agenda, a expectativa \u00e9 de que ele e o presidente chileno, Gabriel Boric, discutam a crise na Venezuela.<\/p>\n<p>Boric j\u00e1 se posicionou claramente contra a reelei\u00e7\u00e3o de Nicol\u00e1s Maduro, enquanto que Lula adotou um tom mais diplom\u00e1tico ao, atrav\u00e9s do Itamaraty, cobrar a divulga\u00e7\u00e3o p\u00fablica e detalhada das atas de vota\u00e7\u00e3o. Os dois presidentes ter\u00e3o uma reuni\u00e3o privada ainda nesta manh\u00e3.<\/p>\n<p>A reuni\u00e3o de Lula e Gabriel Boric ocorre, ainda, um ano depois dos\u00a0dois presidentes terem tido uma rusga em declara\u00e7\u00f5es sobre a guerra da R\u00fassia contra a Ucr\u00e2nia, que o presidente brasileiro relativizou e chegou igualar a responsabilidade de pa\u00eds invadido ao invasor \u2013 e criou uma crise com o ucraniano Volodymyr Zelensky.<\/p>\n<p>\u201cHoje \u00e9 a Ucr\u00e2nia, e amanh\u00e3 pode ser qualquer um de n\u00f3s\u201d, disse Boric na \u00e9poca durante a c\u00fapula entre a Uni\u00e3o Europeia e a Comunidade de Estados Latino-Americanos e Caribenhos (Celac).<\/p>\n<p>Boric defendeu que a declara\u00e7\u00e3o final adotasse uma postura mais cr\u00edtica \u00e0 R\u00fassia. Lula, no entanto, foi contra e alegou que aquele n\u00e3o era o momento ideal.<\/p>\n<p>\u201cEu n\u00e3o tenho por que concordar com o Boric, \u00e9 uma vis\u00e3o dele. Eu acho que a reuni\u00e3o foi extraordin\u00e1ria, Possivelmente, a falta de costume de participar dessas reuni\u00f5es faz com que um jovem seja mais sequioso, mais apressado, mas as coisas acontecem assim\u201d, disse Lula na \u00e9poca.<\/p>\n<p>Gabriel Boric respondeu e disse que \u201cn\u00e3o me sinto ofendido\u00a0[com a declara\u00e7\u00e3o de Lula], me sinto tranquilo. Hoje podemos ter nuances a respeito disso, mas a posi\u00e7\u00e3o do Chile \u00e9 de princ\u00edpios e nisso acho que temos que ser categ\u00f3ricos, n\u00e3o podemos deixar margem para d\u00favidas\u201d.<\/p>\n<p><strong><a href=\"https:\/\/www.gazetadopovo.com.br\/republica\/lula-vaiado-durante-ato-oficial-chile\/\">Source link<\/a><\/strong><\/p>\n<\/div>\n<p><br \/>\n<br \/><a href=\"https:\/\/paulofigueiredoshow.com\/lula-e-vaiado-durante-ato-oficial-em-santiago-no-chile\/\">Source link <\/a><\/p>","protected":false},"excerpt":{"rendered":"<p>Foto &#8211; reprodu\u00e7\u00e3o\/Canal Gov Presidente foi vaiado por manifestantes que acompanharam ato em homenagem a general na capital chilena. O presidente\u00a0Luiz In\u00e1cio Lula da Silva\u00a0(PT) foi vaiado durante um ato&hellip;<\/p>","protected":false},"author":1,"featured_media":17434,"comment_status":"closed","ping_status":"open","sticky":false,"template":"","format":"standard","meta":{"content-type":"","footnotes":""},"categories":[16],"tags":[540,3883,7978,1587,5315,336,89,1591,7979,1378,7980],"class_list":["post-17433","post","type-post","status-publish","format-standard","has-post-thumbnail","hentry","category-noticias","tag-ato","tag-boric","tag-carlos-favaro","tag-celso-amorim","tag-chile","tag-governo","tag-lula","tag-mauro-vieira","tag-nisia-trindade","tag-pt","tag-vaias"],"_links":{"self":[{"href":"https:\/\/tvbrazilusa.com\/pt\/wp-json\/wp\/v2\/posts\/17433","targetHints":{"allow":["GET"]}}],"collection":[{"href":"https:\/\/tvbrazilusa.com\/pt\/wp-json\/wp\/v2\/posts"}],"about":[{"href":"https:\/\/tvbrazilusa.com\/pt\/wp-json\/wp\/v2\/types\/post"}],"author":[{"embeddable":true,"href":"https:\/\/tvbrazilusa.com\/pt\/wp-json\/wp\/v2\/users\/1"}],"replies":[{"embeddable":true,"href":"https:\/\/tvbrazilusa.com\/pt\/wp-json\/wp\/v2\/comments?post=17433"}],"version-history":[{"count":1,"href":"https:\/\/tvbrazilusa.com\/pt\/wp-json\/wp\/v2\/posts\/17433\/revisions"}],"predecessor-version":[{"id":17435,"href":"https:\/\/tvbrazilusa.com\/pt\/wp-json\/wp\/v2\/posts\/17433\/revisions\/17435"}],"wp:featuredmedia":[{"embeddable":true,"href":"https:\/\/tvbrazilusa.com\/pt\/wp-json\/wp\/v2\/media\/17434"}],"wp:attachment":[{"href":"https:\/\/tvbrazilusa.com\/pt\/wp-json\/wp\/v2\/media?parent=17433"}],"wp:term":[{"taxonomy":"category","embeddable":true,"href":"https:\/\/tvbrazilusa.com\/pt\/wp-json\/wp\/v2\/categories?post=17433"},{"taxonomy":"post_tag","embeddable":true,"href":"https:\/\/tvbrazilusa.com\/pt\/wp-json\/wp\/v2\/tags?post=17433"}],"curies":[{"name":"wp","href":"https:\/\/api.w.org\/{rel}","templated":true}]}}