{"id":17444,"date":"2024-08-05T17:42:29","date_gmt":"2024-08-05T17:42:29","guid":{"rendered":"https:\/\/tvbrazilusa.com\/2024\/08\/05\/boxeadora-olimpica-imane-khelif-fala-pela-primeira-vez-sobre-a-possibilidade-de-nao-ser-mulher\/"},"modified":"2024-08-05T17:48:21","modified_gmt":"2024-08-05T17:48:21","slug":"boxeadora-olimpica-imane-khelif-fala-pela-primeira-vez-sobre-a-possibilidade-de-nao-ser-mulher","status":"publish","type":"post","link":"https:\/\/tvbrazilusa.com\/pt\/2024\/08\/05\/boxeadora-olimpica-imane-khelif-fala-pela-primeira-vez-sobre-a-possibilidade-de-nao-ser-mulher\/","title":{"rendered":"Boxeadora ol\u00edmpica Imane Khelif fala pela primeira vez sobre a possibilidade de n\u00e3o ser mulher"},"content":{"rendered":"<p> <script async src=\"https:\/\/pagead2.googlesyndication.com\/pagead\/js\/adsbygoogle.js?client=ca-pub-8864793242727901\"\r\n     crossorigin=\"anonymous\"><\/script><br \/>\n<\/p>\n<div>\n<p><em>foto: reprodu\u00e7\u00e3o <\/em><\/p>\n<p>Imane Khelif, renomada boxeadora ol\u00edmpica argelina, compartilhou suas preocupa\u00e7\u00f5es sobre a hostilidade que tem enfrentado desde sua participa\u00e7\u00e3o nos Jogos Ol\u00edmpicos de Paris 2024. A atleta expressou que esse ass\u00e9dio tem afetado profundamente sua dignidade e apelou para que cessassem tais comportamentos. Em recente entrevista \u00e0 SNTV, Khelif falou abertamente sobre sua experi\u00eancia tumultuada.<\/p>\n<p>\u201cEnvio uma mensagem a todos os povos do mundo para que respeitem os princ\u00edpios ol\u00edmpicos e a carta ol\u00edmpica, para que se abstenham de assediar os atletas, porque isso tem consequ\u00eancias, consequ\u00eancias enormes\u201d, declarou Khelif em \u00e1rabe. \u201cPode destruir pessoas, pode matar os pensamentos, o esp\u00edrito e a mente das pessoas, pode dividir as pessoas, e por isso pe\u00e7o que se abstenham de assediar.\u201d<\/p>\n<h2 class=\"wp-block-heading\">Imane Khelif: Sua Trajet\u00f3ria no Boxe Ol\u00edmpico<\/h2>\n<p>No \u00e2mbito esportivo, Imane Khelif deu um show de compet\u00eancia ao vencer a pugilista h\u00fangara Anna Luca Hamori por 5-0. Com essa vit\u00f3ria, ela se classificou para as semifinais da competi\u00e7\u00e3o, garantindo uma medalha. Seu pr\u00f3ximo desafio ser\u00e1 contra a tailandesa Janjaem Suwannapheng, marcada para ter\u00e7a-feira, 6 de agosto.<\/p>\n<p>Desde a inf\u00e2ncia, Khelif demonstrou um forte compromisso com o esporte, inspirado pelo apoio de seu pai, Omar Khelif. \u201cEla foi criada como uma menina. \u00c9 uma garota forte. Eu a criei para trabalhar e ser corajosa. Desde pequena, sua paix\u00e3o sempre foi o esporte. Ela \u00e9 uma das hero\u00ednas da Arg\u00e9lia. Se Deus quiser, nos honrar\u00e1 com uma medalha de ouro e levantar\u00e1 a bandeira nacional em Paris\u201d, afirmou ele.<\/p>\n<h2 class=\"wp-block-heading\">Quais Foram os Desafios Enfrentados por Imane Khelif?<\/h2>\n<p>A trajet\u00f3ria de Imane Khelif n\u00e3o foi f\u00e1cil. Durante sua estadia em Paris, Khelif e a atleta de Taiwan, Lin Yu Ting, enfrentaram abusos online relacionados a quest\u00f5es de g\u00eanero. Esses ataques aconteceram mesmo depois de ambas terem conquistado suas primeiras medalhas ol\u00edmpicas.<\/p>\n<p>Imane, de 25 anos, reconheceu a press\u00e3o e a dor ao enfrentar tais situa\u00e7\u00f5es longe de casa. O Comit\u00ea Ol\u00edmpico Internacional (COI) expressou seu apoio \u00e0s atletas, com Thomas Bach, presidente do COI, defendendo a legitimidade das competidoras como mulheres. \u201cTemos duas boxeadoras que nasceram como mulheres, que foram criadas como mulheres, que t\u00eam passaporte de mulheres e que competiram durante muitos anos como mulheres\u201d, disse ele.<\/p>\n<h2 class=\"wp-block-heading\">Como Autoridades e Apoios Defendem Khelif?<\/h2>\n<p>O presidente da Arg\u00e9lia, Abdelmadjid Tebboune, tamb\u00e9m manifestou seu apoio a Imane Khelif ap\u00f3s sua classifica\u00e7\u00e3o para as semifinais. Em meio \u00e0 controv\u00e9rsia sobre seu g\u00eanero, Tebboune utilizou a rede social X para parabenizar a atleta, destacando seu orgulho pelo desempenho dela.<\/p>\n<ul class=\"wp-block-list\">\n<li>\u201cParab\u00e9ns pela classifica\u00e7\u00e3o, Imane Khelif, voc\u00ea honrou a Arg\u00e9lia, a mulher argelina e o boxe argelino\u201d, escreveu Tebboune.<\/li>\n<li>Desejou \u201cboa sorte e sucesso\u201d para as pr\u00f3ximas etapas da competi\u00e7\u00e3o.<\/li>\n<li>Enfatizou que \u201cestaremos ao seu lado, quaisquer que sejam seus resultados\u201d.<\/li>\n<\/ul>\n<p>\u00a0<\/p>\n<p>Khelif, por sua vez, confirmou que continuar\u00e1 focada em alcan\u00e7ar seu objetivo de vencer uma competi\u00e7\u00e3o ol\u00edmpica, n\u00e3o se deixando abalar pelas adversidades.<\/p>\n<h2 class=\"wp-block-heading\">Por Que a Hist\u00f3ria de Imane Khelif \u00e9 Importante?<\/h2>\n<p>O caso de Imane Khelif ecoou de forma significativa no cen\u00e1rio internacional, n\u00e3o apenas por suas realiza\u00e7\u00f5es esportivas, mas tamb\u00e9m pela mensagem poderosa contra o ass\u00e9dio e a discrimina\u00e7\u00e3o baseada em conceitos de identidade de g\u00eanero. Sua hist\u00f3ria serve como um exemplo de resili\u00eancia e determina\u00e7\u00e3o, inspirando n\u00e3o apenas atletas, mas tamb\u00e9m todos que lutam por reconhecimento e respeito em suas respectivas \u00e1reas.<\/p>\n<p>Em um mundo onde o esporte muitas vezes reflete as din\u00e2micas sociais e culturais vigentes, a jornada de Khelif destaca a import\u00e2ncia de defender os valores de igualdade e dignidade humana. A luta dela vai al\u00e9m do ringue e se estende para uma batalha por respeito e justi\u00e7a.<\/p>\n<\/p><\/div>\n<p><br \/>\n<br \/><a href=\"https:\/\/terrabrasilnoticias.com\/2024\/08\/boxeadora-olimpica-imane-khelif-fala-pela-primeira-vez-sobre-a-possibilidade-de-nao-ser-mulher\/\">Source link <\/a><\/p>","protected":false},"excerpt":{"rendered":"<p>foto: reprodu\u00e7\u00e3o Imane Khelif, renomada boxeadora ol\u00edmpica argelina, compartilhou suas preocupa\u00e7\u00f5es sobre a hostilidade que tem enfrentado desde sua participa\u00e7\u00e3o nos Jogos Ol\u00edmpicos de Paris 2024. A atleta expressou que&hellip;<\/p>","protected":false},"author":1,"featured_media":17445,"comment_status":"closed","ping_status":"open","sticky":false,"template":"","format":"standard","meta":{"content-type":"","footnotes":""},"categories":[16],"tags":[],"class_list":["post-17444","post","type-post","status-publish","format-standard","has-post-thumbnail","hentry","category-noticias"],"_links":{"self":[{"href":"https:\/\/tvbrazilusa.com\/pt\/wp-json\/wp\/v2\/posts\/17444","targetHints":{"allow":["GET"]}}],"collection":[{"href":"https:\/\/tvbrazilusa.com\/pt\/wp-json\/wp\/v2\/posts"}],"about":[{"href":"https:\/\/tvbrazilusa.com\/pt\/wp-json\/wp\/v2\/types\/post"}],"author":[{"embeddable":true,"href":"https:\/\/tvbrazilusa.com\/pt\/wp-json\/wp\/v2\/users\/1"}],"replies":[{"embeddable":true,"href":"https:\/\/tvbrazilusa.com\/pt\/wp-json\/wp\/v2\/comments?post=17444"}],"version-history":[{"count":1,"href":"https:\/\/tvbrazilusa.com\/pt\/wp-json\/wp\/v2\/posts\/17444\/revisions"}],"predecessor-version":[{"id":17446,"href":"https:\/\/tvbrazilusa.com\/pt\/wp-json\/wp\/v2\/posts\/17444\/revisions\/17446"}],"wp:featuredmedia":[{"embeddable":true,"href":"https:\/\/tvbrazilusa.com\/pt\/wp-json\/wp\/v2\/media\/17445"}],"wp:attachment":[{"href":"https:\/\/tvbrazilusa.com\/pt\/wp-json\/wp\/v2\/media?parent=17444"}],"wp:term":[{"taxonomy":"category","embeddable":true,"href":"https:\/\/tvbrazilusa.com\/pt\/wp-json\/wp\/v2\/categories?post=17444"},{"taxonomy":"post_tag","embeddable":true,"href":"https:\/\/tvbrazilusa.com\/pt\/wp-json\/wp\/v2\/tags?post=17444"}],"curies":[{"name":"wp","href":"https:\/\/api.w.org\/{rel}","templated":true}]}}