{"id":17480,"date":"2024-08-05T18:21:00","date_gmt":"2024-08-05T18:21:00","guid":{"rendered":"https:\/\/tvbrazilusa.com\/2024\/08\/05\/centenas-em-israel-comemoram-o-5o-aniversario-de-uma-crianca-mantida-refem-em-gaza\/"},"modified":"2024-08-05T18:58:13","modified_gmt":"2024-08-05T18:58:13","slug":"centenas-em-israel-comemoram-o-5o-aniversario-de-uma-crianca-mantida-refem-em-gaza","status":"publish","type":"post","link":"https:\/\/tvbrazilusa.com\/pt\/2024\/08\/05\/centenas-em-israel-comemoram-o-5o-aniversario-de-uma-crianca-mantida-refem-em-gaza\/","title":{"rendered":"Centenas em Israel comemoram o 5\u00ba anivers\u00e1rio de uma crian\u00e7a mantida ref\u00e9m em Gaza"},"content":{"rendered":"<script async src=\"https:\/\/pagead2.googlesyndication.com\/pagead\/js\/adsbygoogle.js?client=ca-pub-8864793242727901\"\r\n     crossorigin=\"anonymous\"><\/script>\n<div id=\"\">\n<p class=\"dist__Box-sc-1fnzlkn-0 dist__TextBase-sc-1fnzlkn-3 CGHCP htMUPQ article-text\"><strong>TEL AVIV<\/strong> \u2013 Centenas de israelenses lan\u00e7aram bal\u00f5es laranja no ar na segunda-feira para marcar o quinto anivers\u00e1rio de uma das duas crian\u00e7as mantidas em cativeiro por militantes na Faixa de Gaza.<\/p>\n<p class=\"dist__Box-sc-1fnzlkn-0 dist__TextBase-sc-1fnzlkn-3 CGHCP htMUPQ article-text\">Ariel Bibas, junto com seu irm\u00e3o de 1 ano Kfir, se tornou um s\u00edmbolo da luta para libertar os ref\u00e9ns. Os bal\u00f5es laranja s\u00e3o feitos para simbolizar o cabelo vermelho brilhante de Ariel e Kfir. <\/p>\n<p class=\"dist__Box-sc-1fnzlkn-0 dist__TextBase-sc-1fnzlkn-3 CGHCP htMUPQ article-text\">Durante <a href=\"https:\/\/apnews.com\/article\/israel-palestinians-gaza-hamas-rockets-airstrikes-tel-aviv-11fb98655c256d54ecb5329284fc37d2\">seu ataque de 7 de outubro<\/a>O Hamas matou 1.200 pessoas e levou algumas <a href=\"https:\/\/apnews.com\/article\/hostages-hamas-100-days-goldbergpolin-7d397419d6556cb1256ca7fbd54e83bb\">250 pessoas ref\u00e9ns<\/a>de acordo com autoridades israelenses. Entre os 110 ainda mantidos como ref\u00e9ns, os meninos Bibas s\u00e3o considerados filhos \u00fanicos. Autoridades israelenses dizem que mais de um ter\u00e7o dos ref\u00e9ns restantes n\u00e3o est\u00e3o mais vivos, embora Israel n\u00e3o considere os meninos Bibas como parte dessa contagem. <\/p>\n<p class=\"dist__Box-sc-1fnzlkn-0 dist__TextBase-sc-1fnzlkn-3 CGHCP htMUPQ article-text\">Os parentes de Ariel Bibas disseram que ficaram surpresos por comemorar o anivers\u00e1rio enquanto Ariel ainda estava em cativeiro, 304 dias ap\u00f3s seu sequestro.<\/p>\n<p class=\"dist__Box-sc-1fnzlkn-0 dist__TextBase-sc-1fnzlkn-3 CGHCP htMUPQ article-text\">\u201c\u00c9 inacredit\u00e1vel. \u00c9 algo que nunca imaginamos, que Ariel far\u00e1 cinco anos como ref\u00e9m\u201d, disse Tomer Keshet, primo do pai de Ariel, Yarden.<\/p>\n<p class=\"dist__Box-sc-1fnzlkn-0 dist__TextBase-sc-1fnzlkn-3 CGHCP htMUPQ article-text\">Ariel, Kfir e os pais Shiri e Yarden Bibas foram sequestrados do Kibutz Nir Oz em 7 de outubro. O v\u00eddeo do sequestro, com Shiri enrolando seus dois filhos ruivos em um cobertor e sendo levada embora por homens armados, circulou pelo mundo nas horas seguintes ao ataque.<\/p>\n<p class=\"dist__Box-sc-1fnzlkn-0 dist__TextBase-sc-1fnzlkn-3 CGHCP htMUPQ article-text\">Em janeiro, os familiares marcaram o que apelidaram de \u201c <a href=\"https:\/\/apnews.com\/article\/israel-hamas-hostages-gaza-kfir-bibas-birthday-490c428ef168655c9028dd612a15a35a\">o anivers\u00e1rio mais triste do mundo<\/a> \u201d quando Kfir fez 1 ano de idade. Keshet disse que acreditava que havia grandes diferen\u00e7as entre como Kfir e Ariel estavam vivenciando seu tempo em cativeiro.<\/p>\n<p class=\"dist__Box-sc-1fnzlkn-0 dist__TextBase-sc-1fnzlkn-3 CGHCP htMUPQ article-text\">\u201cA diferen\u00e7a entre uma crian\u00e7a e um beb\u00ea \u00e9 que uma crian\u00e7a entende, uma crian\u00e7a sabe que a situa\u00e7\u00e3o \u00e9 terr\u00edvel, uma crian\u00e7a sabe o que \u00e9 um anivers\u00e1rio\u201d, disse ele. <\/p>\n<p class=\"dist__Box-sc-1fnzlkn-0 dist__TextBase-sc-1fnzlkn-3 CGHCP htMUPQ article-text\">Na segunda-feira, centenas de apoiadores se reuniram em Tel Aviv para marchar com fotos de Ariel usando fantasias de Batman. Ele amava todos os super-her\u00f3is, e Batman especialmente, disse o parente Jimmy Miller, que usou uma camisa com o Batman em homenagem a Ariel. Ele mostrou uma foto de um Ariel radiante em sua creche antes de seu sequestro, com uma foto que ele desenhou do s\u00edmbolo do Batman.<\/p>\n<p class=\"dist__Box-sc-1fnzlkn-0 dist__TextBase-sc-1fnzlkn-3 CGHCP htMUPQ article-text\">\u201cEm vez de assistir Ariel correndo pelos campos com sua capa do Batman e comemorando com seus amigos na creche\u201d, disse Miller, \u201cele provavelmente est\u00e1 em algum t\u00fanel do Hamas cercado por inimigos que gritam com ele se ele levantar a voz\u201d.<\/p>\n<p class=\"dist__Box-sc-1fnzlkn-0 dist__TextBase-sc-1fnzlkn-3 CGHCP htMUPQ article-text\">Kfir e Ariel Bibas estavam entre os mais jovens <a href=\"https:\/\/apnews.com\/article\/children-hostages-israel-palestinians-gaza-orphan-c8e9f6dd703a9c14161eeb6ca9e25417\">cerca de 30 crian\u00e7as<\/a> feito ref\u00e9m em 7 de outubro. Sob <a href=\"https:\/\/apnews.com\/article\/israel-hamas-war-news-11-28-2023-a909a0a0c9c76ce80d1ff3e94bbe2ec4\">um cessar-fogo tempor\u00e1rio de uma semana<\/a> em novembro, o Hamas libertou 105 ref\u00e9ns \u2014 incluindo estrangeiros, mulheres, crian\u00e7as e adolescentes \u2014 mas Shiri Bibas e seus filhos n\u00e3o estavam entre eles. Yarden Bibas, que foi levado cativo separadamente, aparece nas fotos como tendo sido ferido durante o sequestro.<\/p>\n<p class=\"dist__Box-sc-1fnzlkn-0 dist__TextBase-sc-1fnzlkn-3 CGHCP htMUPQ article-text\">Desde que o ataque do Hamas desencadeou a guerra, mais de 39.000 palestinos foram mortos, de acordo com a <a href=\"https:\/\/apnews.com\/article\/israel-hamas-war-gaza-health-ministry-health-death-toll-59470820308b31f1faf73c703400b033\">Minist\u00e9rio da Sa\u00fade em Gaza governada pelo Hamas<\/a>. A grande maioria da popula\u00e7\u00e3o foi deslocada v\u00e1rias vezes e enfrenta uma grave escassez de alimentos, bem como <a href=\"https:\/\/apnews.com\/article\/israel-hamas-war-gaza-dirt-sanitation-sewage-garbage-d96fbbbc37e7a73acfd0aa47978394c7\">p\u00e9ssimas condi\u00e7\u00f5es de saneamento. <\/a><\/p>\n<p class=\"dist__Box-sc-1fnzlkn-0 dist__TextBase-sc-1fnzlkn-3 CGHCP htMUPQ article-text\">Desde o ataque, o laranja passou a representar a fam\u00edlia Bibas em Israel. Centenas de pessoas usaram laranja em sua homenagem na segunda-feira, e sua av\u00f3 Pnina Bibas falou sobre como durante o cativeiro de Ariel, as frutas laranja que ele amava, n\u00easperas e kumquats, come\u00e7aram e terminaram suas esta\u00e7\u00f5es enquanto ele estava preso.<\/p>\n<p class=\"dist__Box-sc-1fnzlkn-0 dist__TextBase-sc-1fnzlkn-3 CGHCP htMUPQ article-text\">\u201cA \u00e1rvore kumquat que voc\u00ea tanto ama floresceu novamente, seus galhos cheios de pequenas frutas laranjas&#8221;, ela disse no evento de anivers\u00e1rio. &#8220;A \u00e1rvore nespereira perto de sua casa tamb\u00e9m deu frutos, laranjas, e eu posso imaginar voc\u00ea correndo para sua m\u00e3e, t\u00e3o orgulhosa do que voc\u00ea colheu.\u201d<\/p>\n<\/div>\n<p>Copyright 2024 The Associated Press. Todos os direitos reservados. Este material n\u00e3o pode ser publicado, transmitido, reescrito ou redistribu\u00eddo sem permiss\u00e3o.<\/p>\n<p><br \/>\n<br \/><a href=\"https:\/\/www.clickorlando.com\/news\/world\/2024\/08\/05\/hundreds-in-israel-mark-the-5th-birthday-of-a-child-held-hostage-in-gaza\/\">Source link <\/a><\/p>","protected":false},"excerpt":{"rendered":"<p>TEL AVIV \u2013 Centenas de israelenses lan\u00e7aram bal\u00f5es laranja no ar na segunda-feira para marcar o quinto anivers\u00e1rio de uma das duas crian\u00e7as mantidas em cativeiro por militantes na Faixa&hellip;<\/p>","protected":false},"author":1,"featured_media":17481,"comment_status":"closed","ping_status":"open","sticky":false,"template":"","format":"standard","meta":{"content-type":"","footnotes":""},"categories":[1],"tags":[7994,1419],"class_list":["post-17480","post","type-post","status-publish","format-standard","has-post-thumbnail","hentry","category-uncategorized","tag-jimmy-miller","tag-noticias-do-mundo"],"_links":{"self":[{"href":"https:\/\/tvbrazilusa.com\/pt\/wp-json\/wp\/v2\/posts\/17480","targetHints":{"allow":["GET"]}}],"collection":[{"href":"https:\/\/tvbrazilusa.com\/pt\/wp-json\/wp\/v2\/posts"}],"about":[{"href":"https:\/\/tvbrazilusa.com\/pt\/wp-json\/wp\/v2\/types\/post"}],"author":[{"embeddable":true,"href":"https:\/\/tvbrazilusa.com\/pt\/wp-json\/wp\/v2\/users\/1"}],"replies":[{"embeddable":true,"href":"https:\/\/tvbrazilusa.com\/pt\/wp-json\/wp\/v2\/comments?post=17480"}],"version-history":[{"count":1,"href":"https:\/\/tvbrazilusa.com\/pt\/wp-json\/wp\/v2\/posts\/17480\/revisions"}],"predecessor-version":[{"id":17482,"href":"https:\/\/tvbrazilusa.com\/pt\/wp-json\/wp\/v2\/posts\/17480\/revisions\/17482"}],"wp:featuredmedia":[{"embeddable":true,"href":"https:\/\/tvbrazilusa.com\/pt\/wp-json\/wp\/v2\/media\/17481"}],"wp:attachment":[{"href":"https:\/\/tvbrazilusa.com\/pt\/wp-json\/wp\/v2\/media?parent=17480"}],"wp:term":[{"taxonomy":"category","embeddable":true,"href":"https:\/\/tvbrazilusa.com\/pt\/wp-json\/wp\/v2\/categories?post=17480"},{"taxonomy":"post_tag","embeddable":true,"href":"https:\/\/tvbrazilusa.com\/pt\/wp-json\/wp\/v2\/tags?post=17480"}],"curies":[{"name":"wp","href":"https:\/\/api.w.org\/{rel}","templated":true}]}}