{"id":17489,"date":"2024-08-05T19:06:38","date_gmt":"2024-08-05T19:06:38","guid":{"rendered":"https:\/\/tvbrazilusa.com\/2024\/08\/05\/gato-agressivo-mantem-familia-refem-e-forca-todos-a-se-esconderem-em-casa\/"},"modified":"2024-08-05T19:11:41","modified_gmt":"2024-08-05T19:11:41","slug":"gato-agressivo-mantem-familia-refem-e-forca-todos-a-se-esconderem-em-casa","status":"publish","type":"post","link":"https:\/\/tvbrazilusa.com\/pt\/2024\/08\/05\/gato-agressivo-mantem-familia-refem-e-forca-todos-a-se-esconderem-em-casa\/","title":{"rendered":"Gato agressivo mant\u00e9m fam\u00edlia ref\u00e9m e for\u00e7a todos a se esconderem em casa"},"content":{"rendered":"<p> <script async src=\"https:\/\/pagead2.googlesyndication.com\/pagead\/js\/adsbygoogle.js?client=ca-pub-8864793242727901\"\r\n     crossorigin=\"anonymous\"><\/script><br \/>\n<\/p>\n<div>\n<p><em>Cr\u00e9dito: Unsplash<\/em><\/p>\n<p>Um epis\u00f3dio inusitado tem tirado o sono da fam\u00edlia de Luciana Nascimento, de 49 anos, na cidade de S\u00e3o Vicente (SP). Seu gato, batizado de Thor, passou a apresentar comportamentos agressivos que culminaram em ataques severos \u00e0 pr\u00f3pria tutora e \u00e0s suas filhas. A hist\u00f3ria veio a p\u00fablico recentemente e chamou a aten\u00e7\u00e3o devido \u00e0 gravidade das agress\u00f5es e ao terror vivenciado pela fam\u00edlia.<\/p>\n<p>Thor foi adotado quando tinha apenas dez dias de vida, mas desde o primeiro ano de conviv\u00eancia, come\u00e7ou a mostrar sinais de agressividade. O \u00faltimo evento ocorreu na resid\u00eancia da fam\u00edlia, que agora vive uma situa\u00e7\u00e3o de ref\u00e9m dentro de sua pr\u00f3pria casa.<\/p>\n<h2 class=\"wp-block-heading\">O que desencadeou a agressividade do gato Thor?<\/h2>\n<p>A origem do comportamento agressivo de Thor \u00e9 um mist\u00e9rio. O primeiro ataque registrado aconteceu durante a Copa do Mundo de 2018. A fam\u00edlia suspeita que o barulho alto dos jogos possa ter desencadeado a rea\u00e7\u00e3o do felino, que at\u00e9 ent\u00e3o n\u00e3o havia mostrado sinais de agressividade.<\/p>\n<p>Ap\u00f3s o evento, os ataques se tornaram frequentes, atingindo at\u00e9 faxineiras que usavam produtos de limpeza como cloro. Mesmo com a interrup\u00e7\u00e3o do uso desses produtos, as agress\u00f5es continuaram sem motivo aparente.<\/p>\n<h2 class=\"wp-block-heading\">Como a fam\u00edlia est\u00e1 lidando com a situa\u00e7\u00e3o?<\/h2>\n<p>Para tentar solucionar o problema, Luciana adotou uma gata chamada Nina, com a esperan\u00e7a de que a presen\u00e7a de outro felino pudesse acalmar Thor. No entanto, a tentativa falhou, pois Thor tamb\u00e9m atacou Nina, necessitando assim de separa\u00e7\u00e3o. Luciana agora mant\u00e9m Thor trancado em um c\u00f4modo espec\u00edfico da casa.<\/p>\n<h3 class=\"wp-block-heading\">Medidas de seguran\u00e7a adotadas<\/h3>\n<ul class=\"wp-block-list\">\n<li>Thor est\u00e1 confinado na \u00e1rea de servi\u00e7o da casa.<\/li>\n<li>Recebe comida e \u00e1gua pela janela.<\/li>\n<li>Caixas de areia s\u00e3o colocadas no local para suas necessidades.<\/li>\n<\/ul>\n<p>\u00a0<\/p>\n<h2 class=\"wp-block-heading\">Quais tratamentos foram tentados para Thor?<\/h2>\n<p>Em busca de uma solu\u00e7\u00e3o para o comportamento de Thor, a fam\u00edlia buscou ajuda veterin\u00e1ria. Os m\u00e9dicos sugeriram procedimentos variados, desde terapias alternativas como Reiki at\u00e9 a possibilidade de eutan\u00e1sia. Por\u00e9m, Luciana, que est\u00e1 emocionalmente abalada, n\u00e3o consegue se desfazer de Thor ap\u00f3s sete anos de conviv\u00eancia, mesmo com os ataques di\u00e1rios.<\/p>\n<p>Luciana compartilhou sua ang\u00fastia: \u201cNosso conv\u00edvio \u00e9 de sete anos. Estou totalmente abalada f\u00edsica e emocionalmente. Nunca encostamos um dedo nele que n\u00e3o seja para carinho\u201d.<\/p>\n<h3 class=\"wp-block-heading\">Poss\u00edveis causas e tratamentos<\/h3>\n<p>Diversas hip\u00f3teses foram levantadas para entender a origem do comportamento agressivo de Thor, entre elas, traumas ou problemas neurol\u00f3gicos. Alguns tratamentos sugeridos pela equipe veterin\u00e1ria incluem:<\/p>\n<ol class=\"wp-block-list\">\n<li>Mudan\u00e7a de ambiente.<\/li>\n<li>Tratamento de Reiki.<\/li>\n<li>Consultas com especialistas em comportamento animal.<\/li>\n<\/ol>\n<p>\u00a0<\/p>\n<h2 class=\"wp-block-heading\">O que fazer em casos semelhantes?<\/h2>\n<p>Se voc\u00ea tem um animal de estima\u00e7\u00e3o que apresenta comportamento agressivo, aqui est\u00e3o algumas dicas pr\u00e1ticas:<\/p>\n<ul class=\"wp-block-list\">\n<li>Procure orienta\u00e7\u00e3o de um veterin\u00e1rio.<\/li>\n<li>Avalie a possibilidade de mudan\u00e7as no ambiente\u00a0<\/li>\n<li>Considere terapias alternativas, mas com cautela.<\/li>\n<li>Mantenha a seguran\u00e7a da fam\u00edlia em primeiro lugar.<\/li>\n<\/ul>\n<p>\u00a0<\/p>\n<p>\u00c9 fundamental agir prontamente em situa\u00e7\u00f5es como essa para garantir a seguran\u00e7a e o bem-estar dos envolvidos, inclusive do animal. A hist\u00f3ria de Luciana e Thor \u00e9 um alerta sobre a complexidade do comportamento animal e a import\u00e2ncia de buscar ajuda especializada.<\/p>\n<\/p><\/div>\n<p><br \/>\n<br \/><a href=\"https:\/\/terrabrasilnoticias.com\/2024\/08\/gato-agressivo-mantem-familia-refem-e-forca-todos-a-se-esconderem-em-casa\/\">Source link <\/a><\/p>","protected":false},"excerpt":{"rendered":"<p>Cr\u00e9dito: Unsplash Um epis\u00f3dio inusitado tem tirado o sono da fam\u00edlia de Luciana Nascimento, de 49 anos, na cidade de S\u00e3o Vicente (SP). Seu gato, batizado de Thor, passou a&hellip;<\/p>","protected":false},"author":1,"featured_media":17490,"comment_status":"closed","ping_status":"open","sticky":false,"template":"","format":"standard","meta":{"content-type":"","footnotes":""},"categories":[16],"tags":[],"class_list":["post-17489","post","type-post","status-publish","format-standard","has-post-thumbnail","hentry","category-noticias"],"_links":{"self":[{"href":"https:\/\/tvbrazilusa.com\/pt\/wp-json\/wp\/v2\/posts\/17489","targetHints":{"allow":["GET"]}}],"collection":[{"href":"https:\/\/tvbrazilusa.com\/pt\/wp-json\/wp\/v2\/posts"}],"about":[{"href":"https:\/\/tvbrazilusa.com\/pt\/wp-json\/wp\/v2\/types\/post"}],"author":[{"embeddable":true,"href":"https:\/\/tvbrazilusa.com\/pt\/wp-json\/wp\/v2\/users\/1"}],"replies":[{"embeddable":true,"href":"https:\/\/tvbrazilusa.com\/pt\/wp-json\/wp\/v2\/comments?post=17489"}],"version-history":[{"count":1,"href":"https:\/\/tvbrazilusa.com\/pt\/wp-json\/wp\/v2\/posts\/17489\/revisions"}],"predecessor-version":[{"id":17491,"href":"https:\/\/tvbrazilusa.com\/pt\/wp-json\/wp\/v2\/posts\/17489\/revisions\/17491"}],"wp:featuredmedia":[{"embeddable":true,"href":"https:\/\/tvbrazilusa.com\/pt\/wp-json\/wp\/v2\/media\/17490"}],"wp:attachment":[{"href":"https:\/\/tvbrazilusa.com\/pt\/wp-json\/wp\/v2\/media?parent=17489"}],"wp:term":[{"taxonomy":"category","embeddable":true,"href":"https:\/\/tvbrazilusa.com\/pt\/wp-json\/wp\/v2\/categories?post=17489"},{"taxonomy":"post_tag","embeddable":true,"href":"https:\/\/tvbrazilusa.com\/pt\/wp-json\/wp\/v2\/tags?post=17489"}],"curies":[{"name":"wp","href":"https:\/\/api.w.org\/{rel}","templated":true}]}}