{"id":17566,"date":"2024-08-05T20:58:26","date_gmt":"2024-08-05T20:58:26","guid":{"rendered":"https:\/\/tvbrazilusa.com\/2024\/08\/05\/imagens-de-camera-corporal-mostram-policiais-falando-com-instrutor-de-carate-acusado-de-molestar-aluno-de-9-anos-wsvn-7news-noticias-de-miami-clima-esportes-fort-lauderdale\/"},"modified":"2024-08-05T21:01:59","modified_gmt":"2024-08-05T21:01:59","slug":"imagens-de-camera-corporal-mostram-policiais-falando-com-instrutor-de-carate-acusado-de-molestar-aluno-de-9-anos-wsvn-7news-noticias-de-miami-clima-esportes-fort-lauderdale","status":"publish","type":"post","link":"https:\/\/tvbrazilusa.com\/pt\/2024\/08\/05\/imagens-de-camera-corporal-mostram-policiais-falando-com-instrutor-de-carate-acusado-de-molestar-aluno-de-9-anos-wsvn-7news-noticias-de-miami-clima-esportes-fort-lauderdale\/","title":{"rendered":"Imagens de c\u00e2mera corporal mostram policiais falando com instrutor de carat\u00ea acusado de molestar aluno de 9 anos &#8211; WSVN 7News | Not\u00edcias de Miami, Clima, Esportes | Fort Lauderdale"},"content":{"rendered":"<p> <script async src=\"https:\/\/pagead2.googlesyndication.com\/pagead\/js\/adsbygoogle.js?client=ca-pub-8864793242727901\"\r\n     crossorigin=\"anonymous\"><\/script><br \/>\n<\/p>\n<div itemprop=\"articleBody\">\n<p>SUDOESTE DE MIAMI-DADE, FL\u00d3RIDA (WSVN) &#8211; Imagens de c\u00e2meras corporais rec\u00e9m-divulgadas capturaram os momentos em que uma m\u00e3e pediu ajuda depois que, segundo ela, um instrutor de carat\u00ea foi inapropriado com sua filha.<\/p>\n<p>A m\u00e3e chamou a pol\u00edcia na noite de 29 de setembro de 2023, ap\u00f3s o <a href=\"https:\/\/wsvn.com\/news\/local\/miami-dade\/south-florida-karate-teacher-accused-of-molesting-9-year-old-student\/\" data-type=\"link\" data-id=\"https:\/\/wsvn.com\/news\/local\/miami-dade\/south-florida-karate-teacher-accused-of-molesting-9-year-old-student\/\">Professor de carat\u00ea foi acusado de atrair sua filha de 9 anos para um arm\u00e1rio e colocar a m\u00e3o dela dentro das cal\u00e7as dele.<\/a><\/p>\n<p>\u201cOl\u00e1, boa noite\u201d, disse a m\u00e3e falando espanhol. \u201cEstou na aula de carat\u00ea da minha filha. Minha filha acabou de me dizer que o instrutor de carat\u00ea dela a tocou e a fez tocar nos genitais dele.\u201d<\/p>\n<p>Mais tarde naquela noite, a pol\u00edcia chegou ao Showakai Karate-Do USA, localizado na Southwest 88th Street e 137th Avenue.<\/p>\n<p>Imagens da c\u00e2mera corporal mostraram policiais conversando com o instrutor, Darwin Rojas, de 58 anos.<\/p>\n<p>\u201cE voc\u00ea entrou aqui?\u201d, disse um policial.<\/p>\n<p>\u201cSim\u201d, disse Rojas, enquanto mostrava aos policiais o arm\u00e1rio em quest\u00e3o.<\/p>\n<p>\u201cE a menina entrou aqui tamb\u00e9m?\u201d disse o policial.<\/p>\n<p>\u201cN\u00e3o, ela nunca entrou, ela ficou bem ali\u201d, disse Rojas.<\/p>\n<p>Rojas disse \u00e0 pol\u00edcia que a crian\u00e7a nunca entrou no arm\u00e1rio e negou as acusa\u00e7\u00f5es contra ele.<\/p>\n<p>A esposa de Rojas tamb\u00e9m o defendeu.<\/p>\n<p>\u201c\u00c9 a primeira vez que algo assim acontece\u201d, ela disse. \u201cPara uma garota vir e acus\u00e1-lo, eu n\u00e3o entendo o porqu\u00ea.\u201d<\/p>\n<p>Rojas foi ent\u00e3o levado para interrogat\u00f3rio e acabou liberado.<\/p>\n<p>Poucos dias depois, ap\u00f3s a pol\u00edcia entrevistar a v\u00edtima, Rojas foi preso e acusado de abuso sexual obsceno e lascivo por uma pessoa com 18 anos ou mais de uma crian\u00e7a menor de 12 anos.<\/p>\n<p>\u201cMeu cliente \u00e9 firme em sua inoc\u00eancia\u201d, disse Rick Hermida, advogado de Rojas.<\/p>\n<p>Na semana passada, Rojas compareceu ao tribunal, onde um juiz deu permiss\u00e3o ao seu advogado para entrevistar a menina de 9 anos.<\/p>\n<p>\u201cQueremos poder testar o que a v\u00edtima disse na data do suposto incidente com o que ela est\u00e1 dizendo agora\u201d, disse Hermida. \u201cTem sido minha experi\u00eancia que o testemunho tende a mudar quando voc\u00ea est\u00e1 sob um pouco de press\u00e3o.\u201d<\/p>\n<p>Depois que a crian\u00e7a \u00e9 entrevistada pela defesa, um acordo judicial n\u00e3o \u00e9 mais poss\u00edvel.<\/p>\n<p>Se o estado puder provar que ele cometeu o crime, Rojas poder\u00e1 pegar uma pena m\u00ednima obrigat\u00f3ria de 25 anos de pris\u00e3o.<\/p>\n<p>\u201c\u00c9 um fardo do estado e n\u00f3s vamos responsabiliz\u00e1-los por esse fardo\u201d, disse Hermida. \u201cN\u00e3o \u00e9 preocupante para um homem inocente, n\u00e3o \u00e9.\u201d<\/p>\n<p>A escola de carat\u00ea foi fechada desde ent\u00e3o.<\/p>\n<p>Rojas est\u00e1 preso desde sua pris\u00e3o ap\u00f3s ter sua fian\u00e7a negada.<\/p>\n<p>Seu julgamento est\u00e1 marcado para 4 de novembro.<\/p>\n<p><em>Copyright 2024 Sunbeam Television Corp. Todos os direitos reservados. Este material n\u00e3o pode ser publicado, transmitido, reescrito ou redistribu\u00eddo.<\/em><\/p>\n<div class=\"wp-block-newsletter\">\n\t<strong class=\"wp-block-newsletter__title\">Inscreva-se em nossa Newsletter para receber as \u00faltimas not\u00edcias diretamente na sua caixa de entrada<\/strong><\/p>\n<\/div><\/div>\n<p><br \/>\n<br \/><a href=\"https:\/\/wsvn.com\/news\/local\/miami-dade\/bodycam-footage-shows-officers-speaking-to-karate-instructor-accused-of-molesting-9-year-old-student\/\">Source link <\/a><\/p>","protected":false},"excerpt":{"rendered":"<p>SUDOESTE DE MIAMI-DADE, FL\u00d3RIDA (WSVN) &#8211; Imagens de c\u00e2meras corporais rec\u00e9m-divulgadas capturaram os momentos em que uma m\u00e3e pediu ajuda depois que, segundo ela, um instrutor de carat\u00ea foi inapropriado&hellip;<\/p>","protected":false},"author":1,"featured_media":17567,"comment_status":"closed","ping_status":"open","sticky":false,"template":"","format":"standard","meta":{"content-type":"","footnotes":""},"categories":[1],"tags":[],"class_list":["post-17566","post","type-post","status-publish","format-standard","has-post-thumbnail","hentry","category-uncategorized"],"_links":{"self":[{"href":"https:\/\/tvbrazilusa.com\/pt\/wp-json\/wp\/v2\/posts\/17566","targetHints":{"allow":["GET"]}}],"collection":[{"href":"https:\/\/tvbrazilusa.com\/pt\/wp-json\/wp\/v2\/posts"}],"about":[{"href":"https:\/\/tvbrazilusa.com\/pt\/wp-json\/wp\/v2\/types\/post"}],"author":[{"embeddable":true,"href":"https:\/\/tvbrazilusa.com\/pt\/wp-json\/wp\/v2\/users\/1"}],"replies":[{"embeddable":true,"href":"https:\/\/tvbrazilusa.com\/pt\/wp-json\/wp\/v2\/comments?post=17566"}],"version-history":[{"count":1,"href":"https:\/\/tvbrazilusa.com\/pt\/wp-json\/wp\/v2\/posts\/17566\/revisions"}],"predecessor-version":[{"id":17568,"href":"https:\/\/tvbrazilusa.com\/pt\/wp-json\/wp\/v2\/posts\/17566\/revisions\/17568"}],"wp:featuredmedia":[{"embeddable":true,"href":"https:\/\/tvbrazilusa.com\/pt\/wp-json\/wp\/v2\/media\/17567"}],"wp:attachment":[{"href":"https:\/\/tvbrazilusa.com\/pt\/wp-json\/wp\/v2\/media?parent=17566"}],"wp:term":[{"taxonomy":"category","embeddable":true,"href":"https:\/\/tvbrazilusa.com\/pt\/wp-json\/wp\/v2\/categories?post=17566"},{"taxonomy":"post_tag","embeddable":true,"href":"https:\/\/tvbrazilusa.com\/pt\/wp-json\/wp\/v2\/tags?post=17566"}],"curies":[{"name":"wp","href":"https:\/\/api.w.org\/{rel}","templated":true}]}}