{"id":17583,"date":"2024-08-05T21:09:59","date_gmt":"2024-08-05T21:09:59","guid":{"rendered":"https:\/\/tvbrazilusa.com\/2024\/08\/05\/leitores-como-os-atrasos-de-voos-afetaram-voces-neste-verao\/"},"modified":"2024-08-05T21:20:09","modified_gmt":"2024-08-05T21:20:09","slug":"leitores-como-os-atrasos-de-voos-afetaram-voces-neste-verao","status":"publish","type":"post","link":"https:\/\/tvbrazilusa.com\/pt\/2024\/08\/05\/leitores-como-os-atrasos-de-voos-afetaram-voces-neste-verao\/","title":{"rendered":"Leitores: Como os atrasos de voos afetaram voc\u00eas neste ver\u00e3o?"},"content":{"rendered":"<p> <script async src=\"https:\/\/pagead2.googlesyndication.com\/pagead\/js\/adsbygoogle.js?client=ca-pub-8864793242727901\"\r\n     crossorigin=\"anonymous\"><\/script><br \/>\n<\/p>\n<div id=\"\">\n<header class=\"m-article-header m-article-header--standard\">\n\t\t\t\t\t\t\t\t\t\t\t\t<span id=\"article-header-primary-term\"><br \/>\n\t\t\t\t\t\t\t\t<a class=\"a-term a-term--primary\" href=\"https:\/\/www.boston.com\/tag\/tell-us\/\"><\/p>\n<p>\t\t\t\t\t\t\t\tNos digam\t\t\t\t\t\t\t\t<\/a><br \/>\n\t\t\t\t\t\t\t<\/span><\/p>\n<h2 class=\"m-article-header__sub-headline\">De uma queda de software a condi\u00e7\u00f5es clim\u00e1ticas severas, a viagem tem sido perturbadora para alguns que passam pelo aeroporto Logan.<\/h2>\n<figure class=\"a-photo m-article-header__photo\"><figcaption class=\"a-photo__caption\">\n<p>\tMarie Orcel, de Malden, que ficou presa em Miami, estava procurando sua outra mala na \u00e1rea de retirada de bagagem do Aeroporto Logan devido \u00e0 interrup\u00e7\u00e3o das criptomoedas. <em>David L. Ryan\/Equipe Globe<\/em><em>  David L. Ryan\/Equipe Globe<\/em>\t<\/figcaption><\/figure>\n<\/header>\n<p>As viagens a\u00e9reas pelos EUA t\u00eam sido imprevis\u00edveis e frustrantes nas \u00faltimas semanas. <\/p>\n<p>O clima severo causado pelo furac\u00e3o Debby causou <a href=\"https:\/\/www.boston.com\/travel\/flights\/2024\/08\/05\/logan-airport-flights-delayed-cancelled\/\">atrasos e cancelamentos significativos<\/a> no Aeroporto Internacional Boston Logan. Boston Logan acabou sendo a plataforma de pouso para muitos <a href=\"https:\/\/www.nbcboston.com\/news\/local\/dozens-of-flights-diverted-to-logan-airport-leaving-passengers-stranded\/3448996\/\">25 voos internacionais<\/a> e outros que partiam de Nova York, Nova Jersey e Washington DC e foram for\u00e7ados a aterrar no domingo.<\/p>\n<p>Alguns passageiros disseram \u00e0 NBC Boston que ficaram presos em avi\u00f5es por at\u00e9 seis horas, enquanto outros tiveram que dormir no aeroporto devido aos hot\u00e9is lotados.<\/p>\n<p>Furac\u00e3o Debby <a href=\"https:\/\/www.bostonglobe.com\/2024\/08\/05\/nation\/hurricane-debby-bring-heavy-rains-catastropic-flooding-florida-georgia-south-carolina\/\">chegou \u00e0 terra na segunda-feira de manh\u00e3<\/a> na Fl\u00f3rida como uma tempestade de categoria 1. Boston espera experimentar resqu\u00edcios do furac\u00e3o com <a href=\"https:\/\/weather.com\/weather\/tenday\/l\/6f03ddf87585ae5600e3dee28e519d788ddeb749efefa3f236796ef7167fc411\">pancadas de chuva<\/a> durante o resto da semana. V\u00e1rios voos est\u00e3o <a href=\"https:\/\/www.flightaware.com\/live\/cancelled\/today\">atrasado ou cancelado em Boston Logan<\/a>. <\/p>\n<p>O Boston Logan emitiu um alerta meteorol\u00f3gico na manh\u00e3 de segunda-feira via X, pedindo aos passageiros das companhias a\u00e9reas que verifiquem o status de seus voos, j\u00e1 que os planos de viagem continuam incertos enquanto o furac\u00e3o Debby segue seu curso.<\/p>\n<figure class=\"wp-block-embed aligncenter is-type-rich is-provider-twitter wp-block-embed-twitter\">\n<div class=\"wp-block-embed__wrapper\">\n<blockquote class=\"twitter-tweet\" data-width=\"500\" data-dnt=\"true\">\n<p lang=\"en\" dir=\"ltr\">Devido ao furac\u00e3o Debby, voos de e para o sudeste dos EUA podem ser impactados nos pr\u00f3ximos dias. Se estiver planejando viajar para esta regi\u00e3o, consulte sua companhia a\u00e9rea. <a href=\"https:\/\/t.co\/KSkCPn6Hny\">foto.twitter.com\/KSkCPn6Hny<\/a><\/p>\n<p>\u2014 Aeroporto Internacional Boston Logan (@BostonLogan) <a href=\"https:\/\/twitter.com\/BostonLogan\/status\/1820440897407881576?ref_src=twsrc%5Etfw\">5 de agosto de 2024<\/a><\/p><\/blockquote>\n<\/div>\n<\/figure>\n<p><strong>N\u00f3s queremos saber:<\/strong> Seus planos de viagem foram impactados recentemente neste ver\u00e3o? Se n\u00e3o fosse o clima severo, outros podem ter sofrido interrup\u00e7\u00f5es de voos causadas pelo 19 de julho <a href=\"https:\/\/www.bostonglobe.com\/2024\/07\/19\/business\/crowdstrike-microsoft-outage-software-technology-boston\/\">Falha do software CrowdStrike<\/a>. Como foi sua experi\u00eancia? Voc\u00ea tem dicas para compartilhar sobre como gerenciar melhor o atraso ou cancelamento? <\/p>\n<p>Preencha a pesquisa abaixo ou envie um e-mail para <a href=\"http:\/\/www.boston.com\/cdn-cgi\/l\/email-protection#a6c5c9cbcbd3c8cfd2dfe6c4c9d5d2c9c888c5c9cb99d5d3c4ccc3c5d29be7cfd4cacfc8c3839496d2d4c7d0c3ca\" target=\"_blank\" rel=\"noreferrer noopener\"><span class=\"__cf_email__\" data-cfemail=\"14777b7979617a7d606d54767b67607b7a3a777b79\">[email\u00a0protected]<\/span><\/a>e sua resposta pode aparecer em um pr\u00f3ximo artigo do Boston.com.<\/p>\n<div class=\"gf_browser_chrome gform_wrapper m-gforms-poll-block gravity-theme gpoll_enabled_wrapper gpoll_show_results_link_wrapper gpoll_wrapper\" data-overline=\"Readers weigh in\" data-overline-confirmation=\"Poll results\" id=\"gform_wrapper m-gforms-poll-block_3877\">\n<p><h2 class=\"gform_title\">Voc\u00ea passou por um atraso\/cancelamento de voo recentemente? Compartilhe conosco.<\/h2>\n<p>                            <span class=\"gform_description\"\/>\n                        <\/p>\n<\/p><\/div>\n<div class=\"m-block m-generic-cta\t m-generic-cta--post-content\t m-generic-cta--dark\t m-generic-cta--homepage\t m-generic-cta--email-signup\t\t m-generic-cta-block-style--default \tt-amp__generic-cta\"><\/p>\n<div class=\"m-generic-cta__wrap\">\n<div class=\"m-generic-cta__content\">\n<h3 class=\"m-generic-cta__title\">Inscri\u00e7\u00e3o no boletim informativo<\/h3>\n<p class=\"m-generic-cta__subtitle\">Fique por dentro das \u00faltimas not\u00edcias do Boston.com<\/p>\n<\/p><\/div>\n<\/p><\/div>\n<\/div><\/div>\n<p><script async src=\"\/\/platform.twitter.com\/widgets.js\" charset=\"utf-8\"><\/script><script>\n\t\tvar consent=\"grant\";\n\t\t\/* The above code is parsing the JSON data from the local storage and storing it in a variable. *\/\n\t\t\t\t\tconst onetrustStorageConsent = JSON.parse(localStorage.getItem( 'consent_one_trust_bdc' ) );\n\t\t\tif ( ( onetrustStorageConsent !== null ) ) {\n\t\t\t\t\/* Checking to see if the user has consented to the use of cookies.\n\t\t\t\t* If they have not, it is deleting the cookie.\n\t\t\t\t* This will comment for now, until further notice.\n\t\t\t\t*\/\n\t\t\t\t\/\/if ( onetrustStorageConsent.C0002 === false ) {\n\t\t\t\t\/\/\tdocument.cookie=\"_fbp=;expires=Thu, 01 Jan 2010 00:00:00 UTC; path=\/; domain=.boston.com\";\n\t\t\t\t\/\/}\n\t\t\t\t\/* Checking if the user has given consent for the cookie C0002.\n\t\t\t\t* If the user has given consent, the variable consent will be set to 'grant'.\n\t\t\t\t* If the user has not given consent,the variable consent will be set to 'revoke'.\n\t\t\t\t* Documentation https:\/\/developers.facebook.com\/docs\/meta-pixel\/implementation\/gdpr\n\t\t\t\t*\/\n\t\t\t\tif ( onetrustStorageConsent.C0002 !== true ) {\n\t\t\t\t\tconsent=\"revoke\";\n\t\t\t\t}\n\t\t\t}\n\t\t\t\t!function(f,b,e,v,n,t,s)\n\t\t{if(f.fbq)return;n=f.fbq=function(){n.callMethod?\n\t\tn.callMethod.apply(n,arguments):n.queue.push(arguments)};\n\t\tif(!f._fbq)f._fbq=n;n.push=n;n.loaded=!0;n.version='2.0';\n\t\tn.queue=[];t=b.createElement(e);t.async=!0;\n\t\tt.src=v;s=b.getElementsByTagName(e)[0];\n\t\ts.parentNode.insertBefore(t,s)}(window, document,'script',\n\t\t'https:\/\/connect.facebook.net\/en_US\/fbevents.js');\n\t\tfbq('consent', consent);\n\t\tfbq('init', '989222871864976');\n\t\tfbq('track', 'PageView');\n\t<\/script><script type=\"module\">\n\t\tvar consent=\"grant\";\n\t\t\/* The above code is parsing the JSON data from the local storage and storing it in a variable. *\/\n\t\t\tconst onetrustStorageConsent = JSON.parse(localStorage.getItem( 'consent_one_trust_bdc' ) );\n\t\t\t\/* Checking to see if the user has consented to the use of cookies.\n\t\t\t* If they have not, it is deleting the cookie.\n\t\t\t* This will comment for now, until further notice.\n\t\t\t*\/\n\t\t\t\/\/if ( onetrustStorageConsent.C0002 === false ) {\n\t\t\t\/\/\tdocument.cookie=\"_fbp=;expires=Thu, 01 Jan 2010 00:00:00 UTC; path=\/; domain=.boston.com\";\n\t\t\t\/\/}\n\t\t\t\/* Checking if the user has given consent for the cookie C0002.\n\t\t\t* If the user has given consent, the variable consent will be set to 'grant'.\n\t\t\t* If the user has not given consent,the variable consent will be set to 'revoke'.\n\t\t\t* Documentation https:\/\/developers.facebook.com\/docs\/meta-pixel\/implementation\/gdpr\n\t\t\t*\/\n\t\t\tif ( ( onetrustStorageConsent !== null ) && (onetrustStorageConsent.C0002 !== true ) ) {\n\t\t\t\tconsent=\"revoke\";\n\t\t\t}\n\t\t\t\t!function(f,b,e,v,n,t,s){if(f.fbq)return;n=f.fbq=function()\n\t\t{n.callMethod? n.callMethod.apply(n,arguments):n.queue.push(arguments)}\n\t\t;if(!f._fbq)f._fbq=n;\n\t\tn.push=n;n.loaded=!0;n.version='2.0';n.queue=[];t=b.createElement(e);t.async=!0;\n\t\tt.src=v;s=b.getElementsByTagName(e)[0];s.parentNode.insertBefore(t,s)}(window,\n\t\tdocument,'script','https:\/\/connect.facebook.net\/en_US\/fbevents.js');\n\t\tfbq('consent', consent);\n\t\tfbq('init', '813236348753005');\n\t\tfbq('track', \"PageView\");\n\t<\/script><br \/>\n<br \/><br \/>\n<br \/><a href=\"https:\/\/www.boston.com\/community\/tell-us\/2024\/08\/05\/how-have-flight-delays-cancellations-impacted-you-this-summer\/\">Source link <\/a><\/p>","protected":false},"excerpt":{"rendered":"<p>Nos digam De uma queda de software a condi\u00e7\u00f5es clim\u00e1ticas severas, a viagem tem sido perturbadora para alguns que passam pelo aeroporto Logan. Marie Orcel, de Malden, que ficou presa&hellip;<\/p>","protected":false},"author":1,"featured_media":17584,"comment_status":"closed","ping_status":"open","sticky":false,"template":"","format":"standard","meta":{"content-type":"","footnotes":""},"categories":[1],"tags":[],"class_list":["post-17583","post","type-post","status-publish","format-standard","has-post-thumbnail","hentry","category-uncategorized"],"_links":{"self":[{"href":"https:\/\/tvbrazilusa.com\/pt\/wp-json\/wp\/v2\/posts\/17583","targetHints":{"allow":["GET"]}}],"collection":[{"href":"https:\/\/tvbrazilusa.com\/pt\/wp-json\/wp\/v2\/posts"}],"about":[{"href":"https:\/\/tvbrazilusa.com\/pt\/wp-json\/wp\/v2\/types\/post"}],"author":[{"embeddable":true,"href":"https:\/\/tvbrazilusa.com\/pt\/wp-json\/wp\/v2\/users\/1"}],"replies":[{"embeddable":true,"href":"https:\/\/tvbrazilusa.com\/pt\/wp-json\/wp\/v2\/comments?post=17583"}],"version-history":[{"count":1,"href":"https:\/\/tvbrazilusa.com\/pt\/wp-json\/wp\/v2\/posts\/17583\/revisions"}],"predecessor-version":[{"id":17585,"href":"https:\/\/tvbrazilusa.com\/pt\/wp-json\/wp\/v2\/posts\/17583\/revisions\/17585"}],"wp:featuredmedia":[{"embeddable":true,"href":"https:\/\/tvbrazilusa.com\/pt\/wp-json\/wp\/v2\/media\/17584"}],"wp:attachment":[{"href":"https:\/\/tvbrazilusa.com\/pt\/wp-json\/wp\/v2\/media?parent=17583"}],"wp:term":[{"taxonomy":"category","embeddable":true,"href":"https:\/\/tvbrazilusa.com\/pt\/wp-json\/wp\/v2\/categories?post=17583"},{"taxonomy":"post_tag","embeddable":true,"href":"https:\/\/tvbrazilusa.com\/pt\/wp-json\/wp\/v2\/tags?post=17583"}],"curies":[{"name":"wp","href":"https:\/\/api.w.org\/{rel}","templated":true}]}}