{"id":17605,"date":"2024-08-05T20:34:42","date_gmt":"2024-08-05T20:34:42","guid":{"rendered":"https:\/\/tvbrazilusa.com\/2024\/08\/05\/matthew-judon-explica-por-que-deixou-os-treinos-e-diz-que-jogara-apesar-dos-problemas-contratuais\/"},"modified":"2024-08-05T21:46:19","modified_gmt":"2024-08-05T21:46:19","slug":"matthew-judon-explica-por-que-deixou-os-treinos-e-diz-que-jogara-apesar-dos-problemas-contratuais","status":"publish","type":"post","link":"https:\/\/tvbrazilusa.com\/pt\/2024\/08\/05\/matthew-judon-explica-por-que-deixou-os-treinos-e-diz-que-jogara-apesar-dos-problemas-contratuais\/","title":{"rendered":"Matthew Judon explica por que deixou os treinos e diz que jogar\u00e1 apesar dos problemas contratuais"},"content":{"rendered":"<p> <script async src=\"https:\/\/pagead2.googlesyndication.com\/pagead\/js\/adsbygoogle.js?client=ca-pub-8864793242727901\"\r\n     crossorigin=\"anonymous\"><\/script><br \/>\n<\/p>\n<div id=\"\">\n<header class=\"m-article-header m-article-header--standard\">\n\t\t\t\t\t\t\t\t\t\t\t\t<span id=\"article-header-primary-term\"><br \/>\n\t\t\t\t\t\t\t\t<a class=\"a-term a-term--primary\" href=\"https:\/\/www.boston.com\/tag\/new-england-patriots\/\"><\/p>\n<p>\t\t\t\t\t\t\t\tPatriotas\t\t\t\t\t\t\t\t<\/a><br \/>\n\t\t\t\t\t\t\t<\/span><\/p>\n<h2 class=\"m-article-header__sub-headline\">&#8220;Tivemos uma conversa. Eu n\u00e3o queria distrair o time, ent\u00e3o entrei&#8221;, disse Judon.<\/h2>\n<figure class=\"a-photo m-article-header__photo\"><figcaption class=\"a-photo__caption\">\n<p>\tMateus Judon<em> (Foto AP\/Steven Senne, Arquivo<\/em>\t<\/figcaption><\/figure>\n<\/header>\n<div class=\"m-block t-amp__list-container m-article-list-container  m-article-list-container--frame-border a-border-frame  a-list-header__headline--red m-article-list--alternative--default  m-article-list--floated\">\n<ul class=\"t-amp__list a-list--no-style m-article-list m-article-list--recirculation m-article-list--has-images\">\n<li class=\"m-article-list__item m-article-list__item--featured\">\n\t\t\t\t<a class=\"m-article-list__link-wrapper\" href=\"https:\/\/www.boston.com\/sports\/sports-news\/2024\/08\/05\/tom-brady-was-in-awe-of-simone-biles-olympic-floor-routine\/\" data-p1=\"article_recirc_inline_feature\"><br \/>\n\t\t\t\t<img fetchpriority=\"high\" decoding=\"async\" width=\"768\" height=\"432\" src=\"https:\/\/bdc2020.o0bc.com\/wp-content\/uploads\/2024\/08\/Paris_Olympics_Artistic_Gymnastics_75569-66b101f087c81-768x432.jpg\" class=\"t-amp__list-image m-article-list__image m-article-list__image--full wp-post-image\" alt=\"O astro aposentado do futebol americano da NFL, Tom Brady, \u00e0 direita, assiste \u00e0s finais individuais de aparelhos de gin\u00e1stica art\u00edstica na Bercy Arena nas Olimp\u00edadas de Ver\u00e3o de 2024.\" aria-hidden=\"true\" srcset=\"https:\/\/bdc2020.o0bc.com\/wp-content\/uploads\/2024\/08\/Paris_Olympics_Artistic_Gymnastics_75569-66b101f087c81-768x432.jpg?width=200 200w, https:\/\/bdc2020.o0bc.com\/wp-content\/uploads\/2024\/08\/Paris_Olympics_Artistic_Gymnastics_75569-66b101f087c81-768x432.jpg?width=300 300w, https:\/\/bdc2020.o0bc.com\/wp-content\/uploads\/2024\/08\/Paris_Olympics_Artistic_Gymnastics_75569-66b101f087c81-768x432.jpg?width=400 400w, https:\/\/bdc2020.o0bc.com\/wp-content\/uploads\/2024\/08\/Paris_Olympics_Artistic_Gymnastics_75569-66b101f087c81-768x432.jpg?width=500 500w, https:\/\/bdc2020.o0bc.com\/wp-content\/uploads\/2024\/08\/Paris_Olympics_Artistic_Gymnastics_75569-66b101f087c81-768x432.jpg?width=600 600w, https:\/\/bdc2020.o0bc.com\/wp-content\/uploads\/2024\/08\/Paris_Olympics_Artistic_Gymnastics_75569-66b101f087c81-768x432.jpg?width=700 700w, https:\/\/bdc2020.o0bc.com\/wp-content\/uploads\/2024\/08\/Paris_Olympics_Artistic_Gymnastics_75569-66b101f087c81-768x432.jpg?width=800 800w, https:\/\/bdc2020.o0bc.com\/wp-content\/uploads\/2024\/08\/Paris_Olympics_Artistic_Gymnastics_75569-66b101f087c81-768x432.jpg?width=900 900w\" sizes=\"(max-width: 768px) 100vw, 768px\"\/>\t\t\t\t\t<\/p>\n<p><h4 class=\"m-article-list__headline t-amp__list-headline\">\n\t\t\t\t\t\t\t<span class=\"m-article-list__link a-link a-link--inline a-link--text-link a-link--text-link-dark\"><\/p>\n<p>\t\t\t\t\t\t\tTom Brady ficou impressionado com a rotina de solo ol\u00edmpico de Simone Biles\t\t\t\t\t\t\t<\/span><br \/>\n\t\t\t\t\t\t<\/h4>\n<\/p>\n<p>\t\t\t\t<\/a>\n\t\t\t<\/li>\n<li class=\"m-article-list__item\">\n\t\t\t\t\t\t<a class=\"m-article-list__link-wrapper\" href=\"https:\/\/www.boston.com\/sports\/new-england-patriots\/2024\/08\/03\/nfl-patriots-judon-practice-update-jerod-mayo\/\" data-p1=\"article_recirc_inline_feed\"><\/p>\n<p><h4 class=\"m-article-list__headline\">\n\t\t\t\t\t\t\t\t\t<span class=\"m-article-list__link a-link a-link--inline a-link--text-link a-link--text-link-dark\"><\/p>\n<p>\t\t\t\t\t\t\t\t\tPatriotas est\u00e3o &#39;superando a quest\u00e3o do Judon&#39;, diz Jerod Mayo\t\t\t\t\t\t\t\t\t<\/span><br \/>\n\t\t\t\t\t\t\t\t<\/h4>\n<\/p>\n<p>\t\t\t\t\t\t<\/a>\n\t\t\t\t\t<\/li>\n<\/ul>\n<\/div>\n<p><a href=\"https:\/\/www.boston.com\/tag\/matthew-judon\/\">Mateus Judon<\/a> explicou sua vers\u00e3o do que aconteceu no treino de segunda-feira, quando saiu ap\u00f3s ser flagrado conversando com o treinador <a href=\"https:\/\/www.boston.com\/sports\/new-england-patriots\/2024\/08\/03\/nfl-patriots-judon-practice-update-jerod-mayo\/\">Jerod Mayo<\/a> antes de retornar para uma conversa animada com um executivo da equipe.<\/p>\n<p>\u201cTivemos uma conversa. Eu n\u00e3o queria ser uma distra\u00e7\u00e3o para o time, ent\u00e3o entrei\u201d, disse Judon. \u201cEu n\u00e3o estava participando daqueles treinos naquele dia, ent\u00e3o entrei e recebi uma mensagem, ent\u00e3o voltei e conversei com nosso GM e depois voltei para dentro.\u201d<\/p>\n<p>Judon se desculpou brincando por parecer animado durante a conversa e falar com as m\u00e3os. <\/p>\n<p>Perguntaram-lhe se houve progresso durante as negocia\u00e7\u00f5es do seu contrato.<\/p>\n<p>\u201cN\u00e3o, eu tenho que jogar. N\u00e3o disse nada sobre (progresso)\u201d, disse Judon. \u201cEu tenho que ir l\u00e1 e jogar, eu tenho que jogar o jogo. Eu tenho que fazer o que sou contratualmente obrigado a fazer para n\u00e3o perder dinheiro.\u201d<\/p>\n<p>Depois de ficar de fora <a href=\"https:\/\/www.boston.com\/sports\/new-england-patriots\/2024\/08\/03\/nfl-patriots-judon-practice-update-jerod-mayo\/\">segunda-feira e ter\u00e7a-feira<\/a> da semana passada, Judon j\u00e1 voltou aos treinos e participou com protetores completos. Ele se recusou a dar mais detalhes sobre as aus\u00eancias, al\u00e9m de dizer que havia algo acontecendo com ele naqueles dias.<\/p>\n<p>Um rep\u00f3rter perguntou a Judon se a quantidade de anos em um novo contrato potencial seria um ponto de disc\u00f3rdia para ele. Judon disse que n\u00e3o importava porque ele s\u00f3 tem um ano restante em seu contrato atual.<\/p>\n<figure class=\"wp-block-embed is-type-rich is-provider-twitter wp-block-embed-twitter\"\/>\n<p>\u201cEu disse a voc\u00eas que queria ficar aqui pelo resto da minha carreira, ent\u00e3o, obviamente, isso equivaleria a mais\u201d, disse Judon. \u201cMas, s\u00f3 me resta um ano. Acho que com mais anos viria mais dinheiro. \u00c9 assim que um contrato geralmente funciona.<\/p>\n<p>\u201cMas isso n\u00e3o depende de mim, pessoal.\u201d<\/p>\n<p>Durante um epis\u00f3dio recente do podcast Shut Up Marc, Judon disse que ele mesmo redigiu um contrato e o enviou para os Patriots. Na segunda-feira, ele se recusou a dizer quanto dinheiro pediu, dizendo que esqueceu o valor e que o tinha anotado em seu telefone. <\/p>\n<p>Perguntaram a ele se havia algum exemplo de contratos de jogadores semelhantes que pudessem estar dentro do que ele estava procurando.<\/p>\n<figure class=\"wp-block-embed is-type-rich is-provider-twitter wp-block-embed-twitter\"\/>\n<p>\u201cN\u00e3o. Temos um mercado\u201d, disse Judon. \u201c\u00c9 definido pelo cara mais alto, ent\u00e3o todo mundo entra na fila at\u00e9 que a pr\u00f3xima pessoa apare\u00e7a para quebrar o contrato. Saindo da temporada que tive, fiquei machucado a maior parte da temporada, ent\u00e3o n\u00e3o \u00e9 realmente onde meu mercado est\u00e1, mas, como eu disse, n\u00e3o acho que seja 6,5 \u200b\u200b(milh\u00f5es de sal\u00e1rio-base).\u201d<\/p>\n<p>Mayo disse no in\u00edcio desta semana que acredita que ambos os lados est\u00e3o em um bom lugar e continuar\u00e3o avan\u00e7ando.<\/p>\n<p>\u201cIndependentemente das emo\u00e7\u00f5es envolvidas, voc\u00ea tenta chegar a um entendimento\u201d, disse Judon. \u201cAcho que s\u00f3 porque n\u00e3o concordamos n\u00e3o significa que n\u00e3o entendemos o lado um do outro.\u201d<\/p>\n<div class=\"m-block m-generic-cta\t m-generic-cta--post-content\t m-generic-cta--dark\t m-generic-cta--homepage\t m-generic-cta--email-signup\t\t m-generic-cta-block-style--default \tt-amp__generic-cta\"><\/p>\n<div class=\"m-generic-cta__wrap\">\n<div class=\"m-generic-cta__content\">\n<h3 class=\"m-generic-cta__title\">Inscreva-se para receber atualiza\u00e7\u00f5es dos Patriots\ud83c\udfc8<\/h3>\n<p class=\"m-generic-cta__subtitle\">Receba not\u00edcias de \u00faltima hora e an\u00e1lises na sua caixa de entrada durante a temporada de futebol.<\/p>\n<\/p><\/div>\n<\/p><\/div>\n<\/div><\/div>\n<p><script>\n\t\tvar consent=\"grant\";\n\t\t\/* The above code is parsing the JSON data from the local storage and storing it in a variable. *\/\n\t\t\t\t\tconst onetrustStorageConsent = JSON.parse(localStorage.getItem( 'consent_one_trust_bdc' ) );\n\t\t\tif ( ( onetrustStorageConsent !== null ) ) {\n\t\t\t\t\/* Checking to see if the user has consented to the use of cookies.\n\t\t\t\t* If they have not, it is deleting the cookie.\n\t\t\t\t* This will comment for now, until further notice.\n\t\t\t\t*\/\n\t\t\t\t\/\/if ( onetrustStorageConsent.C0002 === false ) {\n\t\t\t\t\/\/\tdocument.cookie=\"_fbp=;expires=Thu, 01 Jan 2010 00:00:00 UTC; path=\/; domain=.boston.com\";\n\t\t\t\t\/\/}\n\t\t\t\t\/* Checking if the user has given consent for the cookie C0002.\n\t\t\t\t* If the user has given consent, the variable consent will be set to 'grant'.\n\t\t\t\t* If the user has not given consent,the variable consent will be set to 'revoke'.\n\t\t\t\t* Documentation https:\/\/developers.facebook.com\/docs\/meta-pixel\/implementation\/gdpr\n\t\t\t\t*\/\n\t\t\t\tif ( onetrustStorageConsent.C0002 !== true ) {\n\t\t\t\t\tconsent=\"revoke\";\n\t\t\t\t}\n\t\t\t}\n\t\t\t\t!function(f,b,e,v,n,t,s)\n\t\t{if(f.fbq)return;n=f.fbq=function(){n.callMethod?\n\t\tn.callMethod.apply(n,arguments):n.queue.push(arguments)};\n\t\tif(!f._fbq)f._fbq=n;n.push=n;n.loaded=!0;n.version='2.0';\n\t\tn.queue=[];t=b.createElement(e);t.async=!0;\n\t\tt.src=v;s=b.getElementsByTagName(e)[0];\n\t\ts.parentNode.insertBefore(t,s)}(window, document,'script',\n\t\t'https:\/\/connect.facebook.net\/en_US\/fbevents.js');\n\t\tfbq('consent', consent);\n\t\tfbq('init', '989222871864976');\n\t\tfbq('track', 'PageView');\n\t<\/script><script type=\"module\">\n\t\tvar consent=\"grant\";\n\t\t\/* The above code is parsing the JSON data from the local storage and storing it in a variable. *\/\n\t\t\tconst onetrustStorageConsent = JSON.parse(localStorage.getItem( 'consent_one_trust_bdc' ) );\n\t\t\t\/* Checking to see if the user has consented to the use of cookies.\n\t\t\t* If they have not, it is deleting the cookie.\n\t\t\t* This will comment for now, until further notice.\n\t\t\t*\/\n\t\t\t\/\/if ( onetrustStorageConsent.C0002 === false ) {\n\t\t\t\/\/\tdocument.cookie=\"_fbp=;expires=Thu, 01 Jan 2010 00:00:00 UTC; path=\/; domain=.boston.com\";\n\t\t\t\/\/}\n\t\t\t\/* Checking if the user has given consent for the cookie C0002.\n\t\t\t* If the user has given consent, the variable consent will be set to 'grant'.\n\t\t\t* If the user has not given consent,the variable consent will be set to 'revoke'.\n\t\t\t* Documentation https:\/\/developers.facebook.com\/docs\/meta-pixel\/implementation\/gdpr\n\t\t\t*\/\n\t\t\tif ( ( onetrustStorageConsent !== null ) && (onetrustStorageConsent.C0002 !== true ) ) {\n\t\t\t\tconsent=\"revoke\";\n\t\t\t}\n\t\t\t\t!function(f,b,e,v,n,t,s){if(f.fbq)return;n=f.fbq=function()\n\t\t{n.callMethod? n.callMethod.apply(n,arguments):n.queue.push(arguments)}\n\t\t;if(!f._fbq)f._fbq=n;\n\t\tn.push=n;n.loaded=!0;n.version='2.0';n.queue=[];t=b.createElement(e);t.async=!0;\n\t\tt.src=v;s=b.getElementsByTagName(e)[0];s.parentNode.insertBefore(t,s)}(window,\n\t\tdocument,'script','https:\/\/connect.facebook.net\/en_US\/fbevents.js');\n\t\tfbq('consent', consent);\n\t\tfbq('init', '813236348753005');\n\t\tfbq('track', \"PageView\");\n\t<\/script><br \/>\n<br \/><br \/>\n<br \/><a href=\"https:\/\/www.boston.com\/sports\/new-england-patriots\/2024\/08\/05\/matthew-judon-explains-why-he-left-practice-says-he-will-play-despite-contract-issues\/\">Source link <\/a><\/p>","protected":false},"excerpt":{"rendered":"<p>Patriotas &#8220;Tivemos uma conversa. Eu n\u00e3o queria distrair o time, ent\u00e3o entrei&#8221;, disse Judon. Mateus Judon (Foto AP\/Steven Senne, Arquivo Tom Brady ficou impressionado com a rotina de solo ol\u00edmpico&hellip;<\/p>","protected":false},"author":1,"featured_media":17606,"comment_status":"closed","ping_status":"open","sticky":false,"template":"","format":"standard","meta":{"content-type":"","footnotes":""},"categories":[1],"tags":[],"class_list":["post-17605","post","type-post","status-publish","format-standard","has-post-thumbnail","hentry","category-uncategorized"],"_links":{"self":[{"href":"https:\/\/tvbrazilusa.com\/pt\/wp-json\/wp\/v2\/posts\/17605","targetHints":{"allow":["GET"]}}],"collection":[{"href":"https:\/\/tvbrazilusa.com\/pt\/wp-json\/wp\/v2\/posts"}],"about":[{"href":"https:\/\/tvbrazilusa.com\/pt\/wp-json\/wp\/v2\/types\/post"}],"author":[{"embeddable":true,"href":"https:\/\/tvbrazilusa.com\/pt\/wp-json\/wp\/v2\/users\/1"}],"replies":[{"embeddable":true,"href":"https:\/\/tvbrazilusa.com\/pt\/wp-json\/wp\/v2\/comments?post=17605"}],"version-history":[{"count":1,"href":"https:\/\/tvbrazilusa.com\/pt\/wp-json\/wp\/v2\/posts\/17605\/revisions"}],"predecessor-version":[{"id":17607,"href":"https:\/\/tvbrazilusa.com\/pt\/wp-json\/wp\/v2\/posts\/17605\/revisions\/17607"}],"wp:featuredmedia":[{"embeddable":true,"href":"https:\/\/tvbrazilusa.com\/pt\/wp-json\/wp\/v2\/media\/17606"}],"wp:attachment":[{"href":"https:\/\/tvbrazilusa.com\/pt\/wp-json\/wp\/v2\/media?parent=17605"}],"wp:term":[{"taxonomy":"category","embeddable":true,"href":"https:\/\/tvbrazilusa.com\/pt\/wp-json\/wp\/v2\/categories?post=17605"},{"taxonomy":"post_tag","embeddable":true,"href":"https:\/\/tvbrazilusa.com\/pt\/wp-json\/wp\/v2\/tags?post=17605"}],"curies":[{"name":"wp","href":"https:\/\/api.w.org\/{rel}","templated":true}]}}