{"id":17643,"date":"2024-08-05T20:21:26","date_gmt":"2024-08-05T20:21:26","guid":{"rendered":"https:\/\/tvbrazilusa.com\/2024\/08\/05\/pesquisa-umass-harris-esta-ligeiramente-a-frente-de-trump-nacionalmente\/"},"modified":"2024-08-05T22:28:00","modified_gmt":"2024-08-05T22:28:00","slug":"pesquisa-umass-harris-esta-ligeiramente-a-frente-de-trump-nacionalmente","status":"publish","type":"post","link":"https:\/\/tvbrazilusa.com\/pt\/2024\/08\/05\/pesquisa-umass-harris-esta-ligeiramente-a-frente-de-trump-nacionalmente\/","title":{"rendered":"Pesquisa UMass: Harris est\u00e1 ligeiramente \u00e0 frente de Trump nacionalmente"},"content":{"rendered":"<p> <script async src=\"https:\/\/pagead2.googlesyndication.com\/pagead\/js\/adsbygoogle.js?client=ca-pub-8864793242727901\"\r\n     crossorigin=\"anonymous\"><\/script><br \/>\n<\/p>\n<div id=\"\">\n<header class=\"m-article-header m-article-header--standard\">\n\t\t\t\t\t\t\t\t\t\t\t\t<span id=\"article-header-primary-term\"><br \/>\n\t\t\t\t\t\t\t\t<a class=\"a-term a-term--primary\" href=\"https:\/\/www.boston.com\/tag\/local-news\/\"><\/p>\n<p>\t\t\t\t\t\t\t\tNot\u00edcias locais\t\t\t\t\t\t\t\t<\/a><br \/>\n\t\t\t\t\t\t\t<\/span><\/p>\n<h2 class=\"m-article-header__sub-headline\">A vice-presidente Kamala Harris ainda est\u00e1 em alta enquanto se prepara para revelar sua escolha para companheira de chapa nesta semana.<\/h2>\n<figure class=\"a-photo m-article-header__photo\"><figcaption class=\"a-photo__caption\">\n<p>\tA vice-presidente Kamala Harris discursa durante um com\u00edcio de campanha em Atlanta. <em>  John Bazemore\/AP<\/em>\t<\/figcaption><\/figure>\n<\/header>\n<p>Como vice-presidente <a href=\"https:\/\/www.boston.com\/tag\/kamala-harris\/\">Kamala Harris<\/a> prepara-se para revelar sua <a href=\"https:\/\/www.cnn.com\/2024\/08\/05\/politics\/harris-vice-presidential-search-2024\/index.html\">escolha para companheiro de chapa<\/a> no in\u00edcio desta semana, um novo <a href=\"https:\/\/www.umass.edu\/political-science\/about\/reports\/2024#toc--toplines-and-crosstabs-\">pesquisa nacional da UMass Amherst<\/a> descobriu que ganhou uma vantagem de tr\u00eas pontos sobre o ex-presidente Donald Trump. <\/p>\n<p>A pesquisa, conduzida de 29 de julho a 1\u00ba de agosto, mostra Harris com uma vantagem de 46% a 43% sobre Trump. A margem de erro na pesquisa recente \u00e9 de 3,8%.<\/p>\n<p>Em janeiro, uma pesquisa da UMass mostrou que Trump estava \u00e0 frente do presidente Biden por 43% a 39%. <\/p>\n<p>Embora o assunto da sa\u00edda de Biden e quem deveria substitu\u00ed-lo no topo da chapa tenha consumido os democratas por semanas neste ver\u00e3o, a escolha de se unir em torno de Harris parece estar dando resultado at\u00e9 agora. <\/p>\n<p>\u201cAp\u00f3s a decis\u00e3o hist\u00f3rica de Biden de abrir m\u00e3o de sua campanha de reelei\u00e7\u00e3o, parece que os cr\u00edticos de Biden estavam de fato corretos, j\u00e1 que sua substituta, a vice-presidente Kamala Harris, emergiu como a favorita na corrida pela Casa Branca\u201d, disse Tatishe Nteta, professora de ci\u00eancia pol\u00edtica na UMass Amherst e diretora da pesquisa, em um comunicado. <\/p>\n<p>Em compara\u00e7\u00e3o com a pesquisa de janeiro, Harris melhorou a posi\u00e7\u00e3o de Biden entre os eleitores latinos em 13 pontos, entre os eleitores independentes em 17 pontos e entre os eleitores entre 18 e 29 anos em 14%. <\/p>\n<p>A ascens\u00e3o de Harris aumentou o entusiasmo em todo o seu partido. A pesquisa da UMass descobriu que 66% dos democratas est\u00e3o mais entusiasmados em votar agora que Harris enfrentar\u00e1 Trump. <\/p>\n<p>A pesquisa descobre que, entre uma ampla variedade de quest\u00f5es, Trump \u00e9 visto como mais confi\u00e1vel. Os eleitores foram questionados sobre qual candidato eles acham que lidaria melhor com 12 quest\u00f5es. Trump foi favorecido em sete delas, incluindo economia, crime e imigra\u00e7\u00e3o. Harris foi vista como a melhor candidata para lidar com quatro: mudan\u00e7a clim\u00e1tica, direitos reprodutivos, educa\u00e7\u00e3o e assist\u00eancia m\u00e9dica. Os entrevistados foram divididos igualmente entre os dois quando questionados sobre pol\u00edtica externa. <\/p>\n<h2 class=\"wp-block-heading\" id=\"h-who-should-harris-pick-for-her-running-mate\">Quem Harris deveria escolher como companheira de chapa?<\/h2>\n<p>Harris tem <a href=\"https:\/\/www.reuters.com\/world\/us\/kamala-harris-announce-vice-president-pick-before-battleground-states-tour-2024-08-05\/\">supostamente reduzido<\/a> suas considera\u00e7\u00f5es sobre quem se tornaria seu companheiro de chapa para vice-presidente do governador da Pensilv\u00e2nia, Josh Shapiro, e do governador de Minnesota, Tim Walz. Os eleitores pesquisados \u200b\u200bna pesquisa da UMass foram questionados sobre quem eles gostariam de v\u00ea-la escolher. Cerca de 52 por cento disseram que n\u00e3o tinham certeza. A op\u00e7\u00e3o mais popular foi o senador do Arizona, Mark Kelly, com 9 por cento, enquanto Shapiro obteve 8 por cento das respostas e Walz recebeu apenas 4 por cento. <\/p>\n<p>Assim que anunciar sua decis\u00e3o, Harris dever\u00e1 embarcar em uma blitz de cinco dias por sete cidades nos estados-campo de batalha. <\/p>\n<p>\u201cHarris melhorou a posi\u00e7\u00e3o de Biden na corrida eleitoral em praticamente todos os subconjuntos demogr\u00e1ficos, incluindo uma mudan\u00e7a colossal de 17% entre os independentes e um aumento not\u00e1vel de 14 pontos percentuais entre os eleitores jovens\u201d, disse Alexander Theodoridis, professor associado de ci\u00eancia pol\u00edtica na UMass Amherst e codiretor da pesquisa em um comunicado. \u201cOs tr\u00eas meses entre agora e o dia da elei\u00e7\u00e3o podem muito bem ser uma eternidade no tempo pol\u00edtico e as \u00faltimas semanas devem nos lembrar o qu\u00e3o r\u00e1pido as fortunas podem mudar, mas Kamala Harris e os democratas est\u00e3o passando por uma grande mudan\u00e7a de momento agora.\u201d<\/p>\n<div class=\"m-block m-generic-cta\t m-generic-cta--post-content\t m-generic-cta--dark\t m-generic-cta--homepage\t m-generic-cta--email-signup\t\t m-generic-cta-block-style--default \tt-amp__generic-cta\"><\/p>\n<div class=\"m-generic-cta__wrap\">\n<div class=\"m-generic-cta__content\">\n<h3 class=\"m-generic-cta__title\">Inscri\u00e7\u00e3o no boletim informativo<\/h3>\n<p class=\"m-generic-cta__subtitle\">Fique por dentro das \u00faltimas not\u00edcias do Boston.com<\/p>\n<\/p><\/div>\n<\/p><\/div>\n<\/div><\/div>\n<p><script>\n\t\tvar consent=\"grant\";\n\t\t\/* The above code is parsing the JSON data from the local storage and storing it in a variable. *\/\n\t\t\t\t\tconst onetrustStorageConsent = JSON.parse(localStorage.getItem( 'consent_one_trust_bdc' ) );\n\t\t\tif ( ( onetrustStorageConsent !== null ) ) {\n\t\t\t\t\/* Checking to see if the user has consented to the use of cookies.\n\t\t\t\t* If they have not, it is deleting the cookie.\n\t\t\t\t* This will comment for now, until further notice.\n\t\t\t\t*\/\n\t\t\t\t\/\/if ( onetrustStorageConsent.C0002 === false ) {\n\t\t\t\t\/\/\tdocument.cookie=\"_fbp=;expires=Thu, 01 Jan 2010 00:00:00 UTC; path=\/; domain=.boston.com\";\n\t\t\t\t\/\/}\n\t\t\t\t\/* Checking if the user has given consent for the cookie C0002.\n\t\t\t\t* If the user has given consent, the variable consent will be set to 'grant'.\n\t\t\t\t* If the user has not given consent,the variable consent will be set to 'revoke'.\n\t\t\t\t* Documentation https:\/\/developers.facebook.com\/docs\/meta-pixel\/implementation\/gdpr\n\t\t\t\t*\/\n\t\t\t\tif ( onetrustStorageConsent.C0002 !== true ) {\n\t\t\t\t\tconsent=\"revoke\";\n\t\t\t\t}\n\t\t\t}\n\t\t\t\t!function(f,b,e,v,n,t,s)\n\t\t{if(f.fbq)return;n=f.fbq=function(){n.callMethod?\n\t\tn.callMethod.apply(n,arguments):n.queue.push(arguments)};\n\t\tif(!f._fbq)f._fbq=n;n.push=n;n.loaded=!0;n.version='2.0';\n\t\tn.queue=[];t=b.createElement(e);t.async=!0;\n\t\tt.src=v;s=b.getElementsByTagName(e)[0];\n\t\ts.parentNode.insertBefore(t,s)}(window, document,'script',\n\t\t'https:\/\/connect.facebook.net\/en_US\/fbevents.js');\n\t\tfbq('consent', consent);\n\t\tfbq('init', '989222871864976');\n\t\tfbq('track', 'PageView');\n\t<\/script><script type=\"module\">\n\t\tvar consent=\"grant\";\n\t\t\/* The above code is parsing the JSON data from the local storage and storing it in a variable. *\/\n\t\t\tconst onetrustStorageConsent = JSON.parse(localStorage.getItem( 'consent_one_trust_bdc' ) );\n\t\t\t\/* Checking to see if the user has consented to the use of cookies.\n\t\t\t* If they have not, it is deleting the cookie.\n\t\t\t* This will comment for now, until further notice.\n\t\t\t*\/\n\t\t\t\/\/if ( onetrustStorageConsent.C0002 === false ) {\n\t\t\t\/\/\tdocument.cookie=\"_fbp=;expires=Thu, 01 Jan 2010 00:00:00 UTC; path=\/; domain=.boston.com\";\n\t\t\t\/\/}\n\t\t\t\/* Checking if the user has given consent for the cookie C0002.\n\t\t\t* If the user has given consent, the variable consent will be set to 'grant'.\n\t\t\t* If the user has not given consent,the variable consent will be set to 'revoke'.\n\t\t\t* Documentation https:\/\/developers.facebook.com\/docs\/meta-pixel\/implementation\/gdpr\n\t\t\t*\/\n\t\t\tif ( ( onetrustStorageConsent !== null ) && (onetrustStorageConsent.C0002 !== true ) ) {\n\t\t\t\tconsent=\"revoke\";\n\t\t\t}\n\t\t\t\t!function(f,b,e,v,n,t,s){if(f.fbq)return;n=f.fbq=function()\n\t\t{n.callMethod? n.callMethod.apply(n,arguments):n.queue.push(arguments)}\n\t\t;if(!f._fbq)f._fbq=n;\n\t\tn.push=n;n.loaded=!0;n.version='2.0';n.queue=[];t=b.createElement(e);t.async=!0;\n\t\tt.src=v;s=b.getElementsByTagName(e)[0];s.parentNode.insertBefore(t,s)}(window,\n\t\tdocument,'script','https:\/\/connect.facebook.net\/en_US\/fbevents.js');\n\t\tfbq('consent', consent);\n\t\tfbq('init', '813236348753005');\n\t\tfbq('track', \"PageView\");\n\t<\/script><br \/>\n<br \/><br \/>\n<br \/><a href=\"https:\/\/www.boston.com\/news\/local-news\/2024\/08\/05\/umass-poll-harris-pulls-slightly-ahead-of-trump-nationally\/\">Source link <\/a><\/p>","protected":false},"excerpt":{"rendered":"<p>Not\u00edcias locais A vice-presidente Kamala Harris ainda est\u00e1 em alta enquanto se prepara para revelar sua escolha para companheira de chapa nesta semana. A vice-presidente Kamala Harris discursa durante um&hellip;<\/p>","protected":false},"author":1,"featured_media":17644,"comment_status":"closed","ping_status":"open","sticky":false,"template":"","format":"standard","meta":{"content-type":"","footnotes":""},"categories":[1],"tags":[],"class_list":["post-17643","post","type-post","status-publish","format-standard","has-post-thumbnail","hentry","category-uncategorized"],"_links":{"self":[{"href":"https:\/\/tvbrazilusa.com\/pt\/wp-json\/wp\/v2\/posts\/17643","targetHints":{"allow":["GET"]}}],"collection":[{"href":"https:\/\/tvbrazilusa.com\/pt\/wp-json\/wp\/v2\/posts"}],"about":[{"href":"https:\/\/tvbrazilusa.com\/pt\/wp-json\/wp\/v2\/types\/post"}],"author":[{"embeddable":true,"href":"https:\/\/tvbrazilusa.com\/pt\/wp-json\/wp\/v2\/users\/1"}],"replies":[{"embeddable":true,"href":"https:\/\/tvbrazilusa.com\/pt\/wp-json\/wp\/v2\/comments?post=17643"}],"version-history":[{"count":1,"href":"https:\/\/tvbrazilusa.com\/pt\/wp-json\/wp\/v2\/posts\/17643\/revisions"}],"predecessor-version":[{"id":17645,"href":"https:\/\/tvbrazilusa.com\/pt\/wp-json\/wp\/v2\/posts\/17643\/revisions\/17645"}],"wp:featuredmedia":[{"embeddable":true,"href":"https:\/\/tvbrazilusa.com\/pt\/wp-json\/wp\/v2\/media\/17644"}],"wp:attachment":[{"href":"https:\/\/tvbrazilusa.com\/pt\/wp-json\/wp\/v2\/media?parent=17643"}],"wp:term":[{"taxonomy":"category","embeddable":true,"href":"https:\/\/tvbrazilusa.com\/pt\/wp-json\/wp\/v2\/categories?post=17643"},{"taxonomy":"post_tag","embeddable":true,"href":"https:\/\/tvbrazilusa.com\/pt\/wp-json\/wp\/v2\/tags?post=17643"}],"curies":[{"name":"wp","href":"https:\/\/api.w.org\/{rel}","templated":true}]}}