{"id":17667,"date":"2024-08-05T22:52:09","date_gmt":"2024-08-05T22:52:09","guid":{"rendered":"https:\/\/tvbrazilusa.com\/2024\/08\/05\/ataque-com-foguete-em-base-militar-iraquiana-fere-militares-dos-eua-dizem-autoridades-a-ap-2\/"},"modified":"2024-08-05T22:58:11","modified_gmt":"2024-08-05T22:58:11","slug":"ataque-com-foguete-em-base-militar-iraquiana-fere-militares-dos-eua-dizem-autoridades-a-ap-2","status":"publish","type":"post","link":"https:\/\/tvbrazilusa.com\/pt\/2024\/08\/05\/ataque-com-foguete-em-base-militar-iraquiana-fere-militares-dos-eua-dizem-autoridades-a-ap-2\/","title":{"rendered":"Ataque com foguete em base militar iraquiana fere militares dos EUA, dizem autoridades \u00e0 AP"},"content":{"rendered":"<p> <script async src=\"https:\/\/pagead2.googlesyndication.com\/pagead\/js\/adsbygoogle.js?client=ca-pub-8864793242727901\"\r\n     crossorigin=\"anonymous\"><\/script><br \/>\n<\/p>\n<div id=\"\">\n<header class=\"m-article-header m-article-header--standard\">\n\t\t\t\t\t\t\t\t\t\t\t\t<span id=\"article-header-primary-term\"><br \/>\n\t\t\t\t\t\t\t\t<a class=\"a-term a-term--primary\" href=\"https:\/\/www.boston.com\/tag\/world-news\/\"><\/p>\n<p>\t\t\t\t\t\t\t\tNoticias do mundo\t\t\t\t\t\t\t\t<\/a><br \/>\n\t\t\t\t\t\t\t<\/span><\/p>\n<h2 class=\"m-article-header__sub-headline\">Autoridades de defesa dos EUA disseram que as tropas na base a\u00e9rea de al-Asad ainda estavam avaliando os ferimentos e danos.<\/h2>\n<figure class=\"a-photo m-article-header__photo\"><figcaption class=\"a-photo__caption\">\n<p>\tARQUIVO &#8211; Esta foto a\u00e9rea de 29 de dezembro de 2019, tirada de um helic\u00f3ptero, mostra a base a\u00e9rea de Ain al-Asad, no deserto de Anbar, no oeste do Iraque.<em> AP Photo\/Nasser Nasser, Arquivo<\/em>\t<\/figcaption><\/figure>\n<div class=\"m-article-header__meta\">\n<div class=\"m-article-header__byline\">\n<p class=\"m-article-header__author\">\n<p>\t\t\t\t\t\t\t\tPor LOLITA C. BALDOR, Associated Press\t\t\t\t\t\t\t<\/p>\n<p>\t\t\t\t\t\t    \t\t\t\t\t\t\t<time class=\"m-article-header__date\"><\/p>\n<p>        \t\t\t\t\t\t\t5 de agosto de 2024 | 18:52    \t\t\t\t\t\t\t<\/time><\/p><\/div>\n<\/p><\/div>\n<\/header>\n<p>WASHINGTON (AP) \u2014 V\u00e1rios militares dos EUA ficaram feridos em um suposto ataque com foguetes a uma base militar no Iraque, disseram autoridades de defesa dos EUA na segunda-feira, no que foi um aumento recente nos ataques contra for\u00e7as americanas por mil\u00edcias apoiadas pelo Ir\u00e3.<\/p>\n<p>O ataque acontece enquanto as tens\u00f5es no Oriente M\u00e9dio est\u00e3o aumentando ap\u00f3s os assassinatos na semana passada de um comandante s\u00eanior do Hezbollah no L\u00edbano e do principal l\u00edder pol\u00edtico do Hamas no Ir\u00e3, em supostos ataques israelenses. Ambos os grupos s\u00e3o apoiados pelo Ir\u00e3.<\/p>\n<p>As autoridades de defesa dos EUA disseram que as tropas na base a\u00e9rea de al-Asad ainda estavam avaliando os ferimentos e danos. Mais cedo na segunda-feira, autoridades de seguran\u00e7a iraquianas confirmaram o ataque, mas nenhum grupo assumiu a responsabilidade.<\/p>\n<p>As autoridades falaram sob condi\u00e7\u00e3o de anonimato para discutir as opera\u00e7\u00f5es militares.<\/p>\n<p>Nas \u00faltimas semanas, mil\u00edcias iraquianas apoiadas pelo Ir\u00e3 retomaram os ataques contra bases que abrigam for\u00e7as dos EUA no Iraque e na S\u00edria ap\u00f3s uma pausa de v\u00e1rios meses, ap\u00f3s um ataque a uma base na Jord\u00e2nia no final de janeiro que matou tr\u00eas soldados americanos e desencadeou uma s\u00e9rie de ataques retaliat\u00f3rios dos EUA.<\/p>\n<p>Entre outubro e janeiro, um grupo que se autodenomina Resist\u00eancia Isl\u00e2mica no Iraque reivindicou regularmente ataques que, segundo ele, eram uma retalia\u00e7\u00e3o ao apoio de Washington a Israel em sua guerra contra o Hamas em Gaza e tinham como objetivo expulsar as tropas americanas da regi\u00e3o.<\/p>\n<p><em>O escritor da Associated Press, Qassim Abdul-Zahra, em Bagd\u00e1, contribuiu para esta reportagem.<\/em><\/p>\n<\/p><\/div>\n<p><script>\n\t\tvar consent=\"grant\";\n\t\t\/* The above code is parsing the JSON data from the local storage and storing it in a variable. *\/\n\t\t\t\t\tconst onetrustStorageConsent = JSON.parse(localStorage.getItem( 'consent_one_trust_bdc' ) );\n\t\t\tif ( ( onetrustStorageConsent !== null ) ) {\n\t\t\t\t\/* Checking to see if the user has consented to the use of cookies.\n\t\t\t\t* If they have not, it is deleting the cookie.\n\t\t\t\t* This will comment for now, until further notice.\n\t\t\t\t*\/\n\t\t\t\t\/\/if ( onetrustStorageConsent.C0002 === false ) {\n\t\t\t\t\/\/\tdocument.cookie=\"_fbp=;expires=Thu, 01 Jan 2010 00:00:00 UTC; path=\/; domain=.boston.com\";\n\t\t\t\t\/\/}\n\t\t\t\t\/* Checking if the user has given consent for the cookie C0002.\n\t\t\t\t* If the user has given consent, the variable consent will be set to 'grant'.\n\t\t\t\t* If the user has not given consent,the variable consent will be set to 'revoke'.\n\t\t\t\t* Documentation https:\/\/developers.facebook.com\/docs\/meta-pixel\/implementation\/gdpr\n\t\t\t\t*\/\n\t\t\t\tif ( onetrustStorageConsent.C0002 !== true ) {\n\t\t\t\t\tconsent=\"revoke\";\n\t\t\t\t}\n\t\t\t}\n\t\t\t\t!function(f,b,e,v,n,t,s)\n\t\t{if(f.fbq)return;n=f.fbq=function(){n.callMethod?\n\t\tn.callMethod.apply(n,arguments):n.queue.push(arguments)};\n\t\tif(!f._fbq)f._fbq=n;n.push=n;n.loaded=!0;n.version='2.0';\n\t\tn.queue=[];t=b.createElement(e);t.async=!0;\n\t\tt.src=v;s=b.getElementsByTagName(e)[0];\n\t\ts.parentNode.insertBefore(t,s)}(window, document,'script',\n\t\t'https:\/\/connect.facebook.net\/en_US\/fbevents.js');\n\t\tfbq('consent', consent);\n\t\tfbq('init', '989222871864976');\n\t\tfbq('track', 'PageView');\n\t<\/script><script type=\"module\">\n\t\tvar consent=\"grant\";\n\t\t\/* The above code is parsing the JSON data from the local storage and storing it in a variable. *\/\n\t\t\tconst onetrustStorageConsent = JSON.parse(localStorage.getItem( 'consent_one_trust_bdc' ) );\n\t\t\t\/* Checking to see if the user has consented to the use of cookies.\n\t\t\t* If they have not, it is deleting the cookie.\n\t\t\t* This will comment for now, until further notice.\n\t\t\t*\/\n\t\t\t\/\/if ( onetrustStorageConsent.C0002 === false ) {\n\t\t\t\/\/\tdocument.cookie=\"_fbp=;expires=Thu, 01 Jan 2010 00:00:00 UTC; path=\/; domain=.boston.com\";\n\t\t\t\/\/}\n\t\t\t\/* Checking if the user has given consent for the cookie C0002.\n\t\t\t* If the user has given consent, the variable consent will be set to 'grant'.\n\t\t\t* If the user has not given consent,the variable consent will be set to 'revoke'.\n\t\t\t* Documentation https:\/\/developers.facebook.com\/docs\/meta-pixel\/implementation\/gdpr\n\t\t\t*\/\n\t\t\tif ( ( onetrustStorageConsent !== null ) && (onetrustStorageConsent.C0002 !== true ) ) {\n\t\t\t\tconsent=\"revoke\";\n\t\t\t}\n\t\t\t\t!function(f,b,e,v,n,t,s){if(f.fbq)return;n=f.fbq=function()\n\t\t{n.callMethod? n.callMethod.apply(n,arguments):n.queue.push(arguments)}\n\t\t;if(!f._fbq)f._fbq=n;\n\t\tn.push=n;n.loaded=!0;n.version='2.0';n.queue=[];t=b.createElement(e);t.async=!0;\n\t\tt.src=v;s=b.getElementsByTagName(e)[0];s.parentNode.insertBefore(t,s)}(window,\n\t\tdocument,'script','https:\/\/connect.facebook.net\/en_US\/fbevents.js');\n\t\tfbq('consent', consent);\n\t\tfbq('init', '813236348753005');\n\t\tfbq('track', \"PageView\");\n\t<\/script><br \/>\n<br \/><br \/>\n<br \/><a href=\"https:\/\/www.boston.com\/news\/world-news\/2024\/08\/05\/a-rocket-attack-at-an-iraqi-military-base-injures-us-personnel-officials-tell-ap\/\">Source link <\/a><\/p>","protected":false},"excerpt":{"rendered":"<p>Noticias do mundo Autoridades de defesa dos EUA disseram que as tropas na base a\u00e9rea de al-Asad ainda estavam avaliando os ferimentos e danos. ARQUIVO &#8211; Esta foto a\u00e9rea de&hellip;<\/p>","protected":false},"author":1,"featured_media":17668,"comment_status":"closed","ping_status":"open","sticky":false,"template":"","format":"standard","meta":{"content-type":"","footnotes":""},"categories":[1],"tags":[],"class_list":["post-17667","post","type-post","status-publish","format-standard","has-post-thumbnail","hentry","category-uncategorized"],"_links":{"self":[{"href":"https:\/\/tvbrazilusa.com\/pt\/wp-json\/wp\/v2\/posts\/17667","targetHints":{"allow":["GET"]}}],"collection":[{"href":"https:\/\/tvbrazilusa.com\/pt\/wp-json\/wp\/v2\/posts"}],"about":[{"href":"https:\/\/tvbrazilusa.com\/pt\/wp-json\/wp\/v2\/types\/post"}],"author":[{"embeddable":true,"href":"https:\/\/tvbrazilusa.com\/pt\/wp-json\/wp\/v2\/users\/1"}],"replies":[{"embeddable":true,"href":"https:\/\/tvbrazilusa.com\/pt\/wp-json\/wp\/v2\/comments?post=17667"}],"version-history":[{"count":1,"href":"https:\/\/tvbrazilusa.com\/pt\/wp-json\/wp\/v2\/posts\/17667\/revisions"}],"predecessor-version":[{"id":17669,"href":"https:\/\/tvbrazilusa.com\/pt\/wp-json\/wp\/v2\/posts\/17667\/revisions\/17669"}],"wp:featuredmedia":[{"embeddable":true,"href":"https:\/\/tvbrazilusa.com\/pt\/wp-json\/wp\/v2\/media\/17668"}],"wp:attachment":[{"href":"https:\/\/tvbrazilusa.com\/pt\/wp-json\/wp\/v2\/media?parent=17667"}],"wp:term":[{"taxonomy":"category","embeddable":true,"href":"https:\/\/tvbrazilusa.com\/pt\/wp-json\/wp\/v2\/categories?post=17667"},{"taxonomy":"post_tag","embeddable":true,"href":"https:\/\/tvbrazilusa.com\/pt\/wp-json\/wp\/v2\/tags?post=17667"}],"curies":[{"name":"wp","href":"https:\/\/api.w.org\/{rel}","templated":true}]}}