{"id":17694,"date":"2024-08-05T23:38:16","date_gmt":"2024-08-05T23:38:16","guid":{"rendered":"https:\/\/tvbrazilusa.com\/2024\/08\/05\/moradores-de-cedar-key-retornam-para-casa-apos-o-furacao-debby-um-ano-apos-idalia-devastar-a-area-wsvn-7news-noticias-de-miami-clima-esportes-fort-lauderdale\/"},"modified":"2024-08-05T23:39:31","modified_gmt":"2024-08-05T23:39:31","slug":"moradores-de-cedar-key-retornam-para-casa-apos-o-furacao-debby-um-ano-apos-idalia-devastar-a-area-wsvn-7news-noticias-de-miami-clima-esportes-fort-lauderdale","status":"publish","type":"post","link":"https:\/\/tvbrazilusa.com\/pt\/2024\/08\/05\/moradores-de-cedar-key-retornam-para-casa-apos-o-furacao-debby-um-ano-apos-idalia-devastar-a-area-wsvn-7news-noticias-de-miami-clima-esportes-fort-lauderdale\/","title":{"rendered":"Moradores de Cedar Key retornam para casa ap\u00f3s o furac\u00e3o Debby, um ano ap\u00f3s Idalia devastar a \u00e1rea. &#8211; WSVN 7News | Not\u00edcias de Miami, Clima, Esportes | Fort Lauderdale"},"content":{"rendered":"<p> <script async src=\"https:\/\/pagead2.googlesyndication.com\/pagead\/js\/adsbygoogle.js?client=ca-pub-8864793242727901\"\r\n     crossorigin=\"anonymous\"><\/script><br \/>\n<\/p>\n<div itemprop=\"articleBody\">\n<p>CEDAR KEY, Fl\u00f3rida (WSVN) \u2014 Moradores de Cedar Key est\u00e3o sentindo um indesej\u00e1vel caso de d\u00e9j\u00e0 vu depois que o furac\u00e3o Debby causou inunda\u00e7\u00f5es, um lembrete da devasta\u00e7\u00e3o deixada pelo furac\u00e3o Idalia h\u00e1 um ano.<\/p>\n<p>\u201cVi muitas pessoas, na \u00faltima tempestade, perderem muito\u201d, disse o morador Tom Ezell. <\/p>\n<p>Tom se mudou de Arkansas para Cedar Key h\u00e1 dois anos. Ele disse que este \u00e9 seu segundo furac\u00e3o e expressou preocupa\u00e7\u00e3o sobre a possibilidade de sua casa ser inundada novamente. <\/p>\n<p>Em 2023, o furac\u00e3o Idalia inundou muitas casas e empresas na pequena cidade e algumas ainda n\u00e3o se recuperaram totalmente.<\/p>\n<p>Felizmente, desta vez, a fam\u00edlia de Tom estava preparada e conseguiu proteger sua casa de danos significativos usando sacos de areia e t\u00e1buas de madeira.<\/p>\n<p>&#8220;E n\u00f3s o selamos em sacos de areia. Aprendi muitas li\u00e7\u00f5es, r\u00e1pido&#8221;, disse Tom. <\/p>\n<p>C\u00e2meras do 7News mostram parte da casa de Tom cheia de sacos de areia e t\u00e1buas de madeira, enquanto ele diz que n\u00e3o vai correr riscos. <\/p>\n<p>Apesar dos preparativos, eles ainda estavam preocupados com a possibilidade de cortes de energia e danos estruturais.<\/p>\n<p>\u201cN\u00f3s s\u00f3 esper\u00e1vamos que a energia n\u00e3o acabasse. Est\u00e1vamos s\u00f3 esperando, esperando que nada nos esmagasse ou algo assim\u201d, disse Ella Ezell. <\/p>\n<p>Outros moradores, como a dona da joalheria Tami Wilkes, disseram que a melhor maneira de descrever como ela se sentia \u00e9 tr\u00eamula.<\/p>\n<p>\u201cOs ventos estavam bem fortes. A chuva estava entrando lateralmente, na verdade, entrando por portas que voc\u00ea nunca deixaria passar\u201d, disse Wilkes. <\/p>\n<p>Ela, como muitos outros na \u00e1rea, refor\u00e7ou sua loja com sacos de areia na tentativa de mitigar poss\u00edveis danos causados \u200b\u200bpor enchentes.<\/p>\n<p>Mas para alguns, n\u00e3o foi o suficiente. Um neg\u00f3cio teve \u00e1guas de enchente chegando at\u00e9 a entrada da loja. <\/p>\n<p>Imagens de v\u00eddeo capturaram ruas inundadas com n\u00edveis de \u00e1gua impossibilitando a dire\u00e7\u00e3o.<\/p>\n<p>Tom disse que muitos moradores deixaram a cidade antes da tempestade.<\/p>\n<p>\u201cEssa onda e esse vento aqui, essa ser\u00e1 a \u00faltima de suas rodadas\u201d, disse ele. <\/p>\n<p>Ele retornou para sua casa no golfo na segunda-feira para ver como estava sua casa. O cais do lado de fora de sua casa foi inundado pela tempestade, mas ele est\u00e1 grato por ainda estar l\u00e1.<\/p>\n<p>\u201cTemos nossa fam\u00edlia. Temos tudo. S\u00e3o s\u00f3 coisas, mas ainda d\u00f3i ver os danos, sabe?\u201d Tom disse. \u201cTalvez, os litorais sejam um lugar dif\u00edcil para se viver hoje.\u201d<\/p>\n<p>Tom n\u00e3o \u00e9 o \u00fanico que se sente assim. Outro empres\u00e1rio, que falou com a 7News, disse que pode chegar um momento em que as pessoas n\u00e3o conseguir\u00e3o viver em algumas partes da Fl\u00f3rida por causa da frequ\u00eancia das tempestades. <\/p>\n<p>Embora os moradores tenham expressado preocupa\u00e7\u00f5es sobre o futuro, eles est\u00e3o determinados a continuar reconstruindo e se recuperando dos danos causados \u200b\u200bpela recente tempestade.<\/p>\n<p><em>Copyright 2024 Sunbeam Television Corp. Todos os direitos reservados. Este material n\u00e3o pode ser publicado, transmitido, reescrito ou redistribu\u00eddo.<\/em><\/p>\n<div class=\"wp-block-newsletter\">\n\t<strong class=\"wp-block-newsletter__title\">Inscreva-se em nossa Newsletter para receber as \u00faltimas not\u00edcias diretamente na sua caixa de entrada<\/strong><\/p>\n<\/div><\/div>\n<p><br \/>\n<br \/><a href=\"https:\/\/wsvn.com\/news\/local\/florida\/cedar-key-residents-return-home-following-hurricane-debby-one-year-after-idalia-devastated-the-area\/\">Source link <\/a><\/p>","protected":false},"excerpt":{"rendered":"<p>CEDAR KEY, Fl\u00f3rida (WSVN) \u2014 Moradores de Cedar Key est\u00e3o sentindo um indesej\u00e1vel caso de d\u00e9j\u00e0 vu depois que o furac\u00e3o Debby causou inunda\u00e7\u00f5es, um lembrete da devasta\u00e7\u00e3o deixada pelo&hellip;<\/p>","protected":false},"author":1,"featured_media":17695,"comment_status":"closed","ping_status":"open","sticky":false,"template":"","format":"standard","meta":{"content-type":"","footnotes":""},"categories":[1],"tags":[],"class_list":["post-17694","post","type-post","status-publish","format-standard","has-post-thumbnail","hentry","category-uncategorized"],"_links":{"self":[{"href":"https:\/\/tvbrazilusa.com\/pt\/wp-json\/wp\/v2\/posts\/17694","targetHints":{"allow":["GET"]}}],"collection":[{"href":"https:\/\/tvbrazilusa.com\/pt\/wp-json\/wp\/v2\/posts"}],"about":[{"href":"https:\/\/tvbrazilusa.com\/pt\/wp-json\/wp\/v2\/types\/post"}],"author":[{"embeddable":true,"href":"https:\/\/tvbrazilusa.com\/pt\/wp-json\/wp\/v2\/users\/1"}],"replies":[{"embeddable":true,"href":"https:\/\/tvbrazilusa.com\/pt\/wp-json\/wp\/v2\/comments?post=17694"}],"version-history":[{"count":1,"href":"https:\/\/tvbrazilusa.com\/pt\/wp-json\/wp\/v2\/posts\/17694\/revisions"}],"predecessor-version":[{"id":17696,"href":"https:\/\/tvbrazilusa.com\/pt\/wp-json\/wp\/v2\/posts\/17694\/revisions\/17696"}],"wp:featuredmedia":[{"embeddable":true,"href":"https:\/\/tvbrazilusa.com\/pt\/wp-json\/wp\/v2\/media\/17695"}],"wp:attachment":[{"href":"https:\/\/tvbrazilusa.com\/pt\/wp-json\/wp\/v2\/media?parent=17694"}],"wp:term":[{"taxonomy":"category","embeddable":true,"href":"https:\/\/tvbrazilusa.com\/pt\/wp-json\/wp\/v2\/categories?post=17694"},{"taxonomy":"post_tag","embeddable":true,"href":"https:\/\/tvbrazilusa.com\/pt\/wp-json\/wp\/v2\/tags?post=17694"}],"curies":[{"name":"wp","href":"https:\/\/api.w.org\/{rel}","templated":true}]}}