{"id":17745,"date":"2024-08-06T01:00:00","date_gmt":"2024-08-06T01:00:00","guid":{"rendered":"https:\/\/tvbrazilusa.com\/2024\/08\/06\/kamala-harris-e-sua-campanha-permanecem-em-silencio-sobre-queda-do-mercado-em-multiplas-postagens-nas-redes-sociais-paulo-figueiredo\/"},"modified":"2024-08-06T01:12:14","modified_gmt":"2024-08-06T01:12:14","slug":"kamala-harris-e-sua-campanha-permanecem-em-silencio-sobre-queda-do-mercado-em-multiplas-postagens-nas-redes-sociais-paulo-figueiredo","status":"publish","type":"post","link":"https:\/\/tvbrazilusa.com\/pt\/2024\/08\/06\/kamala-harris-e-sua-campanha-permanecem-em-silencio-sobre-queda-do-mercado-em-multiplas-postagens-nas-redes-sociais-paulo-figueiredo\/","title":{"rendered":"Kamala Harris e sua Campanha Permanecem em Sil\u00eancio sobre Queda do Mercado em M\u00faltiplas Postagens nas Redes Sociais &#8211; Paulo Figueiredo"},"content":{"rendered":"<p> <script async src=\"https:\/\/pagead2.googlesyndication.com\/pagead\/js\/adsbygoogle.js?client=ca-pub-8864793242727901\"\r\n     crossorigin=\"anonymous\"><\/script><br \/>\n<\/p>\n<div id=\"wtr-content\" data-bg=\"#FFFFFF\" data-fg=\"#006d91\" data-width=\"25\" data-mute=\"1\" data-fgopacity=\"1.00\" data-mutedopacity=\"0.5\" data-placement=\"bottom\" data-placement-offset=\"0\" data-content-offset=\"262\" data-placement-touch=\"bottom\" data-placement-offset-touch=\"0\" data-transparent=\"\" data-shadow=\"0\" data-touch=\"1\" data-non-touch=\"1\" data-comments=\"0\" data-commentsbg=\"transparent\" data-location=\"page\" data-mutedfg=\"#006d91\" data-endfg=\"#006d91\" data-rtl=\"\">\n<pre class=\"wp-block-preformatted has-small-font-size\">Foto - Lawrence Jackson<\/pre>\n<p>A Vice-Presidente Kamala Harris, sua campanha presidencial e o Segundo Cavalheiro Doug Emhoff postaram coletivamente mais de uma d\u00fazia de vezes no X (antigo Twitter) desde que os principais \u00edndices de a\u00e7\u00f5es despencaram na segunda-feira, mas nenhuma das postagens abordou a s\u00fabita queda do mercado.<\/p>\n<p>O Dow Jones Industrial, o S&#038;P 500 e o Nasdaq Composite registraram quedas acentuadas na segunda-feira, dominando os ciclos de not\u00edcias ao longo do dia. No entanto, Harris, seu marido e sua campanha ignoraram a preocupante tend\u00eancia do mercado que est\u00e1 gerando medo entre os americanos.<\/p>\n<p>Em vez disso, optaram por postar nas redes sociais sobre arrecada\u00e7\u00e3o de fundos, uma mistura de caf\u00e9 chamada \u201cFirst Gentleman\u2019s Blend\u201d e ataques ao candidato republicano \u00e0 presid\u00eancia, o ex-presidente Donald Trump, e ao candidato \u00e0 vice-presid\u00eancia, o senador JD Vance (OH).<\/p>\n<p>Por exemplo, a p\u00e1gina pessoal de Harris no X apresentou apenas duas postagens na segunda-feira at\u00e9 \u00e0s 16:00 ET, horas ap\u00f3s a queda acentuada do mercado. Ela postou um link para uma p\u00e1gina de arrecada\u00e7\u00e3o de fundos para sua campanha ap\u00f3s atacar Trump em outra postagem.<\/p>\n<figure class=\"wp-block-embed is-type-rich is-provider-twitter wp-block-embed-twitter\">\n<div class=\"wp-block-embed__wrapper\">\n<blockquote class=\"twitter-tweet\" data-width=\"550\" data-dnt=\"true\">\n<p lang=\"en\" dir=\"ltr\">Generations of Americans before us led the fight for freedom. <\/p>\n<p>Now the baton is in our hands\u2014each and every one of us. <\/p>\n<p>Join our fight: <a href=\"https:\/\/t.co\/hVwG4qRWx8\">https:\/\/t.co\/hVwG4qRWx8<\/a><\/p>\n<p>\u2014 Kamala Harris (@KamalaHarris) <a href=\"https:\/\/twitter.com\/KamalaHarris\/status\/1820542289904599434?ref_src=twsrc%5Etfw\">August 5, 2024<\/a><\/p><\/blockquote>\n<\/div>\n<\/figure>\n<figure class=\"wp-block-embed is-type-rich is-provider-twitter wp-block-embed-twitter\">\n<div class=\"wp-block-embed__wrapper\">\n<blockquote class=\"twitter-tweet\" data-width=\"550\" data-dnt=\"true\">\n<p lang=\"en\" dir=\"ltr\">Let\u2019s be clear: Someone who suggested the \u201ctermination\u201d of the Constitution should never have the chance to stand behind the seal of the President of the United States. <\/p>\n<p>Never again.<\/p>\n<p>\u2014 Kamala Harris (@KamalaHarris) <a href=\"https:\/\/twitter.com\/KamalaHarris\/status\/1820499763713778080?ref_src=twsrc%5Etfw\">August 5, 2024<\/a><\/p><\/blockquote>\n<\/div>\n<\/figure>\n<p>Em sua conta oficial do governo sob o nome \u201c@VP\u201d, Harris fez apenas uma postagem na segunda-feira, que era sobre sal\u00e1rios sindicais e \u201clocais de trabalho\u201d.<\/p>\n<figure class=\"wp-block-embed is-type-rich is-provider-twitter wp-block-embed-twitter\">\n<div class=\"wp-block-embed__wrapper\">\n<blockquote class=\"twitter-tweet\" data-width=\"550\" data-dnt=\"true\">\n<p lang=\"en\" dir=\"ltr\">When union wages go up, everyone\u2019s wages go up.<\/p>\n<p>When union workplaces are safer, all workplaces are safer.<\/p>\n<p>And when unions are strong, America is strong. <a href=\"https:\/\/t.co\/jlRmCtAfG9\">pic.twitter.com\/jlRmCtAfG9<\/a><\/p>\n<p>\u2014 Vice President Kamala Harris (@VP) <a href=\"https:\/\/twitter.com\/VP\/status\/1820508709396549928?ref_src=twsrc%5Etfw\">August 5, 2024<\/a><\/p><\/blockquote>\n<\/div>\n<\/figure>\n<p>Logo ap\u00f3s \u00e0s 10:30 ET, Emhoff postou uma foto de si mesmo sorrindo e segurando um saco de caf\u00e9 \u201cblend signature\u201d chamado \u201cFirst Gentleman\u2019s Blend\u201d, que seria seu t\u00edtulo caso Harris se tornasse presidente.<\/p>\n<figure class=\"wp-block-embed is-type-rich is-provider-twitter wp-block-embed-twitter\"\/>\n<p>A conta da campanha de Harris enviou uma s\u00e9rie de postagens ap\u00f3s o in\u00edcio da queda do mercado na segunda-feira, mas a maioria eram ataques a Trump ou Vance, e nenhuma abordou o desastre financeiro.<\/p>\n<p>A campanha enviou dez postagens entre 10:25 e 16:15 ET. Sete eram cr\u00edticas a Trump, duas focadas em Vance, e uma destacava novos volunt\u00e1rios da campanha.<\/p>\n<figure class=\"wp-block-embed is-type-rich is-provider-twitter wp-block-embed-twitter\">\n<div class=\"wp-block-embed__wrapper\">\n<blockquote class=\"twitter-tweet\" data-width=\"550\" data-dnt=\"true\">\n<p lang=\"en\" dir=\"ltr\">Fox guest: We see over 177,000 new volunteers fired up ready to go for Kamala Harris. The campaign raised a record amount of money, $310 million. You see bipartisan support for her, including Republicans for Harris that just launched <a href=\"https:\/\/t.co\/1KhkJyjaUM\">pic.twitter.com\/1KhkJyjaUM<\/a><\/p>\n<p>\u2014 Kamala HQ (@KamalaHQ) <a href=\"https:\/\/twitter.com\/KamalaHQ\/status\/1820475147226128510?ref_src=twsrc%5Etfw\">August 5, 2024<\/a><\/p><\/blockquote>\n<\/div><figcaption class=\"wp-element-caption\"><em>Convidado da Fox: \u201cVemos mais de 177.000 novos volunt\u00e1rios empolgados e prontos para apoiar Kamala Harris. A campanha arrecadou um valor recorde de $310 milh\u00f5es. H\u00e1 apoio bipartid\u00e1rio para ela, incluindo o grupo \u2018Republicanos por Harris\u2019, que acaba de ser lan\u00e7ado.\u201d<\/em><\/figcaption><\/figure>\n<figure class=\"wp-block-embed is-type-rich is-provider-twitter wp-block-embed-twitter\">\n<div class=\"wp-block-embed__wrapper\">\n<blockquote class=\"twitter-tweet\" data-width=\"550\" data-dnt=\"true\">\n<p lang=\"en\" dir=\"ltr\">Republican Mayor of Mesa, Arizona: My city would not be well served by a second Trump presidency. In the best interest of my city, it was important that I speak up. Silence in is not an option. I am endorsing Kamala Harris <a href=\"https:\/\/t.co\/VAMliqkHvv\">pic.twitter.com\/VAMliqkHvv<\/a><\/p>\n<p>\u2014 Kamala HQ (@KamalaHQ) <a href=\"https:\/\/twitter.com\/KamalaHQ\/status\/1820544370187133090?ref_src=twsrc%5Etfw\">August 5, 2024<\/a><\/p><\/blockquote>\n<\/div><figcaption class=\"wp-element-caption\"><em>Prefeito Republicano de Mesa, Arizona: \u201cMinha cidade n\u00e3o seria bem servida por um segundo mandato de Trump. No melhor interesse da minha cidade, era importante que eu me manifestasse. O sil\u00eancio n\u00e3o \u00e9 uma op\u00e7\u00e3o. Estou endossando Kamala Harris.\u201d<\/em><\/figcaption><\/figure>\n<figure class=\"wp-block-embed is-type-rich is-provider-twitter wp-block-embed-twitter\"><figcaption class=\"wp-element-caption\"><em>JD Vance: \u201cMe chamem de estranho o quanto quiserem. Estou feliz em ser quem sou.\u201d<br \/>Apresentador: \u201cEle parece ser um pouco sens\u00edvel\u2026\u201d<\/em><\/figcaption><\/figure>\n<p>Vance Critica Harris por Seu Sil\u00eancio, Perguntando, \u201c#WheresKamala,\u201d em uma Postagem no X<\/p>\n<figure class=\"wp-block-embed is-type-rich is-provider-twitter wp-block-embed-twitter\">\n<div class=\"wp-block-embed__wrapper\">\n<blockquote class=\"twitter-tweet\" data-width=\"550\" data-dnt=\"true\">\n<p lang=\"en\" dir=\"ltr\">This moment could set off a real economic calamity around the globe. It requires steady leadership\u2013the kind President Trump delivered for four years. <\/p>\n<p>Kamala Harris is too afraid to answer media questions and cannot lead us in these troubled times. <a href=\"https:\/\/twitter.com\/hashtag\/WheresKamala?src=hash&#038;ref_src=twsrc%5Etfw\">#WheresKamala<\/a><\/p>\n<p>\u2014 JD Vance (@JDVance) <a href=\"https:\/\/twitter.com\/JDVance\/status\/1820459742982013403?ref_src=twsrc%5Etfw\">August 5, 2024<\/a><\/p><\/blockquote>\n<\/div><figcaption class=\"wp-element-caption\"><em>Vance Critica Harris por Seu Sil\u00eancio, Perguntando, \u201c#WheresKamala,\u201d em uma Postagem no X<br \/>\u201cEste momento pode desencadear uma verdadeira calamidade econ\u00f4mica ao redor do mundo. Requer uma lideran\u00e7a firme\u2014do tipo que o Presidente Trump entregou por quatro anos.<br \/>Kamala Harris tem medo de responder \u00e0s perguntas da m\u00eddia e n\u00e3o pode nos liderar nestes tempos dif\u00edceis.\u201d<\/em><\/figcaption><\/figure>\n<p><strong><a href=\"https:\/\/www.breitbart.com\/politics\/2024\/08\/05\/kamala-harris-and-her-campaign-silent-on-market-crash-in-more-than-a-dozen-social-media-posts\/\">Source link<\/a><\/strong><\/p>\n<\/div>\n<p><script async src=\"\/\/platform.twitter.com\/widgets.js\" charset=\"utf-8\"><\/script><br \/>\n<br \/><br \/>\n<br \/><a href=\"https:\/\/paulofigueiredoshow.com\/kamala-harris-e-sua-campanha-permanecem-em-silencio-sobre-queda-do-mercado-em-multiplas-postagens-nas-redes-sociais\/\">Source link <\/a><\/p>","protected":false},"excerpt":{"rendered":"<p>Foto &#8211; Lawrence Jackson A Vice-Presidente Kamala Harris, sua campanha presidencial e o Segundo Cavalheiro Doug Emhoff postaram coletivamente mais de uma d\u00fazia de vezes no X (antigo Twitter) desde&hellip;<\/p>","protected":false},"author":1,"featured_media":17746,"comment_status":"closed","ping_status":"open","sticky":false,"template":"","format":"standard","meta":{"content-type":"","footnotes":""},"categories":[16],"tags":[746,2218,956,1535,1954,6318,7864],"class_list":["post-17745","post","type-post","status-publish","format-standard","has-post-thumbnail","hentry","category-noticias","tag-campanha","tag-candidata","tag-democrata","tag-kamala","tag-queda","tag-silencio","tag-valores"],"_links":{"self":[{"href":"https:\/\/tvbrazilusa.com\/pt\/wp-json\/wp\/v2\/posts\/17745","targetHints":{"allow":["GET"]}}],"collection":[{"href":"https:\/\/tvbrazilusa.com\/pt\/wp-json\/wp\/v2\/posts"}],"about":[{"href":"https:\/\/tvbrazilusa.com\/pt\/wp-json\/wp\/v2\/types\/post"}],"author":[{"embeddable":true,"href":"https:\/\/tvbrazilusa.com\/pt\/wp-json\/wp\/v2\/users\/1"}],"replies":[{"embeddable":true,"href":"https:\/\/tvbrazilusa.com\/pt\/wp-json\/wp\/v2\/comments?post=17745"}],"version-history":[{"count":1,"href":"https:\/\/tvbrazilusa.com\/pt\/wp-json\/wp\/v2\/posts\/17745\/revisions"}],"predecessor-version":[{"id":17747,"href":"https:\/\/tvbrazilusa.com\/pt\/wp-json\/wp\/v2\/posts\/17745\/revisions\/17747"}],"wp:featuredmedia":[{"embeddable":true,"href":"https:\/\/tvbrazilusa.com\/pt\/wp-json\/wp\/v2\/media\/17746"}],"wp:attachment":[{"href":"https:\/\/tvbrazilusa.com\/pt\/wp-json\/wp\/v2\/media?parent=17745"}],"wp:term":[{"taxonomy":"category","embeddable":true,"href":"https:\/\/tvbrazilusa.com\/pt\/wp-json\/wp\/v2\/categories?post=17745"},{"taxonomy":"post_tag","embeddable":true,"href":"https:\/\/tvbrazilusa.com\/pt\/wp-json\/wp\/v2\/tags?post=17745"}],"curies":[{"name":"wp","href":"https:\/\/api.w.org\/{rel}","templated":true}]}}