{"id":17836,"date":"2024-08-06T04:25:25","date_gmt":"2024-08-06T04:25:25","guid":{"rendered":"https:\/\/tvbrazilusa.com\/2024\/08\/06\/manifestantes-de-bangladesh-querem-que-o-ganhador-do-premio-nobel-da-paz-yunus-lidere-o-pais-apos-a-saida-de-hasina\/"},"modified":"2024-08-06T04:31:19","modified_gmt":"2024-08-06T04:31:19","slug":"manifestantes-de-bangladesh-querem-que-o-ganhador-do-premio-nobel-da-paz-yunus-lidere-o-pais-apos-a-saida-de-hasina","status":"publish","type":"post","link":"https:\/\/tvbrazilusa.com\/pt\/2024\/08\/06\/manifestantes-de-bangladesh-querem-que-o-ganhador-do-premio-nobel-da-paz-yunus-lidere-o-pais-apos-a-saida-de-hasina\/","title":{"rendered":"Manifestantes de Bangladesh querem que o ganhador do Pr\u00eamio Nobel da Paz Yunus lidere o pa\u00eds ap\u00f3s a sa\u00edda de Hasina"},"content":{"rendered":"<script async src=\"https:\/\/pagead2.googlesyndication.com\/pagead\/js\/adsbygoogle.js?client=ca-pub-8864793242727901\"\r\n     crossorigin=\"anonymous\"><\/script>\n<div>\n<div class=\"dist__Box-sc-1fnzlkn-0 dist__StackBase-sc-1fnzlkn-7 cBaodK iBQKkl\">\n<p class=\"dist__Box-sc-1fnzlkn-0 dist__TextBase-sc-1fnzlkn-3 RGNtw\">Copyright 2024 The Associated Press. Todos os direitos reservados.<\/p>\n<p class=\"dist__Box-sc-1fnzlkn-0 dist__TextBase-sc-1fnzlkn-3 iAhGZy\">Manifestantes escalam um monumento p\u00fablico enquanto comemoram a not\u00edcia da ren\u00fancia da primeira-ministra Sheikh Hasina, em Dhaka, Bangladesh, segunda-feira, 5 de agosto de 2024. (Foto AP\/Rajib Dhar)<\/p>\n<\/div>\n<\/div>\n<div id=\"\">\n<p class=\"dist__Box-sc-1fnzlkn-0 dist__TextBase-sc-1fnzlkn-3 CGHCP htMUPQ article-text\"><strong>DACA<\/strong> \u2013 Um dos principais organizadores dos protestos estudantis de Bangladesh disse que o laureado com o Pr\u00eamio Nobel da Paz <a href=\"https:\/\/apnews.com\/article\/yunus-microcredit-bangladesh-corruption-case-grameen-174083c69d04ecd35b969cb9e10ea86b\">Muhammad Yunus<\/a> foi a escolha deles como chefe de um governo interino um dia ap\u00f3s a ren\u00fancia do antigo primeiro-ministro Sheik Hasina. <\/p>\n<p class=\"dist__Box-sc-1fnzlkn-0 dist__TextBase-sc-1fnzlkn-3 CGHCP htMUPQ article-text\">O presidente e chefe militar do pa\u00eds disseram na segunda-feira que um governo interino seria formado em breve.<\/p>\n<p class=\"dist__Box-sc-1fnzlkn-0 dist__TextBase-sc-1fnzlkn-3 CGHCP htMUPQ article-text\">Nahid Islam, o organizador, em uma postagem de v\u00eddeo nas redes sociais, disse que os l\u00edderes do protesto estudantil j\u00e1 conversaram com Yunus, que consentiu em assumir considerando a situa\u00e7\u00e3o atual do pa\u00eds. Yunus enfrentou uma s\u00e9rie de acusa\u00e7\u00f5es de corrup\u00e7\u00e3o e foi levado a julgamento durante o governo de Hasina. Ele recebeu o Nobel em 2006 depois de ser pioneiro em microcr\u00e9dito, e disse que as acusa\u00e7\u00f5es de corrup\u00e7\u00e3o contra ele foram motivadas por vingan\u00e7a. <\/p>\n<p class=\"dist__Box-sc-1fnzlkn-0 dist__TextBase-sc-1fnzlkn-3 CGHCP htMUPQ article-text\">Islam disse que os manifestantes estudantis anunciariam mais nomes para o governo, e seria um desafio dif\u00edcil para a lideran\u00e7a atual ignorar suas escolhas. <\/p>\n<p class=\"dist__Box-sc-1fnzlkn-0 dist__TextBase-sc-1fnzlkn-3 CGHCP htMUPQ article-text\">Hasina renunciou e fugiu do pa\u00eds na segunda-feira ap\u00f3s semanas de protestos contra um sistema de cotas para empregos no governo <a href=\"https:\/\/apnews.com\/1496d6471792cbc11f39c3bacee813f7\">desceu \u00e0 viol\u00eancia<\/a> e se tornou um desafio maior ao seu governo de 15 anos. Milhares de manifestantes invadiram sua resid\u00eancia oficial e outros pr\u00e9dios associados ao seu partido e fam\u00edlia.<\/p>\n<\/div>\n<p>Copyright 2024 The Associated Press. Todos os direitos reservados. Este material n\u00e3o pode ser publicado, transmitido, reescrito ou redistribu\u00eddo sem permiss\u00e3o.<\/p>\n<p><br \/>\n<br \/><a href=\"https:\/\/www.clickorlando.com\/news\/world\/2024\/08\/06\/bangladesh-protesters-want-nobel-peace-prize-laureate-yunus-to-lead-country-after-hasinas-departure\/\">Source link <\/a><\/p>","protected":false},"excerpt":{"rendered":"<p>Copyright 2024 The Associated Press. Todos os direitos reservados. Manifestantes escalam um monumento p\u00fablico enquanto comemoram a not\u00edcia da ren\u00fancia da primeira-ministra Sheikh Hasina, em Dhaka, Bangladesh, segunda-feira, 5 de&hellip;<\/p>","protected":false},"author":1,"featured_media":17837,"comment_status":"closed","ping_status":"open","sticky":false,"template":"","format":"standard","meta":{"content-type":"","footnotes":""},"categories":[1],"tags":[8157,1419],"class_list":["post-17836","post","type-post","status-publish","format-standard","has-post-thumbnail","hentry","category-uncategorized","tag-muhammad-yunus","tag-noticias-do-mundo"],"_links":{"self":[{"href":"https:\/\/tvbrazilusa.com\/pt\/wp-json\/wp\/v2\/posts\/17836","targetHints":{"allow":["GET"]}}],"collection":[{"href":"https:\/\/tvbrazilusa.com\/pt\/wp-json\/wp\/v2\/posts"}],"about":[{"href":"https:\/\/tvbrazilusa.com\/pt\/wp-json\/wp\/v2\/types\/post"}],"author":[{"embeddable":true,"href":"https:\/\/tvbrazilusa.com\/pt\/wp-json\/wp\/v2\/users\/1"}],"replies":[{"embeddable":true,"href":"https:\/\/tvbrazilusa.com\/pt\/wp-json\/wp\/v2\/comments?post=17836"}],"version-history":[{"count":1,"href":"https:\/\/tvbrazilusa.com\/pt\/wp-json\/wp\/v2\/posts\/17836\/revisions"}],"predecessor-version":[{"id":17838,"href":"https:\/\/tvbrazilusa.com\/pt\/wp-json\/wp\/v2\/posts\/17836\/revisions\/17838"}],"wp:featuredmedia":[{"embeddable":true,"href":"https:\/\/tvbrazilusa.com\/pt\/wp-json\/wp\/v2\/media\/17837"}],"wp:attachment":[{"href":"https:\/\/tvbrazilusa.com\/pt\/wp-json\/wp\/v2\/media?parent=17836"}],"wp:term":[{"taxonomy":"category","embeddable":true,"href":"https:\/\/tvbrazilusa.com\/pt\/wp-json\/wp\/v2\/categories?post=17836"},{"taxonomy":"post_tag","embeddable":true,"href":"https:\/\/tvbrazilusa.com\/pt\/wp-json\/wp\/v2\/tags?post=17836"}],"curies":[{"name":"wp","href":"https:\/\/api.w.org\/{rel}","templated":true}]}}