{"id":1790,"date":"2024-07-12T23:09:02","date_gmt":"2024-07-12T23:09:02","guid":{"rendered":"https:\/\/tvbrazilusa.com\/?p=1790"},"modified":"2024-07-12T23:13:48","modified_gmt":"2024-07-12T23:13:48","slug":"reviravolta-band-bate-o-martelo-e-decide-sobre-o-retorno-de-r-r-soares-para-a-programacao","status":"publish","type":"post","link":"https:\/\/tvbrazilusa.com\/pt\/2024\/07\/12\/reviravolta-band-bate-o-martelo-e-decide-sobre-o-retorno-de-r-r-soares-para-a-programacao\/","title":{"rendered":"Reviravolta: Band bate o martelo e decide sobre o retorno de R.R. Soares para a programa\u00e7\u00e3o"},"content":{"rendered":"<p> <script async src=\"https:\/\/pagead2.googlesyndication.com\/pagead\/js\/adsbygoogle.js?client=ca-pub-8864793242727901\"\r\n     crossorigin=\"anonymous\"><\/script><br \/>\n<\/p>\n<div>\n<p>Uma reviravolta ocorreu na paisagem televisiva brasileira com a reintrodu\u00e7\u00e3o do programa \u201cShow da F\u00e9\u201d, liderado pelo pastor R.R Soares, nas noites da Band. O an\u00fancio foi realizado nesta sexta-feira (12\/7), prometendo mudan\u00e7as significativas na grade de hor\u00e1rios do canal.<\/p>\n<p>Previsto para pegar o hor\u00e1rio logo ap\u00f3s o t\u00e9rmino do \u201cMelhor da Noite\u201d, o espa\u00e7o at\u00e9 ent\u00e3o ocupado pelo \u201cShow da F\u00e9\u201d come\u00e7a \u00e0s 21h20. Esta mudan\u00e7a, trazendo de volta um ic\u00f4nico programa religioso, altera a dura\u00e7\u00e3o de outras transmiss\u00f5es, com destaque para a redu\u00e7\u00e3o de 55 minutos no \u201cMelhor da Noite\u201d.<\/p>\n<figure class=\"wp-block-image size-large\"><picture decoding=\"async\" class=\"wp-image-153843\"><source type=\"image\/webp\" srcset=\"https:\/\/terrabrasilnoticias.com\/wp-content\/uploads\/2024\/07\/image-373-1024x576.png.webp 1024w, https:\/\/terrabrasilnoticias.com\/wp-content\/uploads\/2024\/07\/image-373-300x169.png.webp 300w, https:\/\/terrabrasilnoticias.com\/wp-content\/uploads\/2024\/07\/image-373-768x432.png.webp 768w, https:\/\/terrabrasilnoticias.com\/wp-content\/uploads\/2024\/07\/image-373-750x422.png.webp 750w, https:\/\/terrabrasilnoticias.com\/wp-content\/uploads\/2024\/07\/image-373-1140x641.png.webp 1140w, https:\/\/terrabrasilnoticias.com\/wp-content\/uploads\/2024\/07\/image-373.png.webp 1200w\" sizes=\"(max-width: 1024px) 100vw, 1024px\"\/><\/picture><figcaption class=\"wp-element-caption\">R.R Soares e Band (Reprodu\u00e7\u00e3o)<\/figcaption><\/figure>\n<h2 class=\"wp-block-heading\">Por que a Band decidiu trazer o \u201cShow da F\u00e9\u201d de volta agora?<\/h2>\n<p>A <a href=\"https:\/\/terrabrasilnoticias.com\/2024\/07\/urgente-band-confirma-o-afastamento-de-datena-do-programa-brasil-urgente\/\" target=\"_blank\" rel=\"noreferrer noopener\">emissora<\/a>, atrav\u00e9s de um comunicado, explicou que as ajustadas em sua grade visam equilibrar a programa\u00e7\u00e3o, otimizando os espa\u00e7os e hor\u00e1rios. A decis\u00e3o vem num momento estrat\u00e9gico tentando reverter as baixas dos n\u00fameros de audi\u00eancia em certos hor\u00e1rios.<\/p>\n<h2 class=\"wp-block-heading\">O impacto do retorno para a programa\u00e7\u00e3o noturna da Band<\/h2>\n<p>Com essa nova configura\u00e7\u00e3o, o \u201cShow da F\u00e9\u201d n\u00e3o s\u00f3 retorna mas tamb\u00e9m influencia diretamente outros programas do canal. Terminando \u00e0s 22h15, o show passa o bast\u00e3o para o \u201cPerrengue do Dia\u201d, que tentar\u00e1 capturar uma audi\u00eancia j\u00e1 aquecida pelo conte\u00fado religioso. Neste contexto, o canal busca uma nova harmonia e din\u00e2mica entre os programas, uma vez que a presen\u00e7a de R.R Soares marcou fortemente as noites do canal por cerca de duas d\u00e9cadas.<\/p>\n<h2 class=\"wp-block-heading\">Receptividade dos telespectadores e expectativas futuras<\/h2>\n<p>Para muitos f\u00e3s e fi\u00e9is seguidores, o retorno \u00e9 motivo de comemora\u00e7\u00e3o. No entanto, h\u00e1 quem especule sobre como a recep\u00e7\u00e3o do p\u00fablico ser\u00e1 impactada pelos novos arranjos da grade. A Band, ao que tudo indica, procura n\u00e3o s\u00f3 consolidar seus programas tradicionais mas tamb\u00e9m inovar em sua abordagem, equilibrando entre o legado e a renova\u00e7\u00e3o.<\/p>\n<p>As mudan\u00e7as na grade, embora arriscadas, representam um esfor\u00e7o da emissora em revitalizar sua programa\u00e7\u00e3o e, idealmente, atrair uma maior audi\u00eancia. Os pr\u00f3ximos meses ser\u00e3o cruciais para avaliar se a estrat\u00e9gia adotada ser\u00e1 bem-sucedida, marcando possivelmente uma nova era na hist\u00f3ria televisiva da emissora.<\/p>\n<\/p><\/div>\n<p><br \/>\n<br \/><a href=\"https:\/\/terrabrasilnoticias.com\/2024\/07\/reviravolta-band-bate-o-martelo-e-decide-sobre-o-retorno-de-r-r-soares-para-a-programacao\/\">Source link <\/a><\/p>","protected":false},"excerpt":{"rendered":"<p>Uma reviravolta ocorreu na paisagem televisiva brasileira com a reintrodu\u00e7\u00e3o do programa \u201cShow da F\u00e9\u201d, liderado pelo pastor R.R Soares, nas noites da Band. O an\u00fancio foi realizado nesta sexta-feira&hellip;<\/p>","protected":false},"author":1,"featured_media":1791,"comment_status":"closed","ping_status":"open","sticky":false,"template":"","format":"standard","meta":{"content-type":"","footnotes":""},"categories":[16],"tags":[],"class_list":["post-1790","post","type-post","status-publish","format-standard","has-post-thumbnail","hentry","category-noticias"],"_links":{"self":[{"href":"https:\/\/tvbrazilusa.com\/pt\/wp-json\/wp\/v2\/posts\/1790","targetHints":{"allow":["GET"]}}],"collection":[{"href":"https:\/\/tvbrazilusa.com\/pt\/wp-json\/wp\/v2\/posts"}],"about":[{"href":"https:\/\/tvbrazilusa.com\/pt\/wp-json\/wp\/v2\/types\/post"}],"author":[{"embeddable":true,"href":"https:\/\/tvbrazilusa.com\/pt\/wp-json\/wp\/v2\/users\/1"}],"replies":[{"embeddable":true,"href":"https:\/\/tvbrazilusa.com\/pt\/wp-json\/wp\/v2\/comments?post=1790"}],"version-history":[{"count":1,"href":"https:\/\/tvbrazilusa.com\/pt\/wp-json\/wp\/v2\/posts\/1790\/revisions"}],"predecessor-version":[{"id":1792,"href":"https:\/\/tvbrazilusa.com\/pt\/wp-json\/wp\/v2\/posts\/1790\/revisions\/1792"}],"wp:featuredmedia":[{"embeddable":true,"href":"https:\/\/tvbrazilusa.com\/pt\/wp-json\/wp\/v2\/media\/1791"}],"wp:attachment":[{"href":"https:\/\/tvbrazilusa.com\/pt\/wp-json\/wp\/v2\/media?parent=1790"}],"wp:term":[{"taxonomy":"category","embeddable":true,"href":"https:\/\/tvbrazilusa.com\/pt\/wp-json\/wp\/v2\/categories?post=1790"},{"taxonomy":"post_tag","embeddable":true,"href":"https:\/\/tvbrazilusa.com\/pt\/wp-json\/wp\/v2\/tags?post=1790"}],"curies":[{"name":"wp","href":"https:\/\/api.w.org\/{rel}","templated":true}]}}