{"id":17966,"date":"2024-08-06T11:18:28","date_gmt":"2024-08-06T11:18:28","guid":{"rendered":"https:\/\/tvbrazilusa.com\/2024\/08\/06\/teste-de-natacao-da-maratona-olimpica-e-cancelado-devido-a-preocupacoes-com-a-qualidade-da-agua-do-rio-sena\/"},"modified":"2024-08-06T11:28:15","modified_gmt":"2024-08-06T11:28:15","slug":"teste-de-natacao-da-maratona-olimpica-e-cancelado-devido-a-preocupacoes-com-a-qualidade-da-agua-do-rio-sena","status":"publish","type":"post","link":"https:\/\/tvbrazilusa.com\/pt\/2024\/08\/06\/teste-de-natacao-da-maratona-olimpica-e-cancelado-devido-a-preocupacoes-com-a-qualidade-da-agua-do-rio-sena\/","title":{"rendered":"Teste de nata\u00e7\u00e3o da maratona ol\u00edmpica \u00e9 cancelado devido a preocupa\u00e7\u00f5es com a qualidade da \u00e1gua do Rio Sena"},"content":{"rendered":"<script async src=\"https:\/\/pagead2.googlesyndication.com\/pagead\/js\/adsbygoogle.js?client=ca-pub-8864793242727901\"\r\n     crossorigin=\"anonymous\"><\/script>\n<div>\n<div class=\"dist__Box-sc-1fnzlkn-0 dist__StackBase-sc-1fnzlkn-7 cBaodK iBQKkl\">\n<p class=\"dist__Box-sc-1fnzlkn-0 dist__TextBase-sc-1fnzlkn-3 RGNtw\">Copyright 2024 The Associated Press. Todos os direitos reservados<\/p>\n<p class=\"dist__Box-sc-1fnzlkn-0 dist__TextBase-sc-1fnzlkn-3 iAhGZy\">Patos nadam ao longo do Rio Sena em frente \u00e0 Torre Eiffel durante as Olimp\u00edadas de Ver\u00e3o de 2024, segunda-feira, 29 de julho de 2024, em Paris. Enquanto as Olimp\u00edadas continuam em Paris, a qualidade da \u00e1gua do Rio Sena continua sendo uma grande \u00e1rea de preocupa\u00e7\u00e3o para as autoridades. Os organizadores do evento de triatlo cancelaram o treino de nata\u00e7\u00e3o na segunda-feira pelo segundo dia consecutivo devido \u00e0 m\u00e1 qualidade da \u00e1gua. Os organizadores do evento esperam que o tempo ensolarado torne a nata\u00e7\u00e3o vi\u00e1vel na ter\u00e7a-feira, quando o triatlo come\u00e7ar. (AP Photo\/David Goldman)<\/p>\n<\/div>\n<\/div>\n<div id=\"\">\n<p class=\"dist__Box-sc-1fnzlkn-0 dist__TextBase-sc-1fnzlkn-3 CGHCP htMUPQ article-text\"><strong>PARIS<\/strong> \u2013 Um teste que visa permitir <a href=\"https:\/\/apnews.com\/hub\/2024-paris-olympic-games\">ol\u00edmpico<\/a> atletas se familiarizarem com o percurso da maratona aqu\u00e1tica no Rio Sena foi cancelado na ter\u00e7a-feira devido a preocupa\u00e7\u00f5es com <a href=\"https:\/\/apnews.com\/article\/2024-olympics-paris-seine-water-quality-66913280ee4a04e0e3012c3a2d7d3ef5\">qualidade da \u00e1gua<\/a> na hidrovia de Paris.<\/p>\n<p class=\"dist__Box-sc-1fnzlkn-0 dist__TextBase-sc-1fnzlkn-3 CGHCP htMUPQ article-text\">A World Aquatics tomou a decis\u00e3o de cancelar o exerc\u00edcio em uma reuni\u00e3o matinal, disse o porta-voz Torin Koos. N\u00edveis flutuantes de bact\u00e9rias no curso de \u00e1gua polu\u00eddo h\u00e1 muito tempo t\u00eam sido uma preocupa\u00e7\u00e3o constante durante os Jogos, com a parte de nata\u00e7\u00e3o do triatlo e os eventos de maratona de nata\u00e7\u00e3o programados para serem realizados no rio.<\/p>\n<p class=\"dist__Box-sc-1fnzlkn-0 dist__TextBase-sc-1fnzlkn-3 CGHCP htMUPQ article-text\">Outro evento de teste de maratona aqu\u00e1tica est\u00e1 marcado para quarta-feira, e os organizadores decidir\u00e3o naquela manh\u00e3 se ele ir\u00e1 adiante, disse Koos. A maratona aqu\u00e1tica feminina est\u00e1 marcada para quinta-feira, enquanto a masculina est\u00e1 programada para correr na sexta-feira.<\/p>\n<p class=\"dist__Box-sc-1fnzlkn-0 dist__TextBase-sc-1fnzlkn-3 CGHCP htMUPQ article-text\">O cancelamento do evento-teste de maratona aqu\u00e1tica de ter\u00e7a-feira ocorre um dia ap\u00f3s o <a href=\"https:\/\/apnews.com\/article\/2024-olympics-paris-seine-water-quality-triathlon-a34cd5733fe659e10447c4f6af1998b4\">evento de revezamento misto de triatlo foi realizado no rio<\/a> que atravessa o centro da capital francesa. A World Triathlon divulgou dados na ter\u00e7a-feira mostrando que quando os triatletas nadaram na segunda-feira, os n\u00edveis de bact\u00e9rias fecais E. coli e enterococos estavam dentro dos n\u00edveis aceit\u00e1veis \u200b\u200bpara a extens\u00e3o do percurso do revezamento do triatlo.<\/p>\n<p class=\"dist__Box-sc-1fnzlkn-0 dist__TextBase-sc-1fnzlkn-3 CGHCP htMUPQ article-text\">A parte de nata\u00e7\u00e3o do triatlo e a maratona de nata\u00e7\u00e3o come\u00e7am e terminam na Pont Alexandre III, mas o percurso de nata\u00e7\u00e3o de maratona se estende mais abaixo no rio. Os nadadores de maratona d\u00e3o voltas no percurso por um total de 10 quil\u00f4metros (6,2 milhas).<\/p>\n<p class=\"dist__Box-sc-1fnzlkn-0 dist__TextBase-sc-1fnzlkn-3 CGHCP htMUPQ article-text\">___<\/p>\n<p class=\"dist__Box-sc-1fnzlkn-0 dist__TextBase-sc-1fnzlkn-3 CGHCP htMUPQ article-text\">Olimp\u00edadas AP: <a href=\"https:\/\/apnews.com\/hub\/2024-paris-olympic-games\">https:\/\/apnews.com\/hub\/2024-paris-olympic-games<\/a><\/p>\n<\/div>\n<p>Copyright 2024 The Associated Press. Todos os direitos reservados. Este material n\u00e3o pode ser publicado, transmitido, reescrito ou redistribu\u00eddo sem permiss\u00e3o.<\/p>\n<p><br \/>\n<br \/><a href=\"https:\/\/www.clickorlando.com\/news\/2024\/08\/06\/olympic-marathon-swim-test-run-is-canceled-over-water-quality-concerns-for-seine-river\/\">Source link <\/a><\/p>","protected":false},"excerpt":{"rendered":"<p>Copyright 2024 The Associated Press. Todos os direitos reservados Patos nadam ao longo do Rio Sena em frente \u00e0 Torre Eiffel durante as Olimp\u00edadas de Ver\u00e3o de 2024, segunda-feira, 29&hellip;<\/p>","protected":false},"author":1,"featured_media":17967,"comment_status":"closed","ping_status":"open","sticky":false,"template":"","format":"standard","meta":{"content-type":"","footnotes":""},"categories":[1],"tags":[1463,1419,1462],"class_list":["post-17966","post","type-post","status-publish","format-standard","has-post-thumbnail","hentry","category-uncategorized","tag-esportes","tag-noticias-do-mundo","tag-olimpiadas"],"_links":{"self":[{"href":"https:\/\/tvbrazilusa.com\/pt\/wp-json\/wp\/v2\/posts\/17966","targetHints":{"allow":["GET"]}}],"collection":[{"href":"https:\/\/tvbrazilusa.com\/pt\/wp-json\/wp\/v2\/posts"}],"about":[{"href":"https:\/\/tvbrazilusa.com\/pt\/wp-json\/wp\/v2\/types\/post"}],"author":[{"embeddable":true,"href":"https:\/\/tvbrazilusa.com\/pt\/wp-json\/wp\/v2\/users\/1"}],"replies":[{"embeddable":true,"href":"https:\/\/tvbrazilusa.com\/pt\/wp-json\/wp\/v2\/comments?post=17966"}],"version-history":[{"count":1,"href":"https:\/\/tvbrazilusa.com\/pt\/wp-json\/wp\/v2\/posts\/17966\/revisions"}],"predecessor-version":[{"id":17968,"href":"https:\/\/tvbrazilusa.com\/pt\/wp-json\/wp\/v2\/posts\/17966\/revisions\/17968"}],"wp:featuredmedia":[{"embeddable":true,"href":"https:\/\/tvbrazilusa.com\/pt\/wp-json\/wp\/v2\/media\/17967"}],"wp:attachment":[{"href":"https:\/\/tvbrazilusa.com\/pt\/wp-json\/wp\/v2\/media?parent=17966"}],"wp:term":[{"taxonomy":"category","embeddable":true,"href":"https:\/\/tvbrazilusa.com\/pt\/wp-json\/wp\/v2\/categories?post=17966"},{"taxonomy":"post_tag","embeddable":true,"href":"https:\/\/tvbrazilusa.com\/pt\/wp-json\/wp\/v2\/tags?post=17966"}],"curies":[{"name":"wp","href":"https:\/\/api.w.org\/{rel}","templated":true}]}}