{"id":17969,"date":"2024-08-06T11:19:14","date_gmt":"2024-08-06T11:19:14","guid":{"rendered":"https:\/\/tvbrazilusa.com\/2024\/08\/06\/departamento-de-policia-de-miami-dade-se-transformara-em-escritorio-do-xerife-wsvn-7news-noticias-de-miami-clima-esportes-fort-lauderdale\/"},"modified":"2024-08-06T11:30:50","modified_gmt":"2024-08-06T11:30:50","slug":"departamento-de-policia-de-miami-dade-se-transformara-em-escritorio-do-xerife-wsvn-7news-noticias-de-miami-clima-esportes-fort-lauderdale","status":"publish","type":"post","link":"https:\/\/tvbrazilusa.com\/pt\/2024\/08\/06\/departamento-de-policia-de-miami-dade-se-transformara-em-escritorio-do-xerife-wsvn-7news-noticias-de-miami-clima-esportes-fort-lauderdale\/","title":{"rendered":"Departamento de Pol\u00edcia de Miami-Dade se transformar\u00e1 em escrit\u00f3rio do xerife &#8211; WSVN 7News | Not\u00edcias de Miami, Clima, Esportes | Fort Lauderdale"},"content":{"rendered":"<p> <script async src=\"https:\/\/pagead2.googlesyndication.com\/pagead\/js\/adsbygoogle.js?client=ca-pub-8864793242727901\"\r\n     crossorigin=\"anonymous\"><\/script><br \/>\n<\/p>\n<div itemprop=\"articleBody\">\n<p>CONDADO DE MIAMI-DADE, Fl\u00f3rida (WSVN) \u2013 O Departamento de Pol\u00edcia de Miami-Dade logo far\u00e1 a transi\u00e7\u00e3o para o \u201cGabinete do Xerife de Miami-Dade\u201d, marcando a primeira vez em d\u00e9cadas que o condado ter\u00e1 um xerife eleito. Esta elei\u00e7\u00e3o atraiu uma longa lista de candidatos republicanos disputando a posi\u00e7\u00e3o mais alta de aplica\u00e7\u00e3o da lei do condado.<\/p>\n<p><strong>Ignacio \u00c1lvarez<\/strong> \u00e9 um dos candidatos republicanos. Ex-major da Unidade de V\u00edtimas Especiais da Pol\u00edcia de Miami-Dade, Alvarez se aposentou e fundou seu pr\u00f3prio escrit\u00f3rio de advocacia, onde atualmente exerce a advocacia.<\/p>\n<blockquote class=\"wp-block-quote is-layout-flow wp-block-quote-is-layout-flow\">\n<p>\u201cEste trabalho \u00e9 t\u00e3o importante que o fazemos direito\u201d, disse Alvarez. \u201cEu sou o \u00fanico com experi\u00eancia de vida real; sou o \u00fanico que foi policial por mais de 25 anos, os \u00faltimos oito deles como major.\u201d<\/p>\n<\/blockquote>\n<p>Outro candidato, <strong>Jos\u00e9 Aragu<\/strong>atual major da pol\u00edcia de Miami-Dade, enfatiza seu s\u00f3lido curr\u00edculo e educa\u00e7\u00e3o.<\/p>\n<blockquote class=\"wp-block-quote is-layout-flow wp-block-quote-is-layout-flow\">\n<p>\u201cPela primeira vez em 60 anos, teremos uma oportunidade como comunidade de separar a pol\u00edtica da aplica\u00e7\u00e3o da lei\u201d, afirmou Aragu. \u201cSou formado pela Harvard Kennedy School em pol\u00edtica p\u00fablica, pela Naval Academy e pela FIU com mestrado em gest\u00e3o de emerg\u00eancias.\u201d<\/p>\n<\/blockquote>\n<p><strong>Rosanna Cordero-Stutz<\/strong>que serviu no Departamento de Pol\u00edcia de Miami-Dade por 27 anos, tamb\u00e9m est\u00e1 na disputa. Ela promete n\u00e3o deixar que a pol\u00edtica atrapalhe o trabalho do departamento.<\/p>\n<blockquote class=\"wp-block-quote is-layout-flow wp-block-quote-is-layout-flow\">\n<p>\u201cFui policial a vida toda no Departamento de Pol\u00edcia de Miami-Dade. Trabalhei em cada cent\u00edmetro deste departamento\u201d, disse Cordero-Stutz. \u201cA seguran\u00e7a est\u00e1 diretamente sobre os ombros do xerife, e tomarei todas as minhas decis\u00f5es com base nas necessidades dos meus cidad\u00e3os para sua seguran\u00e7a.\u201d<\/p>\n<\/blockquote>\n<p><strong>Raumen DelaRua<\/strong>que come\u00e7ou sua carreira na Pol\u00edcia de Miami na d\u00e9cada de 1980, passou 26 anos no Gabinete do Xerife do Condado de Marion, no centro-norte da Fl\u00f3rida, onde se aposentou como comandante distrital.<\/p>\n<blockquote class=\"wp-block-quote is-layout-flow wp-block-quote-is-layout-flow\">\n<p>\u201cSou o \u00fanico candidato que tem a experi\u00eancia de um xerife adjunto em todos esses campos\u201d, DelaRua comentou. \u201cQuando eu era um explorador policial, comecei aos 14 anos, e dediquei minha vida \u00e0 seguran\u00e7a e ao bem-estar de nossos cidad\u00e3os.\u201d <\/p>\n<\/blockquote>\n<p><strong>M\u00e1rio Knapp<\/strong>um major aposentado da pol\u00edcia de Miami-Dade, \u00e9 outro candidato na disputa. Ele trabalhou para o departamento por 27 anos em v\u00e1rias unidades supervisionando esquadr\u00f5es antibombas, caninos e unidades de patrulha marinha.<\/p>\n<blockquote class=\"wp-block-quote is-layout-flow wp-block-quote-is-layout-flow\">\n<p>\u201cEste \u00e9 o momento de definir o padr\u00e3o, de definir a funda\u00e7\u00e3o para a seguran\u00e7a p\u00fablica no Condado de Miami-Dade\u201d, disse Knapp. \u201cSe voc\u00ea olhar ao redor do pa\u00eds, ver\u00e1 cidades como Chicago, Filad\u00e9lfia e Calif\u00f3rnia, onde n\u00e3o h\u00e1 mais consequ\u00eancias para crimes.\u201d<\/p>\n<\/blockquote>\n<p><strong>Jeffrey Giordano<\/strong>um veterano de 27 anos da Pol\u00edcia de Miami, serviu como negociador de ref\u00e9ns, agente secreto, detetive e agente de informa\u00e7\u00e3o p\u00fablica. Ele visa manter o novo escrit\u00f3rio livre de influ\u00eancia pol\u00edtica.<\/p>\n<blockquote class=\"wp-block-quote is-layout-flow wp-block-quote-is-layout-flow\">\n<p>\u201cComo xerife do Condado de Miami-Dade, seremos respons\u00e1veis \u200b\u200bpelas pessoas\u201d, disse Giordano. \u201cEnquanto trabalharmos juntos, a unidade que podemos trazer a esta comunidade ser\u00e1 dez vezes maior do que \u00e9 agora.\u201d<\/p>\n<\/blockquote>\n<p>Esses candidatos representam apenas metade do campo republicano. <\/p>\n<p><a href=\"https:\/\/wsvn.com\/news\/local\/miami-dade\/early-voting-begins-in-miami-dade-county-for-2024-elections\/\" target=\"_blank\" rel=\"noreferrer noopener\">A vota\u00e7\u00e3o antecipada est\u00e1 em andamento<\/a> no Condado de Miami-Dade, e as prim\u00e1rias est\u00e3o marcadas para ter\u00e7a-feira, 20 de agosto. <\/p>\n<p>Para mais informa\u00e7\u00f5es sobre os locais e hor\u00e1rios de vota\u00e7\u00e3o antecipada, visite o <a href=\"https:\/\/www.miamidade.gov\/global\/elections\/home.page\" data-type=\"link\" data-id=\"https:\/\/www.miamidade.gov\/global\/elections\/home.page\" target=\"_blank\" rel=\"noreferrer noopener\">Site do Departamento Eleitoral do Condado de Miami-Dade<\/a>.<\/p>\n<p><em>Copyright 2024 Sunbeam Television Corp. Todos os direitos reservados. Este material n\u00e3o pode ser publicado, transmitido, reescrito ou redistribu\u00eddo.<\/em><\/p>\n<div class=\"wp-block-newsletter\">\n\t<strong class=\"wp-block-newsletter__title\">Inscreva-se em nossa Newsletter para receber as \u00faltimas not\u00edcias diretamente na sua caixa de entrada<\/strong><\/p>\n<\/div><\/div>\n<p><br \/>\n<br \/><a href=\"https:\/\/wsvn.com\/news\/local\/miami-dade\/miami-dade-police-department-to-transform-into-sheriffs-office\/\">Source link <\/a><\/p>","protected":false},"excerpt":{"rendered":"<p>CONDADO DE MIAMI-DADE, Fl\u00f3rida (WSVN) \u2013 O Departamento de Pol\u00edcia de Miami-Dade logo far\u00e1 a transi\u00e7\u00e3o para o \u201cGabinete do Xerife de Miami-Dade\u201d, marcando a primeira vez em d\u00e9cadas que&hellip;<\/p>","protected":false},"author":1,"featured_media":17970,"comment_status":"closed","ping_status":"open","sticky":false,"template":"","format":"standard","meta":{"content-type":"","footnotes":""},"categories":[1],"tags":[],"class_list":["post-17969","post","type-post","status-publish","format-standard","has-post-thumbnail","hentry","category-uncategorized"],"_links":{"self":[{"href":"https:\/\/tvbrazilusa.com\/pt\/wp-json\/wp\/v2\/posts\/17969","targetHints":{"allow":["GET"]}}],"collection":[{"href":"https:\/\/tvbrazilusa.com\/pt\/wp-json\/wp\/v2\/posts"}],"about":[{"href":"https:\/\/tvbrazilusa.com\/pt\/wp-json\/wp\/v2\/types\/post"}],"author":[{"embeddable":true,"href":"https:\/\/tvbrazilusa.com\/pt\/wp-json\/wp\/v2\/users\/1"}],"replies":[{"embeddable":true,"href":"https:\/\/tvbrazilusa.com\/pt\/wp-json\/wp\/v2\/comments?post=17969"}],"version-history":[{"count":1,"href":"https:\/\/tvbrazilusa.com\/pt\/wp-json\/wp\/v2\/posts\/17969\/revisions"}],"predecessor-version":[{"id":17971,"href":"https:\/\/tvbrazilusa.com\/pt\/wp-json\/wp\/v2\/posts\/17969\/revisions\/17971"}],"wp:featuredmedia":[{"embeddable":true,"href":"https:\/\/tvbrazilusa.com\/pt\/wp-json\/wp\/v2\/media\/17970"}],"wp:attachment":[{"href":"https:\/\/tvbrazilusa.com\/pt\/wp-json\/wp\/v2\/media?parent=17969"}],"wp:term":[{"taxonomy":"category","embeddable":true,"href":"https:\/\/tvbrazilusa.com\/pt\/wp-json\/wp\/v2\/categories?post=17969"},{"taxonomy":"post_tag","embeddable":true,"href":"https:\/\/tvbrazilusa.com\/pt\/wp-json\/wp\/v2\/tags?post=17969"}],"curies":[{"name":"wp","href":"https:\/\/api.w.org\/{rel}","templated":true}]}}