{"id":1800,"date":"2024-07-13T00:00:00","date_gmt":"2024-07-13T00:00:00","guid":{"rendered":"https:\/\/tvbrazilusa.com\/?p=1800"},"modified":"2024-07-13T00:17:34","modified_gmt":"2024-07-13T00:17:34","slug":"gremio-desembolsando-r-30-milhoes-confira-os-reforcos-sul-americanos","status":"publish","type":"post","link":"https:\/\/tvbrazilusa.com\/pt\/2024\/07\/13\/gremio-desembolsando-r-30-milhoes-confira-os-reforcos-sul-americanos\/","title":{"rendered":"Gr\u00eamio desembolsando R$ 30 milh\u00f5es; confira os refor\u00e7os Sul-Americanos"},"content":{"rendered":"<p> <script async src=\"https:\/\/pagead2.googlesyndication.com\/pagead\/js\/adsbygoogle.js?client=ca-pub-8864793242727901\"\r\n     crossorigin=\"anonymous\"><\/script><br \/>\n<\/p>\n<div>\n<p>O mercado da bola est\u00e1 aquecido para o <a href=\"https:\/\/gremio.net\/\" target=\"_blank\" rel=\"noreferrer noopener\">Gr\u00eamio<\/a>, que parece estar muito pr\u00f3ximo de garantir dois importantes talentos sul-americanos para o seu plantel. Estamos falando de Mat\u00edas Arezo e Miguel Monsalve, dois jovens jogadores que prometem agregar muito potencial \u00e0 equipe ga\u00facha. A negocia\u00e7\u00e3o gira em torno da impressionante cifra de R$ 30 milh\u00f5es.<\/p>\n<p>Esta aquisi\u00e7\u00e3o faz parte de uma estrat\u00e9gia maior do clube, que visa fortalecer a equipe diante de poss\u00edveis baixas. Existe um interesse not\u00e1vel de clubes do exterior em alguns atletas do elenco tricolor, o que pode resultar em transfer\u00eancias no futuro breve. Pontas como Pavon, Gustavo Nunes e Nathan Fernandes est\u00e3o despertando cobi\u00e7a no mercado internacional.<\/p>\n<div class=\"wp-block-image\">\n<figure class=\"aligncenter size-full is-resized\"><picture decoding=\"async\" class=\"wp-image-153328\" style=\"width:953px;height:auto\"><source type=\"image\/webp\" srcset=\"https:\/\/terrabrasilnoticias.com\/wp-content\/uploads\/2024\/07\/dwadaw.png.webp 789w, https:\/\/terrabrasilnoticias.com\/wp-content\/uploads\/2024\/07\/dwadaw-300x215.png.webp 300w, https:\/\/terrabrasilnoticias.com\/wp-content\/uploads\/2024\/07\/dwadaw-768x551.png.webp 768w, https:\/\/terrabrasilnoticias.com\/wp-content\/uploads\/2024\/07\/dwadaw-120x86.png.webp 120w, https:\/\/terrabrasilnoticias.com\/wp-content\/uploads\/2024\/07\/dwadaw-350x250.png.webp 350w, https:\/\/terrabrasilnoticias.com\/wp-content\/uploads\/2024\/07\/dwadaw-750x538.png.webp 750w\" sizes=\"(max-width: 789px) 100vw, 789px\"\/><\/picture><figcaption class=\"wp-element-caption\">Foto: Andr\u00e9s Arango<\/figcaption><\/figure>\n<\/div>\n<h2 class=\"wp-block-heading\">Quais S\u00e3o os Talentos Que o Gr\u00eamio Est\u00e1 Tra\u00e7ando?<\/h2>\n<p>Os dois jogadores em quest\u00e3o t\u00eam sido alvos de interesse para muitos clubes ao redor da Am\u00e9rica do Sul. Mat\u00edas Arezo, conhecido por sua habilidade de finaliza\u00e7\u00e3o e presen\u00e7a de \u00e1rea, com Miguel Monsalve, que impressiona pela velocidade e habilidade t\u00e9cnica, poderiam proporcionar ao Gr\u00eamio as caracter\u00edsticas t\u00e3o necess\u00e1rias para fortalecer o ataque tricolor.<\/p>\n<h2 class=\"wp-block-heading\">Poss\u00edveis Sa\u00eddas: Quem Pode Deixar o Gr\u00eamio?<\/h2>\n<p><a href=\"https:\/\/terrabrasilnoticias.com\/2024\/07\/cruzeiro-botafogo-e-palmeiras-na-janela-de-transferencia-quem-gastou-mais\/\" target=\"_blank\" rel=\"noreferrer noopener\">Os rumores de transfer\u00eancia n\u00e3o se limitam apenas a chegadas<\/a>. Tr\u00eas jogadores do atual elenco, Pavon, Gustavo Nunes e Nathan Fernandes, s\u00e3o observados por clubes europeus, o que eventualmente pode levar a uma reconfigura\u00e7\u00e3o t\u00e1tica pela comiss\u00e3o t\u00e9cnica. Essa potencial sa\u00edda de jogadores chave \u00e9 uma das raz\u00f5es pelas quais o Gr\u00eamio busca se antecipar no mercado.<\/p>\n<h2 class=\"wp-block-heading\">O Investimento em Novos Talentos Compensa?<\/h2>\n<p>Investir em talentos emergentes do futebol sul-americano tem sido uma estrat\u00e9gia comum, e muitas vezes lucrativa, para clubes brasileiros. Os jogadores da regi\u00e3o geralmente se adaptam bem ao estilo de futebol praticado no Brasil e por uma fra\u00e7\u00e3o do custo comparado aos jogadores europeus ou de outras ligas mais estabelecidas.<\/p>\n<p><strong>Arezo e Monsalve<\/strong> representam exatamente esse tipo de aposta: jovens com grande potencial que podem, sob a orienta\u00e7\u00e3o certa, desenvolver-se em estrelas do futebol nacional e, quem sabe, internacional. Al\u00e9m disso, a poss\u00edvel venda de atletas j\u00e1 estabelecidos poderia cobrir e at\u00e9 superar o investimento feito em novos nomes.<\/p>\n<ul>\n<li>Mat\u00edas Arezo: Conhecido por sua t\u00e9cnica e capacidade de gol.<\/li>\n<\/ul>\n<ul>\n<li>Miguel Monsalve: R\u00e1pido e habilidoso, promete dar trabalho \u00e0s defesas advers\u00e1rias.<\/li>\n<\/ul>\n<ul>\n<li>Poss\u00edveis sa\u00eddas: Pavon, Gustavo Nunes e Nathan Fernandes.<\/li>\n<\/ul>\n<p>O Gr\u00eamio mostra-se ativo no mercado visando n\u00e3o apenas fortalecer sua equipe, mas tamb\u00e9m se preparar para continuar competitivo diante das mudan\u00e7as que o cen\u00e1rio do futebol apresenta constantemente. Assim, enquanto o campeonato se desenrola, os olhos dos torcedores estar\u00e3o tanto nos jogos quanto nas novidades vindas da diretoria.<\/p>\n<\/p><\/div>\n<p><br \/>\n<br \/><a href=\"https:\/\/terrabrasilnoticias.com\/2024\/07\/gremio-desembolsando-r-30-milhoes-confira-os-reforcos-sul-americanos\/\">Source link <\/a><\/p>","protected":false},"excerpt":{"rendered":"<p>O mercado da bola est\u00e1 aquecido para o Gr\u00eamio, que parece estar muito pr\u00f3ximo de garantir dois importantes talentos sul-americanos para o seu plantel. Estamos falando de Mat\u00edas Arezo e&hellip;<\/p>","protected":false},"author":1,"featured_media":1801,"comment_status":"closed","ping_status":"open","sticky":false,"template":"","format":"standard","meta":{"content-type":"","footnotes":""},"categories":[16],"tags":[],"class_list":["post-1800","post","type-post","status-publish","format-standard","has-post-thumbnail","hentry","category-noticias"],"_links":{"self":[{"href":"https:\/\/tvbrazilusa.com\/pt\/wp-json\/wp\/v2\/posts\/1800","targetHints":{"allow":["GET"]}}],"collection":[{"href":"https:\/\/tvbrazilusa.com\/pt\/wp-json\/wp\/v2\/posts"}],"about":[{"href":"https:\/\/tvbrazilusa.com\/pt\/wp-json\/wp\/v2\/types\/post"}],"author":[{"embeddable":true,"href":"https:\/\/tvbrazilusa.com\/pt\/wp-json\/wp\/v2\/users\/1"}],"replies":[{"embeddable":true,"href":"https:\/\/tvbrazilusa.com\/pt\/wp-json\/wp\/v2\/comments?post=1800"}],"version-history":[{"count":1,"href":"https:\/\/tvbrazilusa.com\/pt\/wp-json\/wp\/v2\/posts\/1800\/revisions"}],"predecessor-version":[{"id":1802,"href":"https:\/\/tvbrazilusa.com\/pt\/wp-json\/wp\/v2\/posts\/1800\/revisions\/1802"}],"wp:featuredmedia":[{"embeddable":true,"href":"https:\/\/tvbrazilusa.com\/pt\/wp-json\/wp\/v2\/media\/1801"}],"wp:attachment":[{"href":"https:\/\/tvbrazilusa.com\/pt\/wp-json\/wp\/v2\/media?parent=1800"}],"wp:term":[{"taxonomy":"category","embeddable":true,"href":"https:\/\/tvbrazilusa.com\/pt\/wp-json\/wp\/v2\/categories?post=1800"},{"taxonomy":"post_tag","embeddable":true,"href":"https:\/\/tvbrazilusa.com\/pt\/wp-json\/wp\/v2\/tags?post=1800"}],"curies":[{"name":"wp","href":"https:\/\/api.w.org\/{rel}","templated":true}]}}