{"id":18045,"date":"2024-08-06T13:08:26","date_gmt":"2024-08-06T13:08:26","guid":{"rendered":"https:\/\/tvbrazilusa.com\/2024\/08\/06\/medico-italiano-e-preso-em-flagrante-por-importunar-sexualmente-mascote-em-jogo-de-futebol-no-brasil-entenda-o-caso\/"},"modified":"2024-08-06T13:20:23","modified_gmt":"2024-08-06T13:20:23","slug":"medico-italiano-e-preso-em-flagrante-por-importunar-sexualmente-mascote-em-jogo-de-futebol-no-brasil-entenda-o-caso","status":"publish","type":"post","link":"https:\/\/tvbrazilusa.com\/pt\/2024\/08\/06\/medico-italiano-e-preso-em-flagrante-por-importunar-sexualmente-mascote-em-jogo-de-futebol-no-brasil-entenda-o-caso\/","title":{"rendered":"M\u00e9dico italiano \u00e9 preso em flagrante por importunar sexualmente mascote em jogo de futebol no Brasil; entenda o caso"},"content":{"rendered":"<p> <script async src=\"https:\/\/pagead2.googlesyndication.com\/pagead\/js\/adsbygoogle.js?client=ca-pub-8864793242727901\"\r\n     crossorigin=\"anonymous\"><\/script><br \/>\n<\/p>\n<div>\n<p>Um m\u00e9dico foi preso em flagrante por importuna\u00e7\u00e3o sexual e encaminhado \u00e0 delegacia de Maring\u00e1. Segundo informa\u00e7\u00f5es da <a href=\"https:\/\/terrabrasilnoticias.com\/2024\/08\/boletim-de-ocorrencia-e-divulgado-e-policia-revela-o-que-encontrou-ao-lado-do-corpo-de-daniel-mastral\/\" target=\"_blank\" rel=\"noreferrer noopener\">Pol\u00edcia <\/a>Militar (PM), todos os envolvidos tamb\u00e9m foram \u00e0 delegacia para continuar os procedimentos pertinentes. A situa\u00e7\u00e3o gerou grande repercuss\u00e3o na cidade e na imprensa local.<\/p>\n<p>O caso aconteceu em um momento em que Maring\u00e1 se prepara para receber um cirurgi\u00e3o pl\u00e1stico italiano, que iria ministrar um curso de lifting de rosto e pesco\u00e7o na Universidade Uning\u00e1 entre os dias 7 e 9 de agosto de 2024. O m\u00e9dico havia anunciado sua vinda ao Brasil h\u00e1 uma semana, em suas redes sociais, causando expectativa na comunidade acad\u00eamica.<\/p>\n<figure class=\"wp-block-image size-full\"><picture decoding=\"async\" class=\"wp-image-168605\"><source type=\"image\/webp\" srcset=\"https:\/\/terrabrasilnoticias.com\/wp-content\/uploads\/2024\/08\/image-222.png.webp 900w, https:\/\/terrabrasilnoticias.com\/wp-content\/uploads\/2024\/08\/image-222-300x169.png.webp 300w, https:\/\/terrabrasilnoticias.com\/wp-content\/uploads\/2024\/08\/image-222-768x432.png.webp 768w, https:\/\/terrabrasilnoticias.com\/wp-content\/uploads\/2024\/08\/image-222-750x422.png.webp 750w\" sizes=\"(max-width: 900px) 100vw, 900px\"\/><\/picture><figcaption class=\"wp-element-caption\">Imagem: Reprodu\u00e7\u00e3o\/Instagram<\/figcaption><\/figure>\n<h2 class=\"wp-block-heading\">Caso da Importuna\u00e7\u00e3o Sexual do M\u00e9dico<\/h2>\n<p>A pris\u00e3o em flagrante por importuna\u00e7\u00e3o sexual em Maring\u00e1 refor\u00e7a a import\u00e2ncia de se discutir e combater atos de viol\u00eancia e ass\u00e9dio. O incidente preocupou a popula\u00e7\u00e3o local e gerou questionamentos sobre as medidas de seguran\u00e7a em lugares p\u00fablicos.<\/p>\n<p>O Maring\u00e1 FC declarou seu compromisso em combater qualquer forma de viol\u00eancia dentro e fora dos est\u00e1dios. O clube escreveu em nota que \u201cbuscamos sempre que o est\u00e1dio seja um local seguro para todos os torcedores e n\u00e3o aceitaremos qualquer tipo de conduta semelhante em nossos jogos\u201d.<\/p>\n<h2 class=\"wp-block-heading\">Qual a Import\u00e2ncia do Protocolo \u201cN\u00e3o \u00e9 N\u00e3o\u201d?<\/h2>\n<p>O Maring\u00e1 FC est\u00e1 desenvolvendo uma a\u00e7\u00e3o em parceria com o Minist\u00e9rio P\u00fablico e a Federa\u00e7\u00e3o Paranaense para implementar o protocolo \u201cN\u00e3o \u00e9 N\u00e3o\u201d, contra a viol\u00eancia, importuna\u00e7\u00e3o e ass\u00e9dio no trabalho. Mas qual \u00e9 a real import\u00e2ncia dessa iniciativa?<\/p>\n<ul class=\"wp-block-list\">\n<li><strong>Preven\u00e7\u00e3o de Ass\u00e9dio:<\/strong> O protocolo visa criar um ambiente seguro em eventos esportivos, prevenindo ass\u00e9dio e importuna\u00e7\u00e3o sexual.<\/li>\n<li><strong>Conscientiza\u00e7\u00e3o:<\/strong> Promove a conscientiza\u00e7\u00e3o sobre o respeito e a integridade das pessoas.<\/li>\n<li><strong>Medidas R\u00edgidas:<\/strong> Estabelece medidas rigorosas contra os infratores, servindo como um dissuasor para comportamentos inadequados.<\/li>\n<\/ul>\n<h2 class=\"wp-block-heading\">Como Empresas e Institui\u00e7\u00f5es Est\u00e3o Reagindo?<\/h2>\n<p>A <strong>\u00c1gua Mineral Safira<\/strong>, empregadora da v\u00edtima, repudiou o comportamento do acusado e prestou solidariedade \u00e0 mulher. Em nota, a empresa afirmou: \u201cN\u00e3o aceitaremos condutas semelhantes e reafirmamos nosso compromisso com a integridade e o respeito a todos os nossos colaboradores e parceiros\u201d. A empresa tamb\u00e9m acompanhou o registro do boletim de ocorr\u00eancia e est\u00e1 tomando medidas para garantir a seguran\u00e7a e bem-estar de todos os envolvidos.<\/p>\n<p>J\u00e1 a Universidade Uning\u00e1, onde o m\u00e9dico italiano ministraria o curso, ainda n\u00e3o se manifestou oficialmente sobre o ocorrido.<\/p>\n<\/p><\/div>\n<p><br \/>\n<br \/><a href=\"https:\/\/terrabrasilnoticias.com\/2024\/08\/medico-italiano-e-preso-em-flagrante-por-importunar-sexualmente-mascote-em-jogo-de-futebol-no-brasil-entenda-o-caso\/\">Source link <\/a><\/p>","protected":false},"excerpt":{"rendered":"<p>Um m\u00e9dico foi preso em flagrante por importuna\u00e7\u00e3o sexual e encaminhado \u00e0 delegacia de Maring\u00e1. Segundo informa\u00e7\u00f5es da Pol\u00edcia Militar (PM), todos os envolvidos tamb\u00e9m foram \u00e0 delegacia para continuar&hellip;<\/p>","protected":false},"author":1,"featured_media":18046,"comment_status":"closed","ping_status":"open","sticky":false,"template":"","format":"standard","meta":{"content-type":"","footnotes":""},"categories":[16],"tags":[],"class_list":["post-18045","post","type-post","status-publish","format-standard","has-post-thumbnail","hentry","category-noticias"],"_links":{"self":[{"href":"https:\/\/tvbrazilusa.com\/pt\/wp-json\/wp\/v2\/posts\/18045","targetHints":{"allow":["GET"]}}],"collection":[{"href":"https:\/\/tvbrazilusa.com\/pt\/wp-json\/wp\/v2\/posts"}],"about":[{"href":"https:\/\/tvbrazilusa.com\/pt\/wp-json\/wp\/v2\/types\/post"}],"author":[{"embeddable":true,"href":"https:\/\/tvbrazilusa.com\/pt\/wp-json\/wp\/v2\/users\/1"}],"replies":[{"embeddable":true,"href":"https:\/\/tvbrazilusa.com\/pt\/wp-json\/wp\/v2\/comments?post=18045"}],"version-history":[{"count":1,"href":"https:\/\/tvbrazilusa.com\/pt\/wp-json\/wp\/v2\/posts\/18045\/revisions"}],"predecessor-version":[{"id":18047,"href":"https:\/\/tvbrazilusa.com\/pt\/wp-json\/wp\/v2\/posts\/18045\/revisions\/18047"}],"wp:featuredmedia":[{"embeddable":true,"href":"https:\/\/tvbrazilusa.com\/pt\/wp-json\/wp\/v2\/media\/18046"}],"wp:attachment":[{"href":"https:\/\/tvbrazilusa.com\/pt\/wp-json\/wp\/v2\/media?parent=18045"}],"wp:term":[{"taxonomy":"category","embeddable":true,"href":"https:\/\/tvbrazilusa.com\/pt\/wp-json\/wp\/v2\/categories?post=18045"},{"taxonomy":"post_tag","embeddable":true,"href":"https:\/\/tvbrazilusa.com\/pt\/wp-json\/wp\/v2\/tags?post=18045"}],"curies":[{"name":"wp","href":"https:\/\/api.w.org\/{rel}","templated":true}]}}