{"id":18062,"date":"2024-08-06T13:41:36","date_gmt":"2024-08-06T13:41:36","guid":{"rendered":"https:\/\/tvbrazilusa.com\/2024\/08\/06\/primeiro-ministro-do-reino-unido-fala-de-exercito-permanente-de-policiais-para-lidar-com-tumultos-na-gra-bretanha-wsvn-7news-noticias-de-miami-clima-esportes-fort-lauderdale\/"},"modified":"2024-08-06T13:43:16","modified_gmt":"2024-08-06T13:43:16","slug":"primeiro-ministro-do-reino-unido-fala-de-exercito-permanente-de-policiais-para-lidar-com-tumultos-na-gra-bretanha-wsvn-7news-noticias-de-miami-clima-esportes-fort-lauderdale","status":"publish","type":"post","link":"https:\/\/tvbrazilusa.com\/pt\/2024\/08\/06\/primeiro-ministro-do-reino-unido-fala-de-exercito-permanente-de-policiais-para-lidar-com-tumultos-na-gra-bretanha-wsvn-7news-noticias-de-miami-clima-esportes-fort-lauderdale\/","title":{"rendered":"Primeiro-ministro do Reino Unido fala de &#8220;ex\u00e9rcito permanente&#8221; de policiais para lidar com tumultos na Gr\u00e3-Bretanha &#8211; WSVN 7News | Not\u00edcias de Miami, Clima, Esportes | Fort Lauderdale"},"content":{"rendered":"<p> <script async src=\"https:\/\/pagead2.googlesyndication.com\/pagead\/js\/adsbygoogle.js?client=ca-pub-8864793242727901\"\r\n     crossorigin=\"anonymous\"><\/script><br \/>\n<\/p>\n<div itemprop=\"articleBody\">\n<p>LONDRES (AP) \u2014 O primeiro-ministro brit\u00e2nico, Keir Starmer, disse na segunda-feira que um &#8220;ex\u00e9rcito permanente&#8221; de policiais especialistas seria criado para lidar com tumultos e que o sistema de justi\u00e7a seria refor\u00e7ado para lidar com centenas de pris\u00f5es ap\u00f3s dist\u00farbios violentos que abalaram cidades por todo o pa\u00eds na semana passada.<\/p>\n<p>Starmer convocou uma reuni\u00e3o urgente ap\u00f3s a ilegalidade que ele atribuiu \u00e0 &#8220;bandidagem de extrema direita&#8221; que foi motivada em parte por desinforma\u00e7\u00e3o nas m\u00eddias sociais que incitou a raiva sobre uma onda de esfaqueamento em uma aula de dan\u00e7a que matou tr\u00eas meninas e feriu 10 pessoas. Falsos rumores espalhados online de que o suspeito era um mu\u00e7ulmano solicitante de asilo levaram a ataques a imigrantes e mesquitas.<\/p>\n<p>\u201cSeja qual for a motiva\u00e7\u00e3o aparente, isso n\u00e3o \u00e9 protesto. \u00c9 pura viol\u00eancia e n\u00e3o toleraremos ataques a mesquitas ou \u00e0s nossas comunidades mu\u00e7ulmanas\u201d, disse Starmer. \u201cA for\u00e7a total da lei ser\u00e1 aplicada a todos aqueles que forem identificados como tendo participado dessas atividades.\u201d<\/p>\n<p>No domingo, multid\u00f5es enfurecidas atacaram dois hot\u00e9is usados \u200b\u200bpara abrigar requerentes de asilo, quebrando janelas e ateando fogo antes que a pol\u00edcia dispersasse a multid\u00e3o e os moradores fossem evacuados. Dezenas de policiais foram hospitalizados por ferimentos nos \u00faltimos seis dias ap\u00f3s serem atingidos com tijolos, garrafas e grandes postes de madeira.<\/p>\n<p>Mais de 375 pessoas foram presas no caos at\u00e9 agora e mais s\u00e3o esperadas, disse o Conselho Nacional de Chefes de Pol\u00edcia.<\/p>\n<p>Muitos compareceram ao tribunal na segunda-feira e enfrentaram pelo menos v\u00e1rias semanas atr\u00e1s das grades aguardando a pr\u00f3xima audi\u00eancia.<\/p>\n<p>O Juiz Distrital Adjunto Liam McStay no Tribunal de Magistrados de Belfast recusou fian\u00e7a para dois homens que participaram de uma passeata que destruiu empresas e incendiou um supermercado na capital da Irlanda do Norte. Ele disse que n\u00e3o podia permitir que isso se repetisse e &#8220;visitou outras pessoas&#8221;.<\/p>\n<p>\u201cOs eventos no fim de semana foram absolutamente vergonhosos: uma tentativa concertada e deliberada de minar a ordem p\u00fablica e ent\u00e3o dominar a comunidade e havia elementos racistas nisso\u201d, disse McStay. \u201cA mensagem tem que ser se voc\u00ea se permitir se envolver nessas quest\u00f5es por qualquer motivo, ent\u00e3o voc\u00ea enfrentar\u00e1 as consequ\u00eancias.\u201d<\/p>\n<p>O plano de Starmer para refor\u00e7ar o sistema de justi\u00e7a criminal e entregar justi\u00e7a r\u00e1pida enfrenta desafios significativos, pois os tribunais j\u00e1 est\u00e3o lotados e as pris\u00f5es est\u00e3o t\u00e3o superlotadas que j\u00e1 havia planos em andamento para libertar os presos mais cedo, disse Cassia Rowland, pesquisadora s\u00eanior do think tank Institute for Government.<\/p>\n<p>\u201cEsse n\u00e3o \u00e9 um problema que pode ser resolvido da noite para o dia e acho que ser\u00e1 dif\u00edcil para o sistema lidar com o fluxo de demanda que provavelmente veremos como resultado dessa desordem\u201d, disse Rowland.<\/p>\n<p>Starmer rejeitou os pedidos para reconvocar o Parlamento para lidar com a crise ou enviar o ex\u00e9rcito. Seu gabinete disse que a pol\u00edcia pode lidar com a desordem.<\/p>\n<p>Na reuni\u00e3o com ministros e autoridades policiais de alto escal\u00e3o, Starmer disse que as empresas de m\u00eddia social n\u00e3o fizeram o suficiente para impedir a dissemina\u00e7\u00e3o de desinforma\u00e7\u00e3o que alimentou a viol\u00eancia da extrema direita e prometeu que qualquer um que ati\u00e7asse a desordem \u2014 online ou nas ruas \u2014 poderia enfrentar a pris\u00e3o, disse um porta-voz. Algumas dessas informa\u00e7\u00f5es falsas e enganosas vieram de estados estrangeiros.<\/p>\n<p>\u201cA desinforma\u00e7\u00e3o que vimos online atrai amplifica\u00e7\u00e3o de atividades de bots conhecidas, que, como eu disse, podem ser vinculadas a atividades apoiadas pelo estado\u201d, disse um porta-voz do Starmer em uma leitura da reuni\u00e3o.<\/p>\n<p>O gabinete de Starmer condenou Elon Musk, dono da plataforma de m\u00eddia social X, por responder a uma postagem de imagens da viol\u00eancia dizendo: &#8220;a guerra civil \u00e9 inevit\u00e1vel&#8221;.<\/p>\n<p>\u201cN\u00e3o h\u00e1 justificativa para coment\u00e1rios como esse\u201d, disse o porta-voz. \u201cEstamos falando de uma minoria de bandidos que n\u00e3o falam pela Gr\u00e3-Bretanha.\u201d<\/p>\n<p>Perto de Rotheram, no norte da Inglaterra, onde uma multid\u00e3o violenta invadiu no domingo um Holiday Inn Express onde migrantes estavam hospedados, jogando cadeiras na pol\u00edcia e ateando fogo, uma multid\u00e3o de volunt\u00e1rios apareceu na segunda-feira para ajudar a limpar a bagun\u00e7a.<\/p>\n<p>A pol\u00edcia guardava o pr\u00e9dio enquanto vidros de janelas quebradas eram varridos. Uma cerca de madeira atr\u00e1s do pr\u00e9dio foi destru\u00edda por homens que arrancaram t\u00e1buas de madeira e as jogaram na pol\u00edcia.<\/p>\n<p>\u201cEstou horrorizado. Estou chocado com a viol\u00eancia que vimos ontem\u201d, disse Oliver Coppard, prefeito de South Yorkshire. \u201cVimos uma multid\u00e3o violenta de extrema direita descer para atacar 240 das pessoas mais vulner\u00e1veis \u200b\u200bda nossa sociedade e tentar queim\u00e1-las no hotel em que estavam morando. Isso n\u00e3o \u00e9 OK e n\u00e3o h\u00e1 desculpa para isso.\u201d<\/p>\n<p>Em Southport, onde a revolta come\u00e7ou em 30 de julho \u2014 um dia ap\u00f3s o terr\u00edvel esfaqueamento \u2014 a pol\u00edcia disse que apenas uma crian\u00e7a permaneceu no hospital. As outras sete crian\u00e7as e dois adultos que ficaram gravemente feridos receberam alta.<\/p>\n<p>Uma vig\u00edlia foi realizada na segunda-feira para lembrar as tr\u00eas meninas mortas na aula de dan\u00e7a tem\u00e1tica de Taylor Swift: Bebe King, 6, Elsie Dot Stancombe, 7, e Alice Dasilva Aguiar, 9.<\/p>\n<p>Centenas de pais e crian\u00e7as se reuniram em volta de buqu\u00eas de flores e bichos de pel\u00facia do lado de fora do centro de artes Atkinson em mem\u00f3ria das meninas. Enquanto um piano tocava, as crian\u00e7as sopravam bolhas iridescentes que pendiam e giravam no ar antes de desaparecerem.<\/p>\n<p><em>Copyright 2024 The Associated Press. Todos os direitos reservados. Este material n\u00e3o pode ser publicado, transmitido, reescrito ou redistribu\u00eddo.<\/em><\/p>\n<div class=\"wp-block-newsletter\">\n\t<strong class=\"wp-block-newsletter__title\">Inscreva-se em nossa Newsletter para receber as \u00faltimas not\u00edcias diretamente na sua caixa de entrada<\/strong><\/p>\n<\/div><\/div>\n<p><br \/>\n<br \/><a href=\"https:\/\/wsvn.com\/news\/us-world\/uk-prime-minister-talks-of-standing-army-of-police-to-deal-with-rioting-across-britain\/\">Source link <\/a><\/p>","protected":false},"excerpt":{"rendered":"<p>LONDRES (AP) \u2014 O primeiro-ministro brit\u00e2nico, Keir Starmer, disse na segunda-feira que um &#8220;ex\u00e9rcito permanente&#8221; de policiais especialistas seria criado para lidar com tumultos e que o sistema de justi\u00e7a&hellip;<\/p>","protected":false},"author":1,"featured_media":18063,"comment_status":"closed","ping_status":"open","sticky":false,"template":"","format":"standard","meta":{"content-type":"","footnotes":""},"categories":[1],"tags":[],"class_list":["post-18062","post","type-post","status-publish","format-standard","has-post-thumbnail","hentry","category-uncategorized"],"_links":{"self":[{"href":"https:\/\/tvbrazilusa.com\/pt\/wp-json\/wp\/v2\/posts\/18062","targetHints":{"allow":["GET"]}}],"collection":[{"href":"https:\/\/tvbrazilusa.com\/pt\/wp-json\/wp\/v2\/posts"}],"about":[{"href":"https:\/\/tvbrazilusa.com\/pt\/wp-json\/wp\/v2\/types\/post"}],"author":[{"embeddable":true,"href":"https:\/\/tvbrazilusa.com\/pt\/wp-json\/wp\/v2\/users\/1"}],"replies":[{"embeddable":true,"href":"https:\/\/tvbrazilusa.com\/pt\/wp-json\/wp\/v2\/comments?post=18062"}],"version-history":[{"count":1,"href":"https:\/\/tvbrazilusa.com\/pt\/wp-json\/wp\/v2\/posts\/18062\/revisions"}],"predecessor-version":[{"id":18064,"href":"https:\/\/tvbrazilusa.com\/pt\/wp-json\/wp\/v2\/posts\/18062\/revisions\/18064"}],"wp:featuredmedia":[{"embeddable":true,"href":"https:\/\/tvbrazilusa.com\/pt\/wp-json\/wp\/v2\/media\/18063"}],"wp:attachment":[{"href":"https:\/\/tvbrazilusa.com\/pt\/wp-json\/wp\/v2\/media?parent=18062"}],"wp:term":[{"taxonomy":"category","embeddable":true,"href":"https:\/\/tvbrazilusa.com\/pt\/wp-json\/wp\/v2\/categories?post=18062"},{"taxonomy":"post_tag","embeddable":true,"href":"https:\/\/tvbrazilusa.com\/pt\/wp-json\/wp\/v2\/tags?post=18062"}],"curies":[{"name":"wp","href":"https:\/\/api.w.org\/{rel}","templated":true}]}}