{"id":18074,"date":"2024-08-06T13:57:50","date_gmt":"2024-08-06T13:57:50","guid":{"rendered":"https:\/\/tvbrazilusa.com\/2024\/08\/06\/o-cantor-e-compositor-ivan-cornejo-funde-musica-alternativa-e-regional-mexicana-no-novo-album-mirada\/"},"modified":"2024-08-06T14:10:16","modified_gmt":"2024-08-06T14:10:16","slug":"o-cantor-e-compositor-ivan-cornejo-funde-musica-alternativa-e-regional-mexicana-no-novo-album-mirada","status":"publish","type":"post","link":"https:\/\/tvbrazilusa.com\/pt\/2024\/08\/06\/o-cantor-e-compositor-ivan-cornejo-funde-musica-alternativa-e-regional-mexicana-no-novo-album-mirada\/","title":{"rendered":"O cantor e compositor Ivan Cornejo funde m\u00fasica alternativa e regional mexicana no novo \u00e1lbum, &#39;Mirada&#39;"},"content":{"rendered":"<script async src=\"https:\/\/pagead2.googlesyndication.com\/pagead\/js\/adsbygoogle.js?client=ca-pub-8864793242727901\"\r\n     crossorigin=\"anonymous\"><\/script>\n<div id=\"\">\n<p class=\"dist__Box-sc-1fnzlkn-0 dist__TextBase-sc-1fnzlkn-3 CGHCP htMUPQ article-text\"><strong>CIDADE DO M\u00c9XICO<\/strong> \u2013 No mundo do cantor e compositor Ivan Cornejo, <a href=\"https:\/\/apnews.com\/article\/regional-mexican-music-grammys-3d2093f2dd3775912a0d3c95df1e2aa4\">m\u00fasica regional mexicana<\/a> pode ter pop, baladas e tamb\u00e9m um pouco de letras melanc\u00f3licas. Seu mais recente e terceiro \u00e1lbum de est\u00fadio, \u201cMirada\u201d, \u00e9 uma mistura de estilos, sem descuidar de seu interesse por corridos modernos e sierre\u00f1o triste.<\/p>\n<p class=\"dist__Box-sc-1fnzlkn-0 dist__TextBase-sc-1fnzlkn-3 CGHCP htMUPQ article-text\">Cornejo, 20, \u00e9 originalmente da Calif\u00f3rnia. Seu av\u00f4 materno tocava viol\u00e3o, acorde\u00e3o e gaita, entre outros instrumentos, ent\u00e3o a m\u00fasica sempre fez parte de sua vida. Mas Cornejo come\u00e7ou a tocar viol\u00e3o e a compor assistindo a tutoriais na internet.<\/p>\n<p class=\"dist__Box-sc-1fnzlkn-0 dist__TextBase-sc-1fnzlkn-3 CGHCP htMUPQ article-text\">A curiosidade por fazer m\u00fasica come\u00e7ou na inf\u00e2ncia, quando sua fam\u00edlia se reunia todo fim de semana e ouvia m\u00fasicas de artistas como <a href=\"https:\/\/apnews.com\/article\/entertainment-music-arts-and-entertainment-5d31936c946b954fb06ddfa5a1961bf4\">a banda mexicana Los Bukis<\/a> e can\u00e7\u00f5es rom\u00e2nticas como \u201cQuiero Dormir Cansado\u201d, de Emmanuel, que ele faz um cover em \u201cMirada\u201d.<\/p>\n<p class=\"dist__Box-sc-1fnzlkn-0 dist__TextBase-sc-1fnzlkn-3 CGHCP htMUPQ article-text\">\u201cMeus pais tocaram essa m\u00fasica e, quando a ouvi novamente pela primeira vez, alguns anos atr\u00e1s, fiquei nost\u00e1lgico e me apaixonei muito por ela\u201d, disse ele em uma entrevista recente pelo Zoom, na casa de seus pais em Riverside, Calif\u00f3rnia.<\/p>\n<p class=\"dist__Box-sc-1fnzlkn-0 dist__TextBase-sc-1fnzlkn-3 CGHCP htMUPQ article-text\">A conversa foi conduzida principalmente em espanhol. Cornejo diz que quer praticar mais a l\u00edngua nativa de seus pais, que s\u00e3o originalmente de Michoac\u00e1n, M\u00e9xico.<\/p>\n<p class=\"dist__Box-sc-1fnzlkn-0 dist__TextBase-sc-1fnzlkn-3 CGHCP htMUPQ article-text\">Aos 15 anos, Cornejo come\u00e7ou a postar corridos nas redes sociais. Em 2021, quando tinha 17 anos, lan\u00e7ou seu primeiro \u00e1lbum \u201cAlma Vac\u00eda\u201d, que fez com a ajuda de seu primo Edgar Alejandro Cornejo, uma colabora\u00e7\u00e3o que continuou em seu segundo \u00e1lbum, \u201cDa\u00f1ado\u201d.<\/p>\n<p class=\"dist__Box-sc-1fnzlkn-0 dist__TextBase-sc-1fnzlkn-3 CGHCP htMUPQ article-text\">Cornejo \u00e9 o mais novo de tr\u00eas irm\u00e3os e diz que \u00e9 muito pr\u00f3ximo da fam\u00edlia. Sua irm\u00e3 \u00e9 sua gerente, e seu irm\u00e3o tamb\u00e9m se juntou \u00e0 equipe. Sua m\u00e3e \u00e9 dona de casa \u2014 \u201cela gosta de ter uma casa bem limpa e cozinha todos os dias\u201d, ele disse \u2014 e seu pai trabalhou como motorista de caminh\u00e3o, incluindo coleta de lixo e carga, mas agora est\u00e1 aposentado.<\/p>\n<p class=\"dist__Box-sc-1fnzlkn-0 dist__TextBase-sc-1fnzlkn-3 CGHCP htMUPQ article-text\">Cornejo <a href=\"https:\/\/apnews.com\/hub\/music-reviews\">descreve sua m\u00fasica<\/a> como \u201cos elementos de um corrido moderno misturados com um pouco de pop e&#8230; misturas bem alternativas\u201d, ele disse. \u201c\u00c9 uma fus\u00e3o de muitos g\u00eaneros.\u201d Cornejo pensa em cantar em espanhol como uma forma particular de express\u00e3o \u2014 uma extens\u00e3o de seus vastos amores musicais, que tamb\u00e9m incluem rap, m\u00fasica alternativa e reggae.<\/p>\n<p class=\"dist__Box-sc-1fnzlkn-0 dist__TextBase-sc-1fnzlkn-3 CGHCP htMUPQ article-text\">\u201cMinhas ra\u00edzes s\u00e3o mexicanas, e eu realmente gosto de m\u00fasica mexicana\u201d, ele disse. \u201cEu me aventurei a come\u00e7ar a gravar m\u00fasicas porque senti que tinha que ser capaz de fazer algo \u00fanico com todas as minhas inspira\u00e7\u00f5es.\u201d<\/p>\n<p class=\"dist__Box-sc-1fnzlkn-0 dist__TextBase-sc-1fnzlkn-3 CGHCP htMUPQ article-text\">Cornejo comp\u00f5e suas pr\u00f3prias can\u00e7\u00f5es, embora em \u201cMirada\u201d ele tenha co-escrito com o m\u00fasico mexicano <a href=\"https:\/\/apnews.com\/article\/espectaculos-b2a186d932c7e997acb935bfaa8753a6\">Arath Herce<\/a> e a <a href=\"https:\/\/apnews.com\/article\/edgar-barrera-latin-grammys-2023-75d5aeba30e60632b466fa5adff06711\">Compositor mexicano \u00c9dgar Barrera.<\/a> O \u00e1lbum foi gravado principalmente na Calif\u00f3rnia.<\/p>\n<p class=\"dist__Box-sc-1fnzlkn-0 dist__TextBase-sc-1fnzlkn-3 CGHCP htMUPQ article-text\">O v\u00eddeo da faixa-t\u00edtulo \u201cMirada\u201d, que mostra Cornejo criando uma pintura laranja, ajuda a explicar um pouco a origem da capa do \u00e1lbum. Nele, ele aparece sentado em um sof\u00e1 vestido de preto, uma de suas cores favoritas, com um fundo laranja desbotado.<\/p>\n<p class=\"dist__Box-sc-1fnzlkn-0 dist__TextBase-sc-1fnzlkn-3 CGHCP htMUPQ article-text\">\u201cEu queria algo que parecesse muito vibrante, cheio de vida e cor. Eu queria que parecesse um pouco nost\u00e1lgico\u201d, ele disse. \u201cUm pouco como um nascer do sol e como um p\u00f4r do sol, uma mistura de sentimentos, e tamb\u00e9m que parecesse ver\u00e3o.\u201d<\/p>\n<p class=\"dist__Box-sc-1fnzlkn-0 dist__TextBase-sc-1fnzlkn-3 CGHCP htMUPQ article-text\">O \u00e1lbum, lan\u00e7ado em julho, estreou no topo das paradas Top Latin Albums e Regional Mexican Albums da Billboard e entrou na parada de todos os g\u00eaneros Billboard 200. A primeira metade de \u201cMirada\u201d evoca um estilo pr\u00f3ximo \u00e0 m\u00fasica regional mexicana e, ap\u00f3s um interl\u00fadio, muda para melodias mais alternativas.<\/p>\n<p class=\"dist__Box-sc-1fnzlkn-0 dist__TextBase-sc-1fnzlkn-3 CGHCP htMUPQ article-text\">\u201cTudo foi muito intencional com a ordem (das m\u00fasicas) e os nomes, at\u00e9 mesmo as letras e tudo mais. Quase todos os meus projetos s\u00e3o muito intencionais e a ordem das m\u00fasicas, n\u00f3s planejamos um pouco\u201d, ele disse.<\/p>\n<p class=\"dist__Box-sc-1fnzlkn-0 dist__TextBase-sc-1fnzlkn-3 CGHCP htMUPQ article-text\">\u201cHerida Abierta\u201d, uma can\u00e7\u00e3o de partir o cora\u00e7\u00e3o, \u00e9 uma das primeiras can\u00e7\u00f5es do \u00e1lbum que tem um tom mais <a href=\"https:\/\/apnews.com\/article\/music-streams-luminate-midyear-report-30ee9bcd8818e599329a04348d387d2a\">som regional mexicano.<\/a><\/p>\n<p class=\"dist__Box-sc-1fnzlkn-0 dist__TextBase-sc-1fnzlkn-3 CGHCP htMUPQ article-text\">\u201cTem o tololoche, as charchetas e o trombone; eu queria pisar nessa \u00e1rea pela primeira vez\u201d, disse ele.<\/p>\n<p class=\"dist__Box-sc-1fnzlkn-0 dist__TextBase-sc-1fnzlkn-3 CGHCP htMUPQ article-text\">\u201cDonde Est\u00e1s\u201d, que ele diz discutir o desespero de \u201cn\u00e3o encontrar seu amor e perd\u00ea-lo\u201d, foi gravada junto com seu produtor Frank R\u00edo. \u00c9 uma das m\u00fasicas compostas exclusivamente por Cornejo.<\/p>\n<p class=\"dist__Box-sc-1fnzlkn-0 dist__TextBase-sc-1fnzlkn-3 CGHCP htMUPQ article-text\">Outra das m\u00fasicas de destaque \u00e9 &#8220;Aqu\u00ed Te Espero&#8221;, que ele lan\u00e7ou h\u00e1 um ano. Cornejo disse que levou meses para prepar\u00e1-la no est\u00fadio, certificando-se de que cada instrumento e cada acorde de guitarra fossem exatamente como ele havia imaginado. Desde ent\u00e3o, acumulou 22 milh\u00f5es de visualiza\u00e7\u00f5es no YouTube e mais de 84 milh\u00f5es de reprodu\u00e7\u00f5es no Spotify.<\/p>\n<p class=\"dist__Box-sc-1fnzlkn-0 dist__TextBase-sc-1fnzlkn-3 CGHCP htMUPQ article-text\">\u201c\u00c9 uma das minhas m\u00fasicas mais emocionantes\u201d, disse ele.<\/p>\n<p class=\"dist__Box-sc-1fnzlkn-0 dist__TextBase-sc-1fnzlkn-3 CGHCP htMUPQ article-text\">Cornejo far\u00e1 uma turn\u00ea a partir de 15 de agosto, passando por Tampa, Fl\u00f3rida; Nashville, Tennessee; Boston; San Antonio; Tucson, Arizona e Palm Desert, Calif\u00f3rnia. Em outubro, ele se apresentar\u00e1 no Tecate Peninsula Festival em <a href=\"https:\/\/apnews.com\/article\/caesar-salad-100-tijuana-cardini-c4cd1b5604db048964f812d0a8103db4\">Tijuana, M\u00e9xico.<\/a><\/p>\n<p class=\"dist__Box-sc-1fnzlkn-0 dist__TextBase-sc-1fnzlkn-3 CGHCP htMUPQ article-text\">\u201cEstou super animado para ver como meus f\u00e3s v\u00e3o reagir e interagir com as novas m\u00fasicas do disco\u201d, disse ele.<\/p>\n<\/div>\n<p>Copyright 2024 The Associated Press. Todos os direitos reservados. Este material n\u00e3o pode ser publicado, transmitido, reescrito ou redistribu\u00eddo sem permiss\u00e3o.<\/p>\n<p><br \/>\n<br \/><a href=\"https:\/\/www.clickorlando.com\/entertainment\/2024\/08\/06\/singer-songwriter-ivan-cornejo-fuses-alternative-and-regional-mexican-music-on-new-album-mirada\/\">Source link <\/a><\/p>","protected":false},"excerpt":{"rendered":"<p>CIDADE DO M\u00c9XICO \u2013 No mundo do cantor e compositor Ivan Cornejo, m\u00fasica regional mexicana pode ter pop, baladas e tamb\u00e9m um pouco de letras melanc\u00f3licas. Seu mais recente e&hellip;<\/p>","protected":false},"author":1,"featured_media":18075,"comment_status":"closed","ping_status":"open","sticky":false,"template":"","format":"standard","meta":{"content-type":"","footnotes":""},"categories":[1],"tags":[1416,1419],"class_list":["post-18074","post","type-post","status-publish","format-standard","has-post-thumbnail","hentry","category-uncategorized","tag-entretenimento","tag-noticias-do-mundo"],"_links":{"self":[{"href":"https:\/\/tvbrazilusa.com\/pt\/wp-json\/wp\/v2\/posts\/18074","targetHints":{"allow":["GET"]}}],"collection":[{"href":"https:\/\/tvbrazilusa.com\/pt\/wp-json\/wp\/v2\/posts"}],"about":[{"href":"https:\/\/tvbrazilusa.com\/pt\/wp-json\/wp\/v2\/types\/post"}],"author":[{"embeddable":true,"href":"https:\/\/tvbrazilusa.com\/pt\/wp-json\/wp\/v2\/users\/1"}],"replies":[{"embeddable":true,"href":"https:\/\/tvbrazilusa.com\/pt\/wp-json\/wp\/v2\/comments?post=18074"}],"version-history":[{"count":1,"href":"https:\/\/tvbrazilusa.com\/pt\/wp-json\/wp\/v2\/posts\/18074\/revisions"}],"predecessor-version":[{"id":18076,"href":"https:\/\/tvbrazilusa.com\/pt\/wp-json\/wp\/v2\/posts\/18074\/revisions\/18076"}],"wp:featuredmedia":[{"embeddable":true,"href":"https:\/\/tvbrazilusa.com\/pt\/wp-json\/wp\/v2\/media\/18075"}],"wp:attachment":[{"href":"https:\/\/tvbrazilusa.com\/pt\/wp-json\/wp\/v2\/media?parent=18074"}],"wp:term":[{"taxonomy":"category","embeddable":true,"href":"https:\/\/tvbrazilusa.com\/pt\/wp-json\/wp\/v2\/categories?post=18074"},{"taxonomy":"post_tag","embeddable":true,"href":"https:\/\/tvbrazilusa.com\/pt\/wp-json\/wp\/v2\/tags?post=18074"}],"curies":[{"name":"wp","href":"https:\/\/api.w.org\/{rel}","templated":true}]}}