{"id":18082,"date":"2024-08-06T13:13:15","date_gmt":"2024-08-06T13:13:15","guid":{"rendered":"https:\/\/tvbrazilusa.com\/2024\/08\/06\/harris-seleciona-o-governador-de-minnesota-tim-walz-como-companheiro-de-chapa-com-o-objetivo-de-adicionar-forca-do-centro-oeste-a-chapa-2\/"},"modified":"2024-08-06T14:13:42","modified_gmt":"2024-08-06T14:13:42","slug":"harris-seleciona-o-governador-de-minnesota-tim-walz-como-companheiro-de-chapa-com-o-objetivo-de-adicionar-forca-do-centro-oeste-a-chapa-2","status":"publish","type":"post","link":"https:\/\/tvbrazilusa.com\/pt\/2024\/08\/06\/harris-seleciona-o-governador-de-minnesota-tim-walz-como-companheiro-de-chapa-com-o-objetivo-de-adicionar-forca-do-centro-oeste-a-chapa-2\/","title":{"rendered":"Harris seleciona o governador de Minnesota, Tim Walz, como companheiro de chapa, com o objetivo de adicionar for\u00e7a do Centro-Oeste \u00e0 chapa"},"content":{"rendered":"<p> <script async src=\"https:\/\/pagead2.googlesyndication.com\/pagead\/js\/adsbygoogle.js?client=ca-pub-8864793242727901\"\r\n     crossorigin=\"anonymous\"><\/script><br \/>\n<\/p>\n<div id=\"\">\n<header class=\"m-article-header m-article-header--standard\">\n\t\t\t\t\t\t\t\t\t\t\t\t<span id=\"article-header-primary-term\"><br \/>\n\t\t\t\t\t\t\t\t<a class=\"a-term a-term--primary\" href=\"https:\/\/www.boston.com\/tag\/politics\/\"><\/p>\n<p>\t\t\t\t\t\t\t\tPol\u00edtica\t\t\t\t\t\t\t\t<\/a><br \/>\n\t\t\t\t\t\t\t<\/span><\/p>\n<h2 class=\"m-article-header__sub-headline\">Ao escolher Walz, ela est\u00e1 se voltando para um governador do Centro-Oeste, veterano militar e apoiador sindical que ajudou a promulgar uma ambiciosa agenda democrata para seu estado.<\/h2>\n<figure class=\"a-photo m-article-header__photo\"><figcaption class=\"a-photo__caption\">\n<p>\tO governador de Minnesota, Tim Walz, fala \u00e0 m\u00eddia, em 9 de novembro de 2022, em St. Paul, Minnesota. <em> AP Photo\/Abbie Parr, Arquivo<\/em>\t<\/figcaption><\/figure>\n<div class=\"m-article-header__meta\">\n<div class=\"m-article-header__byline\">\n<p class=\"m-article-header__author\">\n<p>\t\t\t\t\t\t\t\tPor SEUNG MIN KIM, COLLEEN LONG, ZEKE MILLER e WILL WEISSERT Associated Press\t\t\t\t\t\t\t<\/p>\n<p>\t\t\t\t\t\t    \t\t\t\t\t\t\t<time class=\"m-article-header__date\"><\/p>\n<p>        \t\t\t\t\t\t\t6 de agosto de 2024 | 9h13    \t\t\t\t\t\t\t<\/time><\/p><\/div>\n<\/p><\/div>\n<\/header>\n<p>WASHINGTON (AP) \u2014 Vice-presidente <a href=\"https:\/\/www.boston.com\/tag\/kamala-harris\/\">Kamala Harris<\/a> escolheu o governador de Minnesota, Tim Walz, para ser seu companheiro de chapa na ter\u00e7a-feira, de acordo com tr\u00eas pessoas que falaram \u00e0 Associated Press sob condi\u00e7\u00e3o de anonimato.<\/p>\n<p>Ao escolher Walz, ela est\u00e1 se voltando para um governador do Centro-Oeste, veterano militar e apoiador sindical que ajudou a promulgar uma ambiciosa agenda democrata para seu estado, incluindo prote\u00e7\u00f5es abrangentes aos direitos ao aborto e ajuda generosa \u00e0s fam\u00edlias.<\/p>\n<p>Harris espera refor\u00e7ar a posi\u00e7\u00e3o de sua campanha no alto Centro-Oeste, uma regi\u00e3o cr\u00edtica na pol\u00edtica presidencial que frequentemente serve como um amortecedor para os democratas que buscam a Casa Branca. O partido continua assombrado pelas vit\u00f3rias do republicano Donald Trump em Michigan e Wisconsin em 2016. Trump perdeu esses estados em 2020, mas se concentrou neles, pois pretende retornar \u00e0 presid\u00eancia este ano e est\u00e1 expandindo seu foco para Minnesota.<\/p>\n<p>Walz, 60, est\u00e1 se juntando a Harris durante um dos per\u00edodos mais turbulentos da pol\u00edtica americana moderna, prometendo uma campanha imprevis\u00edvel pela frente. Os republicanos se uniram em torno de Trump ap\u00f3s sua tentativa de assassinato em julho. Poucas semanas depois, o presidente Joe Biden encerrou sua campanha de reelei\u00e7\u00e3o, for\u00e7ando Harris a unificar os democratas e considerar potenciais companheiros de chapa durante um per\u00edodo de tempo extremamente comprimido.<\/p>\n<p>As tr\u00eas pessoas falaram sob condi\u00e7\u00e3o de anonimato para evitar atrapalhar o an\u00fancio oficial na ter\u00e7a-feira.<\/p>\n<p>Harris, a primeira mulher negra e pessoa de ascend\u00eancia sul-asi\u00e1tica a liderar uma chapa partid\u00e1ria importante, inicialmente considerou quase uma d\u00fazia de candidatos antes de se concentrar em um punhado de concorrentes s\u00e9rios, todos homens brancos. Ao escolher Walz, ela ficou do lado de um parceiro discreto que provou ser um defensor das causas democratas.<\/p>\n<p>Walz tem sido uma forte defensora p\u00fablica de Harris em sua campanha contra Trump e Vance, rotulando os republicanos de \u201csimplesmente estranhos\u201d em uma entrevista no m\u00eas passado. Os democratas aproveitaram a mensagem e a amplificaram desde ent\u00e3o.<\/p>\n<p>Durante uma arrecada\u00e7\u00e3o de fundos para Harris na segunda-feira em Minneapolis, Walz disse: \u201cN\u00e3o foi uma ofensa chamar esses caras de estranhos. Foi uma observa\u00e7\u00e3o.\u201d<\/p>\n<p>Walz, que cresceu na pequena cidade de West Point, Nebraska, foi professor de estudos sociais, treinador de futebol americano e membro do sindicato na Mankato West High School, em Minnesota, antes de entrar para a pol\u00edtica.<\/p>\n<p>Ele ganhou o primeiro de seis mandatos no Congresso em 2006 de um distrito majoritariamente rural no sul de Minnesota, e usou o cargo para defender quest\u00f5es de veteranos. Walz serviu 24 anos na Guarda Nacional do Ex\u00e9rcito, chegando a sargento-mor de comando, uma das mais altas patentes de alistamento no ex\u00e9rcito.<\/p>\n<p>Ele concorreu a governador em 2018 com o tema \u201cOne Minnesota\u201d e venceu por mais de 11 pontos.<\/p>\n<p>Como governador, Walz teve que encontrar maneiras de trabalhar em seu primeiro mandato com uma legislatura que estava dividida entre uma C\u00e2mara controlada pelos democratas e um Senado liderado pelos republicanos. Minnesota tem uma hist\u00f3ria de governo dividido, no entanto, e o arranjo foi surpreendentemente produtivo em seu primeiro ano. Mas a pandemia da COVID-19 atingiu Minnesota no in\u00edcio de seu segundo ano, e a coopera\u00e7\u00e3o bipartid\u00e1ria logo se desgastou.<\/p>\n<p>Walz confiou em poderes de emerg\u00eancia para liderar a resposta do estado. Os republicanos se irritaram com restri\u00e7\u00f5es que inclu\u00edam lockdowns, fechamento de escolas e fechamento de empresas. Eles retaliaram demitindo ou for\u00e7ando a sa\u00edda de alguns de seus chefes de ag\u00eancia. Mas os habitantes de Minnesota que estavam presos em casa tamb\u00e9m conheceram Walz melhor por meio de seus frequentes briefings \u00e0 tarde nos primeiros dias da crise, que foram transmitidos e transmitidos por streaming em todo o estado.<\/p>\n<p>Walz venceu a reelei\u00e7\u00e3o em 2022 por quase 8 pontos sobre seu desafiante republicano, Dr. Scott Jensen, um m\u00e9dico e c\u00e9tico em rela\u00e7\u00e3o \u00e0s vacinas. Walz n\u00e3o s\u00f3 venceu, como os democratas mantiveram o controle da C\u00e2mara e viraram o Senado para ganhar a &#8220;tr\u00edade&#8221; do controle total de ambas as c\u00e2maras e do gabinete do governador pela primeira vez em oito anos. Um grande motivo foi a decis\u00e3o Dobbs da Suprema Corte, que sustentou que a Constitui\u00e7\u00e3o n\u00e3o inclui o direito ao aborto. Isso prejudicou os republicanos de Minnesota, especialmente entre as mulheres suburbanas.<\/p>\n<p>\u201cTim est\u00e1 nas not\u00edcias porque o pa\u00eds e o mundo est\u00e3o vendo o cara que tanto amamos\u201d, disse a senadora dos EUA Amy Klobuchar Klobuchar na segunda-feira.<\/p>\n<p>Ken Martin, presidente do Partido Democr\u00e1tico-Fazendeiro-Trabalhista de Minnesota, disse que os jovens com quem falou durante a campanha estavam \u201ctomados com Walz\u201d.<\/p>\n<p>Walz e outros democratas entraram na sess\u00e3o legislativa de 2023 com uma agenda ambiciosa \u2014 e um enorme super\u00e1vit or\u00e7ament\u00e1rio de US$ 17,6 bilh\u00f5es para ajudar a financi\u00e1-la. Suas realiza\u00e7\u00f5es de maior orgulho inclu\u00edram prote\u00e7\u00f5es abrangentes para direitos ao aborto que inclu\u00edam a elimina\u00e7\u00e3o de quase todas as restri\u00e7\u00f5es que os republicanos haviam decretado em anos anteriores, incluindo um per\u00edodo de espera de 24 horas e requisitos de consentimento dos pais. Eles tamb\u00e9m decretaram novas prote\u00e7\u00f5es para direitos trans, tornando o estado um ref\u00fagio para fam\u00edlias vindas de fora do estado para tratamento de crian\u00e7as trans.<\/p>\n<p>Suas outras grandes realiza\u00e7\u00f5es inclu\u00edram cr\u00e9ditos fiscais para fam\u00edlias com crian\u00e7as que visavam reduzir a pobreza infantil, bem como caf\u00e9s da manh\u00e3 e almo\u00e7os escolares gratuitos e universais para todos os alunos, independentemente da renda familiar. Eles tamb\u00e9m promulgaram um programa de licen\u00e7a m\u00e9dica e familiar remunerada, legalizaram a maconha recreativa para adultos e facilitaram o voto.<\/p>\n<p>Os republicanos reclamaram que Walz e seus colegas democratas desperdi\u00e7aram um super\u00e1vit que teria sido melhor gasto em al\u00edvio fiscal permanente para todos. E eles culparam o governador e sua administra\u00e7\u00e3o pela supervis\u00e3o frouxa de programas de pandemia que custaram aos contribuintes centenas de milh\u00f5es de d\u00f3lares.<\/p>\n<p>Os promotores federais acusaram 70 pessoas de fraudar programas federais de alimenta\u00e7\u00e3o que financiaram refei\u00e7\u00f5es para crian\u00e7as durante a pandemia em US$ 250 milh\u00f5es sob a supervis\u00e3o de Walz. Conhecido como o esc\u00e2ndalo Feeding Our Future, \u00e9 um dos maiores casos de fraude de aux\u00edlio \u00e0 pandemia do pa\u00eds. O Office of the Legislative Auditor, um \u00f3rg\u00e3o de fiscaliza\u00e7\u00e3o apartid\u00e1rio, entregou um relat\u00f3rio mordaz em junho que dizia que o Departamento de Educa\u00e7\u00e3o de Walz &#8220;falhou em agir em sinais de alerta&#8221;, n\u00e3o exerceu efetivamente sua autoridade e estava mal preparado para responder.<\/p>\n<p>Os republicanos ainda criticam Walz por sua resposta \u00e0 agita\u00e7\u00e3o, \u00e0s vezes violenta, que se seguiu ao assassinato de George Floyd por um policial de Minneapolis em 2020, que incluiu o inc\u00eandio de uma delegacia de pol\u00edcia.<\/p>\n<p>Durante uma arrecada\u00e7\u00e3o de fundos em maio em St. Paul, Trump repetiu sua falsa alega\u00e7\u00e3o de que ele era respons\u00e1vel por mobilizar a Guarda Nacional para reprimir a viol\u00eancia. \u201cA cidade inteira estava queimando. \u2026 Se voc\u00ea n\u00e3o me tivesse como presidente, voc\u00ea n\u00e3o teria Minneapolis hoje\u201d, disse Trump.<\/p>\n<p>Na verdade, foi Walz quem deu a ordem, que ele emitiu em resposta a solicita\u00e7\u00f5es dos prefeitos de Minneapolis e St. Paul. Mas dentro de Minnesota, os legisladores do GOP disseram que tanto Walz quanto o prefeito de Minneapolis, Jacob Frey, foram muito lentos para agir. E houve troca de acusa\u00e7\u00f5es entre Frey e Walz sobre quem era o respons\u00e1vel por n\u00e3o ativar a Guarda mais r\u00e1pido.<\/p>\n<p>Walz serviu frequentemente como um substituto de Biden-Harris, e tem feito apari\u00e7\u00f5es cada vez mais frequentes na televis\u00e3o nacional. Eles inclu\u00edram uma entrevista na Fox News que irritou tanto Trump que ele postou no Truth Social, &#8220;Eles me fazem lutar batalhas que eu n\u00e3o deveria ter que lutar.&#8221; Walz tamb\u00e9m \u00e9 copresidente do comit\u00ea de regras para a Conven\u00e7\u00e3o Nacional Democrata. E ele liderou uma reuni\u00e3o da Casa Branca de governadores democratas com Biden ap\u00f3s o desempenho desastroso do presidente em seu debate com Trump.<\/p>\n<p>Colocar Walz na chapa pode ajudar os democratas a manter os 10 votos eleitorais do estado e fortalecer o partido de forma mais ampla no Centro-Oeste. Nenhum republicano venceu uma corrida estadual em Minnesota desde que Tim Pawlenty foi reeleito governador em 2006, mas os candidatos do GOP para procurador-geral e auditor estadual chegaram perto em 2022.<\/p>\n<p>Trump terminou apenas 1,5 ponto percentual atr\u00e1s da democrata Hillary Clinton no estado em 2016. Enquanto Biden venceu Minnesota por mais de 7 pontos em 2020, Trump passou a alegar falsamente que venceu o estado da \u00faltima vez e pode faz\u00ea-lo novamente.<\/p>\n<p>Minnesota produziu dois vice-presidentes, Hubert Humphrey e Walter Mondale.<\/p>\n<hr class=\"wp-block-separator has-alpha-channel-opacity is-style-red-pattern\"\/>\n<div class=\"gf_browser_safari gf_browser_iphone gform_wrapper m-gforms-poll-block gravity-theme gpoll_enabled_wrapper gpoll_show_results_link_wrapper gpoll_wrapper\" data-overline=\"Readers weigh in\" data-overline-confirmation=\"Poll results\" id=\"gform_wrapper m-gforms-poll-block_3883\">\n<p><h2 class=\"gform_title\">O governador de Minnesota, Tim Walz, \u00e9 a escolha certa para vice-presidente de Kamala Harris?<\/h2>\n<p>                            <span class=\"gform_description\"\/>\n                        <\/p>\n<\/p><\/div>\n<div class=\"m-block m-generic-cta\t m-generic-cta--post-content\t m-generic-cta--dark\t m-generic-cta--homepage\t m-generic-cta--email-signup\t\t m-generic-cta-block-style--default \tt-amp__generic-cta\"><\/p>\n<div class=\"m-generic-cta__wrap\">\n<div class=\"m-generic-cta__content\">\n<h3 class=\"m-generic-cta__title\">Alertas de not\u00edcias extras<\/h3>\n<p class=\"m-generic-cta__subtitle\">Receba atualiza\u00e7\u00f5es de \u00faltima hora assim que elas acontecerem.<\/p>\n<\/p><\/div>\n<\/p><\/div>\n<\/div><\/div>\n<p><script>\n\t\tvar consent=\"grant\";\n\t\t\/* The above code is parsing the JSON data from the local storage and storing it in a variable. *\/\n\t\t\t\t\tconst onetrustStorageConsent = JSON.parse(localStorage.getItem( 'consent_one_trust_bdc' ) );\n\t\t\tif ( ( onetrustStorageConsent !== null ) ) {\n\t\t\t\t\/* Checking to see if the user has consented to the use of cookies.\n\t\t\t\t* If they have not, it is deleting the cookie.\n\t\t\t\t* This will comment for now, until further notice.\n\t\t\t\t*\/\n\t\t\t\t\/\/if ( onetrustStorageConsent.C0002 === false ) {\n\t\t\t\t\/\/\tdocument.cookie=\"_fbp=;expires=Thu, 01 Jan 2010 00:00:00 UTC; path=\/; domain=.boston.com\";\n\t\t\t\t\/\/}\n\t\t\t\t\/* Checking if the user has given consent for the cookie C0002.\n\t\t\t\t* If the user has given consent, the variable consent will be set to 'grant'.\n\t\t\t\t* If the user has not given consent,the variable consent will be set to 'revoke'.\n\t\t\t\t* Documentation https:\/\/developers.facebook.com\/docs\/meta-pixel\/implementation\/gdpr\n\t\t\t\t*\/\n\t\t\t\tif ( onetrustStorageConsent.C0002 !== true ) {\n\t\t\t\t\tconsent=\"revoke\";\n\t\t\t\t}\n\t\t\t}\n\t\t\t\t!function(f,b,e,v,n,t,s)\n\t\t{if(f.fbq)return;n=f.fbq=function(){n.callMethod?\n\t\tn.callMethod.apply(n,arguments):n.queue.push(arguments)};\n\t\tif(!f._fbq)f._fbq=n;n.push=n;n.loaded=!0;n.version='2.0';\n\t\tn.queue=[];t=b.createElement(e);t.async=!0;\n\t\tt.src=v;s=b.getElementsByTagName(e)[0];\n\t\ts.parentNode.insertBefore(t,s)}(window, document,'script',\n\t\t'https:\/\/connect.facebook.net\/en_US\/fbevents.js');\n\t\tfbq('consent', consent);\n\t\tfbq('init', '989222871864976');\n\t\tfbq('track', 'PageView');\n\t<\/script><script type=\"module\">\n\t\tvar consent=\"grant\";\n\t\t\/* The above code is parsing the JSON data from the local storage and storing it in a variable. *\/\n\t\t\tconst onetrustStorageConsent = JSON.parse(localStorage.getItem( 'consent_one_trust_bdc' ) );\n\t\t\t\/* Checking to see if the user has consented to the use of cookies.\n\t\t\t* If they have not, it is deleting the cookie.\n\t\t\t* This will comment for now, until further notice.\n\t\t\t*\/\n\t\t\t\/\/if ( onetrustStorageConsent.C0002 === false ) {\n\t\t\t\/\/\tdocument.cookie=\"_fbp=;expires=Thu, 01 Jan 2010 00:00:00 UTC; path=\/; domain=.boston.com\";\n\t\t\t\/\/}\n\t\t\t\/* Checking if the user has given consent for the cookie C0002.\n\t\t\t* If the user has given consent, the variable consent will be set to 'grant'.\n\t\t\t* If the user has not given consent,the variable consent will be set to 'revoke'.\n\t\t\t* Documentation https:\/\/developers.facebook.com\/docs\/meta-pixel\/implementation\/gdpr\n\t\t\t*\/\n\t\t\tif ( ( onetrustStorageConsent !== null ) && (onetrustStorageConsent.C0002 !== true ) ) {\n\t\t\t\tconsent=\"revoke\";\n\t\t\t}\n\t\t\t\t!function(f,b,e,v,n,t,s){if(f.fbq)return;n=f.fbq=function()\n\t\t{n.callMethod? n.callMethod.apply(n,arguments):n.queue.push(arguments)}\n\t\t;if(!f._fbq)f._fbq=n;\n\t\tn.push=n;n.loaded=!0;n.version='2.0';n.queue=[];t=b.createElement(e);t.async=!0;\n\t\tt.src=v;s=b.getElementsByTagName(e)[0];s.parentNode.insertBefore(t,s)}(window,\n\t\tdocument,'script','https:\/\/connect.facebook.net\/en_US\/fbevents.js');\n\t\tfbq('consent', consent);\n\t\tfbq('init', '813236348753005');\n\t\tfbq('track', \"PageView\");\n\t<\/script><br \/>\n<br \/><br \/>\n<br \/><a href=\"https:\/\/www.boston.com\/news\/politics\/2024\/08\/06\/kamala-harris-minnesota-gov-tim-walz-running-mate-ap-sources\/\">Source link <\/a><\/p>","protected":false},"excerpt":{"rendered":"<p>Pol\u00edtica Ao escolher Walz, ela est\u00e1 se voltando para um governador do Centro-Oeste, veterano militar e apoiador sindical que ajudou a promulgar uma ambiciosa agenda democrata para seu estado. O&hellip;<\/p>","protected":false},"author":1,"featured_media":18083,"comment_status":"closed","ping_status":"open","sticky":false,"template":"","format":"standard","meta":{"content-type":"","footnotes":""},"categories":[1],"tags":[],"class_list":["post-18082","post","type-post","status-publish","format-standard","has-post-thumbnail","hentry","category-uncategorized"],"_links":{"self":[{"href":"https:\/\/tvbrazilusa.com\/pt\/wp-json\/wp\/v2\/posts\/18082","targetHints":{"allow":["GET"]}}],"collection":[{"href":"https:\/\/tvbrazilusa.com\/pt\/wp-json\/wp\/v2\/posts"}],"about":[{"href":"https:\/\/tvbrazilusa.com\/pt\/wp-json\/wp\/v2\/types\/post"}],"author":[{"embeddable":true,"href":"https:\/\/tvbrazilusa.com\/pt\/wp-json\/wp\/v2\/users\/1"}],"replies":[{"embeddable":true,"href":"https:\/\/tvbrazilusa.com\/pt\/wp-json\/wp\/v2\/comments?post=18082"}],"version-history":[{"count":1,"href":"https:\/\/tvbrazilusa.com\/pt\/wp-json\/wp\/v2\/posts\/18082\/revisions"}],"predecessor-version":[{"id":18084,"href":"https:\/\/tvbrazilusa.com\/pt\/wp-json\/wp\/v2\/posts\/18082\/revisions\/18084"}],"wp:featuredmedia":[{"embeddable":true,"href":"https:\/\/tvbrazilusa.com\/pt\/wp-json\/wp\/v2\/media\/18083"}],"wp:attachment":[{"href":"https:\/\/tvbrazilusa.com\/pt\/wp-json\/wp\/v2\/media?parent=18082"}],"wp:term":[{"taxonomy":"category","embeddable":true,"href":"https:\/\/tvbrazilusa.com\/pt\/wp-json\/wp\/v2\/categories?post=18082"},{"taxonomy":"post_tag","embeddable":true,"href":"https:\/\/tvbrazilusa.com\/pt\/wp-json\/wp\/v2\/tags?post=18082"}],"curies":[{"name":"wp","href":"https:\/\/api.w.org\/{rel}","templated":true}]}}