{"id":18093,"date":"2024-08-06T12:42:57","date_gmt":"2024-08-06T12:42:57","guid":{"rendered":"https:\/\/tvbrazilusa.com\/2024\/08\/06\/grupo-de-boxe-responde-algumas-perguntas-mas-levanta-muitas-outras-sobre-testes-em-imane-khelif-lin-yu-ting\/"},"modified":"2024-08-06T14:25:12","modified_gmt":"2024-08-06T14:25:12","slug":"grupo-de-boxe-responde-algumas-perguntas-mas-levanta-muitas-outras-sobre-testes-em-imane-khelif-lin-yu-ting","status":"publish","type":"post","link":"https:\/\/tvbrazilusa.com\/pt\/2024\/08\/06\/grupo-de-boxe-responde-algumas-perguntas-mas-levanta-muitas-outras-sobre-testes-em-imane-khelif-lin-yu-ting\/","title":{"rendered":"Grupo de boxe responde algumas perguntas, mas levanta muitas outras sobre testes em Imane Khelif, Lin Yu-ting"},"content":{"rendered":"<p> <script async src=\"https:\/\/pagead2.googlesyndication.com\/pagead\/js\/adsbygoogle.js?client=ca-pub-8864793242727901\"\r\n     crossorigin=\"anonymous\"><\/script><br \/>\n<\/p>\n<div id=\"\">\n<header class=\"m-article-header m-article-header--standard\">\n\t\t\t\t\t\t\t\t\t\t\t\t<span id=\"article-header-primary-term\"><br \/>\n\t\t\t\t\t\t\t\t<a class=\"a-term a-term--primary\" href=\"https:\/\/www.boston.com\/tag\/sports-news\/\"><\/p>\n<p>\t\t\t\t\t\t\t\tNot\u00edcias esportivas\t\t\t\t\t\t\t\t<\/a><br \/>\n\t\t\t\t\t\t\t<\/span><\/p>\n<h2 class=\"m-article-header__sub-headline\">\u201cQualquer um que fosse retratado como (Khelif) foi retratado se sentiria zangado e frustrado.\u201d<\/h2>\n<figure class=\"a-photo m-article-header__photo\"><figcaption class=\"a-photo__caption\">\n<p>\tA boxeadora argelina Imane Khelif fala durante uma entrevista \u00e0 SNTV nas Olimp\u00edadas de Ver\u00e3o de 2024, domingo, 4 de agosto de 2024, em Paris, Fran\u00e7a.<em> AP Photo \/ Vadim Ghirda<\/em>\t<\/figcaption><\/figure>\n<div class=\"m-article-header__meta\">\n<div class=\"m-article-header__byline\">\n<p class=\"m-article-header__author\">\n<p>\t\t\t\t\t\t\t\tPor GREG BEACHAM, Associated Press\t\t\t\t\t\t\t<\/p>\n<p>\t\t\t\t\t\t    \t\t\t\t\t\t\t<time class=\"m-article-header__date\"><\/p>\n<p>        \t\t\t\t\t\t\t6 de agosto de 2024 | 8h42    \t\t\t\t\t\t\t<\/time><\/p><\/div>\n<\/p><\/div>\n<\/header>\n<p>PARIS (AP) \u2014 A Associa\u00e7\u00e3o Internacional de Boxe levantou novas quest\u00f5es enquanto lutava para responder a outras na segunda-feira em uma confusa entrevista coletiva sobre os testes de elegibilidade opacos que levaram o \u00f3rg\u00e3o regulador banido das Olimp\u00edadas a suspender abruptamente Imane Khelif e Lin Yu-ting do campeonato mundial do ano passado, uma decis\u00e3o que <a href=\"https:\/\/www.boston.com\/sports\/sports-news\/2024\/08\/05\/olympic-boxer-imane-khelif-calls-for-end-to-bullying\/\">abuso online alimentado<\/a> contra as mulheres durante o <a href=\"https:\/\/www.boston.com\/tag\/2024-olympics\/\">Jogos de Paris<\/a>.<\/p>\n<p>A IBA ainda se recusou a revelar quase todos os detalhes sobre os testes e seus resultados ou metodologias que levaram \u00e0s desqualifica\u00e7\u00f5es de Khelif da Arg\u00e9lia e Lin de Taiwan. Essas decis\u00f5es catalisaram um grande alvoro\u00e7o em Paris em torno dos dois boxeadores, que conquistaram medalhas ol\u00edmpicas apesar de enfrentarem equ\u00edvocos generalizados sobre seu g\u00eanero em meio a uma divis\u00e3o maior sobre regulamenta\u00e7\u00f5es de g\u00eanero e identidade nos esportes.<\/p>\n<p>Chris Roberts, secret\u00e1rio-geral e CEO da IBA, afirmou que os comit\u00eas ol\u00edmpicos da Arg\u00e9lia e de Taiwan escreveram cartas \u00e0 IBA pedindo que n\u00e3o divulgassem informa\u00e7\u00f5es sobre os boxeadores na entrevista coletiva em Paris.<\/p>\n<p>As informa\u00e7\u00f5es reveladas sobre os testes n\u00e3o foram, em grande parte, lisonjeiras para o \u00f3rg\u00e3o regulador, que recebeu uma expuls\u00e3o sem precedentes das Olimp\u00edadas no ano passado, ap\u00f3s d\u00e9cadas de governan\u00e7a problem\u00e1tica e acusa\u00e7\u00f5es de longa data de uma completa falta de transpar\u00eancia normal.<\/p>\n<p>O ex-presidente do comit\u00ea m\u00e9dico, um obstetra grego chamado Ioannis Filippatos, disse que a IBA fez exames de sangue em apenas quatro das centenas de lutadores no campeonato mundial de 2022. A IBA disse que testou Khelif e Lin em resposta a reclama\u00e7\u00f5es de outras equipes, aparentemente reconhecendo um padr\u00e3o desigual de cria\u00e7\u00e3o de perfil que \u00e9 considerado amplamente inaceit\u00e1vel nos esportes.<\/p>\n<p>O presidente da IBA, Umar Kremlev, conhecido do presidente russo Vladimir Putin que falou por meio de um Zoom irregular da R\u00fassia, disse ent\u00e3o por meio de um tradutor que os testes mostraram n\u00edveis elevados de testosterona.<\/p>\n<p>Isso parece estar em contradi\u00e7\u00e3o direta com uma declara\u00e7\u00e3o da IBA de 31 de julho, quando disse que Khelif e Lin \u201cn\u00e3o foram submetidos a um exame de testosterona, mas foram submetidos a um teste separado e reconhecido, pelo qual os detalhes permanecem confidenciais\u201d.<\/p>\n<p>Roberts, que \u00e9 o segundo em comando depois de Kremlev na IBA, disse repetidamente que os observadores deveriam \u201cler nas entrelinhas\u201d sobre os testes, mas se recusou a dar mais detalhes.<\/p>\n<p>A IBA tamb\u00e9m deu uma explica\u00e7\u00e3o sobre o motivo pelo qual os boxeadores poderiam ter falhado em um teste de elegibilidade em 2022, mas de alguma forma n\u00e3o foram suspensos da competi\u00e7\u00e3o at\u00e9 o meio do campeonato mundial, um ano inteiro depois. Roberts disse que n\u00e3o houve tempo para administrar um segundo teste obrigat\u00f3rio no torneio de 2022, e a IBA s\u00f3 poderia fazer dois testes no campeonato de 2023.<\/p>\n<p>O porta-voz do COI, Mark Adams, disse na semana passada que a IBA deu ao \u00f3rg\u00e3o ol\u00edmpico os resultados dos testes feitos em Khelif e Lin, mas eles eram &#8220;t\u00e3o falhos que era imposs\u00edvel lidar com eles&#8221;.<\/p>\n<p>Assim como em suas contas nas redes sociais, Kremlev passou grande parte de seu tempo de discurso virtual atacando o COI e o presidente Thomas Bach, que chamou o &#8220;discurso de \u00f3dio&#8221; contra os dois boxeadores de &#8220;totalmente inaceit\u00e1vel&#8221;. Kremlev n\u00e3o conseguiu ou n\u00e3o quis discutir a ci\u00eancia por tr\u00e1s dos testes da IBA em termos t\u00e9cnicos.<\/p>\n<p>\u201cVamos abrir processo contra o Sr. Bach e outros\u201d, disse Kremlev. \u201cVou convocar todos os promotores, todos os ju\u00edzes para investigar essa corrup\u00e7\u00e3o vinda dele. A IBA sempre proteger\u00e1 e defender\u00e1 os atletas.\u201d<\/p>\n<p>O COI disse em um comunicado mais tarde na segunda-feira que \u201co conte\u00fado e a organiza\u00e7\u00e3o da coletiva de imprensa da IBA dizem tudo o que voc\u00ea precisa saber sobre esta organiza\u00e7\u00e3o e sua credibilidade\u201d.<\/p>\n<p>A rea\u00e7\u00e3o contra Khelif e Lin aumentou depois que a primeira oponente de Khelif, Angela Carini, da It\u00e1lia, abandonou a luta em l\u00e1grimas ap\u00f3s apenas 46 segundos. Carini disse mais tarde que se arrependeu de suas a\u00e7\u00f5es e queria se desculpar com Khelif.<\/p>\n<p>A IBA disse que queria dar US$ 3,1 milh\u00f5es em pr\u00eamios aos melhores atletas ol\u00edmpicos neste ver\u00e3o, em mais um desafio ao COI, com Kremlev observando na semana passada que ele tamb\u00e9m queria recompensar os lutadores, treinadores e federa\u00e7\u00f5es que perderam para Khelif e Lin.<\/p>\n<p>A Associa\u00e7\u00e3o Italiana de Boxe disse no domingo que n\u00e3o aceitar\u00e1 o dinheiro da IBA, enquanto o pai da finlandesa Pihla Kaivo-oja, que chegou \u00e0s quartas de final, disse na segunda-feira que sua filha tamb\u00e9m n\u00e3o aceitaria.<\/p>\n<p>\u201cEst\u00e1 bem claro que o dinheiro de Putin n\u00e3o deve ser aceito\u201d, disse Juha Kaivo-oja ao jornal Helsingin Sanomat.<\/p>\n<p>A IBA disse que convocou a coletiva de imprensa em Paris para responder perguntas e fornecer detalhes sobre os testes que alimentaram o escrut\u00ednio extraordin\u00e1rio de Khelif e Lin, que lutar\u00e3o por medalhas esta semana em Roland Garros. Khelif aparece nas semifinais de 66 quilos na ter\u00e7a-feira \u00e0 noite, enquanto Lin luta na semifinal de 57 quilos na quarta-feira.<\/p>\n<p>O evento da IBA, no entanto, come\u00e7ou com uma hora de atraso e foi cheio de problemas t\u00e9cnicos e longos discursos sobre quest\u00f5es n\u00e3o relacionadas aos lutadores. Houve vaias e perguntas gritadas. Terminou com rep\u00f3rteres frustrados se afastando de um dos ataques anti-COI de Kremlev no painel de v\u00eddeo gigante atr\u00e1s do estrado para entrevistar um pequeno grupo de apoiadores de Khelif.<\/p>\n<p>O grupo inclu\u00eda a companheira de equipe de Khelif, Roumaysa Boualam, uma boxeadora campe\u00e3 dos Jogos Africanos e duas vezes atleta ol\u00edmpica que lutou em Paris.<\/p>\n<p>\u201cQualquer um que fosse retratado como (Khelif) foi retratado se sentiria bravo e frustrado\u201d, disse Boualam. \u201cEla foi afetada por tudo, como qualquer um. Mas ela falar\u00e1 no ringue.\u201d<\/p>\n<p>Khelif falou longamente na noite de domingo com a SNTV, uma parceira de v\u00eddeo esportivo da The Associated Press. Ela disse que <a href=\"https:\/\/www.boston.com\/sports\/sports-news\/2024\/08\/02\/italian-boxer-angela-carini-quit-fight-against-imane-khelif\/\">onda de escrut\u00ednio odioso<\/a> ela est\u00e1 enfrentando \u201cferimentos \u00e0 dignidade humana\u201d e pediu o fim do bullying contra atletas.<\/p>\n<p>Tanto Khelif quanto Lin acabaram decidindo n\u00e3o apelar de suas desqualifica\u00e7\u00f5es do campeonato mundial do ano passado ao Tribunal Arbitral do Esporte, um processo dif\u00edcil que normalmente custa mais de US$ 40.000.<\/p>\n<p>Roberts disse que a IBA \u201cpagou a maior parte dos custos\u201d em outros casos em que os boxeadores desejam apelar de uma decis\u00e3o, mas os atletas devem pagar uma parte n\u00e3o especificada, o que \u00e0s vezes os leva a desistir devido ao \u00f4nus financeiro.<\/p>\n<div class=\"m-block m-generic-cta\t m-generic-cta--post-content\t m-generic-cta--dark\t m-generic-cta--homepage\t m-generic-cta--email-signup\t\t m-generic-cta-block-style--default \tt-amp__generic-cta\"><\/p>\n<div class=\"m-generic-cta__wrap\">\n<div class=\"m-generic-cta__content\">\n<h3 class=\"m-generic-cta__title\">Receba as \u00faltimas not\u00edcias esportivas de Boston<\/h3>\n<p class=\"m-generic-cta__subtitle\">Receba atualiza\u00e7\u00f5es sobre seus times favoritos de Boston, diretamente da nossa reda\u00e7\u00e3o para sua caixa de entrada.<\/p>\n<\/p><\/div>\n<\/p><\/div>\n<\/div><\/div>\n<p><script>\n\t\tvar consent=\"grant\";\n\t\t\/* The above code is parsing the JSON data from the local storage and storing it in a variable. *\/\n\t\t\t\t\tconst onetrustStorageConsent = JSON.parse(localStorage.getItem( 'consent_one_trust_bdc' ) );\n\t\t\tif ( ( onetrustStorageConsent !== null ) ) {\n\t\t\t\t\/* Checking to see if the user has consented to the use of cookies.\n\t\t\t\t* If they have not, it is deleting the cookie.\n\t\t\t\t* This will comment for now, until further notice.\n\t\t\t\t*\/\n\t\t\t\t\/\/if ( onetrustStorageConsent.C0002 === false ) {\n\t\t\t\t\/\/\tdocument.cookie=\"_fbp=;expires=Thu, 01 Jan 2010 00:00:00 UTC; path=\/; domain=.boston.com\";\n\t\t\t\t\/\/}\n\t\t\t\t\/* Checking if the user has given consent for the cookie C0002.\n\t\t\t\t* If the user has given consent, the variable consent will be set to 'grant'.\n\t\t\t\t* If the user has not given consent,the variable consent will be set to 'revoke'.\n\t\t\t\t* Documentation https:\/\/developers.facebook.com\/docs\/meta-pixel\/implementation\/gdpr\n\t\t\t\t*\/\n\t\t\t\tif ( onetrustStorageConsent.C0002 !== true ) {\n\t\t\t\t\tconsent=\"revoke\";\n\t\t\t\t}\n\t\t\t}\n\t\t\t\t!function(f,b,e,v,n,t,s)\n\t\t{if(f.fbq)return;n=f.fbq=function(){n.callMethod?\n\t\tn.callMethod.apply(n,arguments):n.queue.push(arguments)};\n\t\tif(!f._fbq)f._fbq=n;n.push=n;n.loaded=!0;n.version='2.0';\n\t\tn.queue=[];t=b.createElement(e);t.async=!0;\n\t\tt.src=v;s=b.getElementsByTagName(e)[0];\n\t\ts.parentNode.insertBefore(t,s)}(window, document,'script',\n\t\t'https:\/\/connect.facebook.net\/en_US\/fbevents.js');\n\t\tfbq('consent', consent);\n\t\tfbq('init', '989222871864976');\n\t\tfbq('track', 'PageView');\n\t<\/script><script type=\"module\">\n\t\tvar consent=\"grant\";\n\t\t\/* The above code is parsing the JSON data from the local storage and storing it in a variable. *\/\n\t\t\tconst onetrustStorageConsent = JSON.parse(localStorage.getItem( 'consent_one_trust_bdc' ) );\n\t\t\t\/* Checking to see if the user has consented to the use of cookies.\n\t\t\t* If they have not, it is deleting the cookie.\n\t\t\t* This will comment for now, until further notice.\n\t\t\t*\/\n\t\t\t\/\/if ( onetrustStorageConsent.C0002 === false ) {\n\t\t\t\/\/\tdocument.cookie=\"_fbp=;expires=Thu, 01 Jan 2010 00:00:00 UTC; path=\/; domain=.boston.com\";\n\t\t\t\/\/}\n\t\t\t\/* Checking if the user has given consent for the cookie C0002.\n\t\t\t* If the user has given consent, the variable consent will be set to 'grant'.\n\t\t\t* If the user has not given consent,the variable consent will be set to 'revoke'.\n\t\t\t* Documentation https:\/\/developers.facebook.com\/docs\/meta-pixel\/implementation\/gdpr\n\t\t\t*\/\n\t\t\tif ( ( onetrustStorageConsent !== null ) && (onetrustStorageConsent.C0002 !== true ) ) {\n\t\t\t\tconsent=\"revoke\";\n\t\t\t}\n\t\t\t\t!function(f,b,e,v,n,t,s){if(f.fbq)return;n=f.fbq=function()\n\t\t{n.callMethod? n.callMethod.apply(n,arguments):n.queue.push(arguments)}\n\t\t;if(!f._fbq)f._fbq=n;\n\t\tn.push=n;n.loaded=!0;n.version='2.0';n.queue=[];t=b.createElement(e);t.async=!0;\n\t\tt.src=v;s=b.getElementsByTagName(e)[0];s.parentNode.insertBefore(t,s)}(window,\n\t\tdocument,'script','https:\/\/connect.facebook.net\/en_US\/fbevents.js');\n\t\tfbq('consent', consent);\n\t\tfbq('init', '813236348753005');\n\t\tfbq('track', \"PageView\");\n\t<\/script><br \/>\n<br \/><br \/>\n<br \/><a href=\"https:\/\/www.boston.com\/sports\/sports-news\/2024\/08\/06\/boxing-group-answers-some-questions-about-tests-on-imane-khelif\/\">Source link <\/a><\/p>","protected":false},"excerpt":{"rendered":"<p>Not\u00edcias esportivas \u201cQualquer um que fosse retratado como (Khelif) foi retratado se sentiria zangado e frustrado.\u201d A boxeadora argelina Imane Khelif fala durante uma entrevista \u00e0 SNTV nas Olimp\u00edadas de&hellip;<\/p>","protected":false},"author":1,"featured_media":18094,"comment_status":"closed","ping_status":"open","sticky":false,"template":"","format":"standard","meta":{"content-type":"","footnotes":""},"categories":[1],"tags":[],"class_list":["post-18093","post","type-post","status-publish","format-standard","has-post-thumbnail","hentry","category-uncategorized"],"_links":{"self":[{"href":"https:\/\/tvbrazilusa.com\/pt\/wp-json\/wp\/v2\/posts\/18093","targetHints":{"allow":["GET"]}}],"collection":[{"href":"https:\/\/tvbrazilusa.com\/pt\/wp-json\/wp\/v2\/posts"}],"about":[{"href":"https:\/\/tvbrazilusa.com\/pt\/wp-json\/wp\/v2\/types\/post"}],"author":[{"embeddable":true,"href":"https:\/\/tvbrazilusa.com\/pt\/wp-json\/wp\/v2\/users\/1"}],"replies":[{"embeddable":true,"href":"https:\/\/tvbrazilusa.com\/pt\/wp-json\/wp\/v2\/comments?post=18093"}],"version-history":[{"count":1,"href":"https:\/\/tvbrazilusa.com\/pt\/wp-json\/wp\/v2\/posts\/18093\/revisions"}],"predecessor-version":[{"id":18095,"href":"https:\/\/tvbrazilusa.com\/pt\/wp-json\/wp\/v2\/posts\/18093\/revisions\/18095"}],"wp:featuredmedia":[{"embeddable":true,"href":"https:\/\/tvbrazilusa.com\/pt\/wp-json\/wp\/v2\/media\/18094"}],"wp:attachment":[{"href":"https:\/\/tvbrazilusa.com\/pt\/wp-json\/wp\/v2\/media?parent=18093"}],"wp:term":[{"taxonomy":"category","embeddable":true,"href":"https:\/\/tvbrazilusa.com\/pt\/wp-json\/wp\/v2\/categories?post=18093"},{"taxonomy":"post_tag","embeddable":true,"href":"https:\/\/tvbrazilusa.com\/pt\/wp-json\/wp\/v2\/tags?post=18093"}],"curies":[{"name":"wp","href":"https:\/\/api.w.org\/{rel}","templated":true}]}}