{"id":18108,"date":"2024-08-06T14:45:20","date_gmt":"2024-08-06T14:45:20","guid":{"rendered":"https:\/\/tvbrazilusa.com\/2024\/08\/06\/ministerio-de-lula-tenta-fazer-meme-apaga-rebeca-andrade-de-podio-e-e-detonado-nas-redes-sociais-veja\/"},"modified":"2024-08-06T14:45:35","modified_gmt":"2024-08-06T14:45:35","slug":"ministerio-de-lula-tenta-fazer-meme-apaga-rebeca-andrade-de-podio-e-e-detonado-nas-redes-sociais-veja","status":"publish","type":"post","link":"https:\/\/tvbrazilusa.com\/pt\/2024\/08\/06\/ministerio-de-lula-tenta-fazer-meme-apaga-rebeca-andrade-de-podio-e-e-detonado-nas-redes-sociais-veja\/","title":{"rendered":"Minist\u00e9rio de Lula tenta fazer meme, apaga Rebeca Andrade de p\u00f3dio e \u00e9 detonado nas redes sociais; veja"},"content":{"rendered":"<p> <script async src=\"https:\/\/pagead2.googlesyndication.com\/pagead\/js\/adsbygoogle.js?client=ca-pub-8864793242727901\"\r\n     crossorigin=\"anonymous\"><\/script><br \/>\n<\/p>\n<div>\n<p>Em um incidente recente, o Minist\u00e9rio das Comunica\u00e7\u00f5es se envolveu em uma pol\u00eamica ao publicar um meme nas redes sociais que apagava a ginasta Rebeca Andrade do p\u00f3dio das Olimp\u00edadas de Paris 2024. A imagem original mostrava Simone Biles reverenciando Rebeca ap\u00f3s a brasileira conquistar a medalha de ouro.<\/p>\n<p>A publica\u00e7\u00e3o, que gerou uma onda de cr\u00edticas nas redes sociais, foi rapidamente apagada pelo minist\u00e9rio. Este epis\u00f3dio levantou diversas quest\u00f5es sobre sensibilidade e representatividade, especialmente numa situa\u00e7\u00e3o onde uma atleta preta brasileira alcan\u00e7a um feito hist\u00f3rico.<\/p>\n<figure class=\"wp-block-image size-large\"><picture decoding=\"async\" class=\"wp-image-168641\"><source type=\"image\/webp\" srcset=\"https:\/\/terrabrasilnoticias.com\/wp-content\/uploads\/2024\/08\/image-226-909x1024.png.webp 909w, https:\/\/terrabrasilnoticias.com\/wp-content\/uploads\/2024\/08\/image-226-266x300.png.webp 266w, https:\/\/terrabrasilnoticias.com\/wp-content\/uploads\/2024\/08\/image-226-768x865.png.webp 768w, https:\/\/terrabrasilnoticias.com\/wp-content\/uploads\/2024\/08\/image-226-750x845.png.webp 750w, https:\/\/terrabrasilnoticias.com\/wp-content\/uploads\/2024\/08\/image-226.png.webp 1136w\" sizes=\"(max-width: 909px) 100vw, 909px\"\/><\/picture><figcaption class=\"wp-element-caption\">Reprodu\u00e7\u00e3o\/Instagram<\/figcaption><\/figure>\n<h2 class=\"wp-block-heading\">Rebeca Andrade Brilha nas Olimp\u00edadas de Paris 2024<\/h2>\n<p>Rebeca Andrade, de 25 anos, conquistou a medalha de ouro no solo, complementando suas conquistas com mais tr\u00eas medalhas: bronze por equipes, prata no individual geral e outra prata no salto. Com essas vit\u00f3rias, Rebeca se tornou a atleta brasileira com o maior n\u00famero de medalhas ol\u00edmpicas, totalizando seis ao longo de suas participa\u00e7\u00f5es em T\u00f3quio e Paris.<\/p>\n<p>Na sua apresenta\u00e7\u00e3o no solo, Rebeca escolheu as m\u00fasicas \u201cEnd of Time\u201d de Beyonc\u00e9 e \u201cMovimento da Sanfoninha\u201d de Anitta, obtendo uma pontua\u00e7\u00e3o de 14.166. Simone Biles, favorita ao ouro, ficou em segundo lugar com 14.133, enquanto Jordan Chiles, tamb\u00e9m dos EUA, levou o bronze com 13.766.<\/p>\n<h2 class=\"wp-block-heading\">O que levou \u00e0 Repercuss\u00e3o Negativa do Meme do Minist\u00e9rio das Comunica\u00e7\u00f5es?<\/h2>\n<p>A imagem publicada pelo Minist\u00e9rio das Comunica\u00e7\u00f5es substitu\u00eda Rebeca Andrade pelo logotipo do programa Computadores para Inclus\u00e3o, lan\u00e7ado anteriormente pelo presidente Luiz In\u00e1cio Lula da Silva.<\/p>\n<p>Essa altera\u00e7\u00e3o foi imediatamente percebida como desrespeitosa e diminuidora dos feitos hist\u00f3ricos de Rebeca, especialmente para as mulheres negras que viram em sua vit\u00f3ria um momento de orgulho e representatividade.<\/p>\n<h2 class=\"wp-block-heading\">Como o Minist\u00e9rio das Comunica\u00e7\u00f5es Respondeu \u00e0 Pol\u00eamica?<\/h2>\n<p>Ap\u00f3s a rea\u00e7\u00e3o negativa, o Minist\u00e9rio das Comunica\u00e7\u00f5es apagou a publica\u00e7\u00e3o original e lan\u00e7ou um novo meme, dessa vez incluindo Rebeca Andrade no p\u00f3dio ao lado dos logotipos dos programas governamentais. Al\u00e9m disso, a pasta emitiu um pronunciamento pedindo desculpas pelo incidente.<\/p>\n<p>No texto, o Minist\u00e9rio reconheceu a import\u00e2ncia de Rebeca e pediu desculpas especialmente \u00e0s mulheres negras, destacando como a vit\u00f3ria da ginasta representou a conquista de todas elas.<\/p>\n<h2 class=\"wp-block-heading\">Quais as Conquistas de Rebeca Andrade nos Jogos Ol\u00edmpicos?<\/h2>\n<ul class=\"wp-block-list\">\n<li>Medalha de ouro no solo em Paris 2024.<\/li>\n<li>Medalha de bronze por equipes em Paris 2024.<\/li>\n<li>Medalha de prata no individual geral em Paris 2024.<\/li>\n<li>Medalha de prata no salto em Paris 2024.<\/li>\n<li>Duas medalhas conquistadas em T\u00f3quio 2021.<\/li>\n<\/ul>\n<p>Essas conquistas fazem de Rebeca a atleta brasileira mais premiada em Olimp\u00edadas, superando lendas como Robert Scheidt e Torben Grael.<\/p>\n<p>A vit\u00f3ria de Rebeca nas Olimp\u00edadas de Paris \u00e9 mais que uma conquista esportiva; \u00e9 um s\u00edmbolo de luta, supera\u00e7\u00e3o e representatividade. Ela n\u00e3o s\u00f3 ganhou medalhas, como tamb\u00e9m inspirou milhares de meninas e mulheres pelo Brasil, mostrando que com talento, dedica\u00e7\u00e3o e esfor\u00e7o \u00e9 poss\u00edvel alcan\u00e7ar o topo.<\/p>\n<p>Em um pa\u00eds onde a representatividade ainda enfrenta grandes desafios, as vit\u00f3rias de Rebeca servem como um potente lembrete do poder do esporte para transformar vidas e sociedade.<\/p>\n<\/p><\/div>\n<p><br \/>\n<br \/><a href=\"https:\/\/terrabrasilnoticias.com\/2024\/08\/ministerio-de-lula-tenta-fazer-meme-apaga-rebeca-andrade-de-podio-e-e-detonado-nas-redes-sociais-veja\/\">Source link <\/a><\/p>","protected":false},"excerpt":{"rendered":"<p>Em um incidente recente, o Minist\u00e9rio das Comunica\u00e7\u00f5es se envolveu em uma pol\u00eamica ao publicar um meme nas redes sociais que apagava a ginasta Rebeca Andrade do p\u00f3dio das Olimp\u00edadas&hellip;<\/p>","protected":false},"author":1,"featured_media":18109,"comment_status":"closed","ping_status":"open","sticky":false,"template":"","format":"standard","meta":{"content-type":"","footnotes":""},"categories":[16],"tags":[],"class_list":["post-18108","post","type-post","status-publish","format-standard","has-post-thumbnail","hentry","category-noticias"],"_links":{"self":[{"href":"https:\/\/tvbrazilusa.com\/pt\/wp-json\/wp\/v2\/posts\/18108","targetHints":{"allow":["GET"]}}],"collection":[{"href":"https:\/\/tvbrazilusa.com\/pt\/wp-json\/wp\/v2\/posts"}],"about":[{"href":"https:\/\/tvbrazilusa.com\/pt\/wp-json\/wp\/v2\/types\/post"}],"author":[{"embeddable":true,"href":"https:\/\/tvbrazilusa.com\/pt\/wp-json\/wp\/v2\/users\/1"}],"replies":[{"embeddable":true,"href":"https:\/\/tvbrazilusa.com\/pt\/wp-json\/wp\/v2\/comments?post=18108"}],"version-history":[{"count":1,"href":"https:\/\/tvbrazilusa.com\/pt\/wp-json\/wp\/v2\/posts\/18108\/revisions"}],"predecessor-version":[{"id":18110,"href":"https:\/\/tvbrazilusa.com\/pt\/wp-json\/wp\/v2\/posts\/18108\/revisions\/18110"}],"wp:featuredmedia":[{"embeddable":true,"href":"https:\/\/tvbrazilusa.com\/pt\/wp-json\/wp\/v2\/media\/18109"}],"wp:attachment":[{"href":"https:\/\/tvbrazilusa.com\/pt\/wp-json\/wp\/v2\/media?parent=18108"}],"wp:term":[{"taxonomy":"category","embeddable":true,"href":"https:\/\/tvbrazilusa.com\/pt\/wp-json\/wp\/v2\/categories?post=18108"},{"taxonomy":"post_tag","embeddable":true,"href":"https:\/\/tvbrazilusa.com\/pt\/wp-json\/wp\/v2\/tags?post=18108"}],"curies":[{"name":"wp","href":"https:\/\/api.w.org\/{rel}","templated":true}]}}