{"id":18139,"date":"2024-08-06T15:09:03","date_gmt":"2024-08-06T15:09:03","guid":{"rendered":"https:\/\/tvbrazilusa.com\/2024\/08\/06\/vandalos-jogam-tinta-na-mansao-de-messi-em-ibiza-veja-video\/"},"modified":"2024-08-06T15:17:30","modified_gmt":"2024-08-06T15:17:30","slug":"vandalos-jogam-tinta-na-mansao-de-messi-em-ibiza-veja-video","status":"publish","type":"post","link":"https:\/\/tvbrazilusa.com\/pt\/2024\/08\/06\/vandalos-jogam-tinta-na-mansao-de-messi-em-ibiza-veja-video\/","title":{"rendered":"V\u00e2ndalos jogam tinta na mans\u00e3o de Messi em Ibiza; VEJA V\u00cdDEO"},"content":{"rendered":"<p> <script async src=\"https:\/\/pagead2.googlesyndication.com\/pagead\/js\/adsbygoogle.js?client=ca-pub-8864793242727901\"\r\n     crossorigin=\"anonymous\"><\/script><br \/>\n<\/p>\n<div>\n<p>Na \u00faltima ter\u00e7a-feira (6), v\u00e2ndalos do grupo Futuro Vegetal realizaram um protesto, jogando tinta nas paredes ao redor da casa do atacante argentino Lionel Messi, localizada em Ibiza. A a\u00e7\u00e3o visava chamar a aten\u00e7\u00e3o para a responsabilidade do \u201c1% mais rico da popula\u00e7\u00e3o mundial\u201d nas mudan\u00e7as clim\u00e1ticas, conforme declarado pelo grupo em um comunicado oficial.<\/p>\n<p>Nas imagens divulgadas pelo Futuro Vegetal, \u00e9 poss\u00edvel ver os v\u00e2ndalos pintando com spray as superf\u00edcies externas da resid\u00eancia do astro do futebol. A casa de Messi, situada na ilha espanhola de Ibiza, foi adquirida pelo jogador em 2022 por 11 milh\u00f5es de euros, cifra que equivale a quase R$ 70 milh\u00f5es na cota\u00e7\u00e3o atual.<\/p>\n<blockquote class=\"twitter-tweet\" data-media-max-width=\"560\">\n<p lang=\"es\" dir=\"ltr\">Un grupo de activistas ambientales llamado \u201cFuturo Vegetal\u201d se grab\u00f3 VANDALIZANDO la casona de Messi en Ibiza.<\/p>\n<p>Le mancharon las paredes de la fachada con pintura y mostraron un mensaje: \u201cAyudar al planeta y comerse a los ricos\u201d.<\/p>\n<p>S\u00ed, real. \ud83d\ude33\ud83c\udde6\ud83c\uddf7\ud83c\uddea\ud83c\uddf8<br \/><a href=\"https:\/\/t.co\/I23uI2FgBO\">pic.twitter.com\/I23uI2FgBO<\/a><\/p>\n<p>\u2014 Ataque Futbolero (@AtaqueFutbolero) <a href=\"https:\/\/twitter.com\/AtaqueFutbolero\/status\/1820790931651481620?ref_src=twsrc%5Etfw\">August 6, 2024<\/a><\/p><\/blockquote>\n<p>A decis\u00e3o de protestar na propriedade de Lionel Messi reflete uma cr\u00edtica mais ampla \u00e0 elite global. Segundo o grupo Futuro Vegetal, os mais ricos s\u00e3o os maiores respons\u00e1veis pelas emiss\u00f5es de carbono e, portanto, pelas mudan\u00e7as clim\u00e1ticas. O foco no jogador, atualmente atuando pelo Inter Miami, n\u00e3o \u00e9 pessoal, mas simb\u00f3lico, representando um chamado \u00e0 a\u00e7\u00e3o contra a desigualdade clim\u00e1tica.<\/p>\n<h2 class=\"wp-block-heading\">O que \u00e9 o Futuro Vegetal?<\/h2>\n<figure class=\"wp-block-image size-full\"><picture decoding=\"async\" class=\"wp-image-168656\"><source type=\"image\/webp\" srcset=\"https:\/\/terrabrasilnoticias.com\/wp-content\/uploads\/2024\/08\/image-229.png.webp 644w, https:\/\/terrabrasilnoticias.com\/wp-content\/uploads\/2024\/08\/image-229-300x150.png.webp 300w, https:\/\/terrabrasilnoticias.com\/wp-content\/uploads\/2024\/08\/image-229-360x180.png.webp 360w\" sizes=\"(max-width: 644px) 100vw, 644px\"\/><\/picture><figcaption class=\"wp-element-caption\">@futurovegetal<\/figcaption><\/figure>\n<p>O Futuro Vegetal \u00e9 um coletivo ativista que luta pela justi\u00e7a ambiental e pelo fim do consumo desenfreado dos recursos naturais. Suas a\u00e7\u00f5es geralmente visam destacar a contribui\u00e7\u00e3o desproporcional dos ricos na crise clim\u00e1tica. O grupo usa m\u00e9todos de protesto n\u00e3o violentos, como a recente picha\u00e7\u00e3o na casa de Messi, para promover suas mensagens e gerar debates p\u00fablicos.<\/p>\n<h2 class=\"wp-block-heading\">Mudan\u00e7as Clim\u00e1ticas<\/h2>\n<p>Segundo o grupo, a responsabilidade atribu\u00edda ao \u201c1% mais rico\u201d nas mudan\u00e7as clim\u00e1ticas se baseia no fato de que essa parcela da popula\u00e7\u00e3o consome e polui mais do que o restante da humanidade. Estudos apontam que as emiss\u00f5es de carbono dos mais ricos s\u00e3o muito superiores, agravando a crise clim\u00e1tica. A cr\u00edtica se estende a figuras p\u00fablicas e celebridades devido ao seu estilo de vida luxuoso.<\/p>\n<p>O im\u00f3vel de Lionel Messi em Ibiza tornou-se alvo do protesto como um exemplo das extravag\u00e2ncias permitidas ao 1% mais rico. Adquirida em 2022, a casa custou ao astro do futebol 11 milh\u00f5es de euros, ou quase R$ 70 milh\u00f5es atualmente. A a\u00e7\u00e3o dos ativistas visou n\u00e3o apenas ao jogador, mas tamb\u00e9m ao sistema que permite tamanha desigualdade.<\/p>\n<h2 class=\"wp-block-heading\">Rea\u00e7\u00f5es e Consequ\u00eancias do ato dos V\u00e2ndalos<\/h2>\n<p>A repercuss\u00e3o do protesto foi ampla nas redes sociais e nos ve\u00edculos de m\u00eddia. Muitos apoiadores de Messi consideraram o ato desrespeitoso, enquanto outros destacaram a import\u00e2ncia de abordar a quest\u00e3o das mudan\u00e7as clim\u00e1ticas. Messi, atualmente jogando pelo Inter Miami e bicampe\u00e3o da Copa Am\u00e9rica, ainda n\u00e3o se pronunciou sobre o incidente.<\/p>\n<\/p><\/div>\n<p><script async src=\"\/\/platform.twitter.com\/widgets.js\" charset=\"utf-8\"><\/script><br \/>\n<br \/><br \/>\n<br \/><a href=\"https:\/\/terrabrasilnoticias.com\/2024\/08\/vandalos-jogam-tinta-na-mansao-de-messi-em-ibiza-veja-video\/\">Source link <\/a><\/p>","protected":false},"excerpt":{"rendered":"<p>Na \u00faltima ter\u00e7a-feira (6), v\u00e2ndalos do grupo Futuro Vegetal realizaram um protesto, jogando tinta nas paredes ao redor da casa do atacante argentino Lionel Messi, localizada em Ibiza. A a\u00e7\u00e3o&hellip;<\/p>","protected":false},"author":1,"featured_media":18140,"comment_status":"closed","ping_status":"open","sticky":false,"template":"","format":"standard","meta":{"content-type":"","footnotes":""},"categories":[16],"tags":[],"class_list":["post-18139","post","type-post","status-publish","format-standard","has-post-thumbnail","hentry","category-noticias"],"_links":{"self":[{"href":"https:\/\/tvbrazilusa.com\/pt\/wp-json\/wp\/v2\/posts\/18139","targetHints":{"allow":["GET"]}}],"collection":[{"href":"https:\/\/tvbrazilusa.com\/pt\/wp-json\/wp\/v2\/posts"}],"about":[{"href":"https:\/\/tvbrazilusa.com\/pt\/wp-json\/wp\/v2\/types\/post"}],"author":[{"embeddable":true,"href":"https:\/\/tvbrazilusa.com\/pt\/wp-json\/wp\/v2\/users\/1"}],"replies":[{"embeddable":true,"href":"https:\/\/tvbrazilusa.com\/pt\/wp-json\/wp\/v2\/comments?post=18139"}],"version-history":[{"count":1,"href":"https:\/\/tvbrazilusa.com\/pt\/wp-json\/wp\/v2\/posts\/18139\/revisions"}],"predecessor-version":[{"id":18141,"href":"https:\/\/tvbrazilusa.com\/pt\/wp-json\/wp\/v2\/posts\/18139\/revisions\/18141"}],"wp:featuredmedia":[{"embeddable":true,"href":"https:\/\/tvbrazilusa.com\/pt\/wp-json\/wp\/v2\/media\/18140"}],"wp:attachment":[{"href":"https:\/\/tvbrazilusa.com\/pt\/wp-json\/wp\/v2\/media?parent=18139"}],"wp:term":[{"taxonomy":"category","embeddable":true,"href":"https:\/\/tvbrazilusa.com\/pt\/wp-json\/wp\/v2\/categories?post=18139"},{"taxonomy":"post_tag","embeddable":true,"href":"https:\/\/tvbrazilusa.com\/pt\/wp-json\/wp\/v2\/tags?post=18139"}],"curies":[{"name":"wp","href":"https:\/\/api.w.org\/{rel}","templated":true}]}}