{"id":18142,"date":"2024-08-06T15:11:21","date_gmt":"2024-08-06T15:11:21","guid":{"rendered":"https:\/\/tvbrazilusa.com\/2024\/08\/06\/festival-de-cinema-de-nova-york-define-programacao-principal-com-filmes-de-pedro-almodovar-sean-baker-e-mati-diop\/"},"modified":"2024-08-06T15:20:36","modified_gmt":"2024-08-06T15:20:36","slug":"festival-de-cinema-de-nova-york-define-programacao-principal-com-filmes-de-pedro-almodovar-sean-baker-e-mati-diop","status":"publish","type":"post","link":"https:\/\/tvbrazilusa.com\/pt\/2024\/08\/06\/festival-de-cinema-de-nova-york-define-programacao-principal-com-filmes-de-pedro-almodovar-sean-baker-e-mati-diop\/","title":{"rendered":"Festival de Cinema de Nova York define programa\u00e7\u00e3o principal com filmes de Pedro Almod\u00f3var, Sean Baker e Mati Diop"},"content":{"rendered":"<script async src=\"https:\/\/pagead2.googlesyndication.com\/pagead\/js\/adsbygoogle.js?client=ca-pub-8864793242727901\"\r\n     crossorigin=\"anonymous\"><\/script>\n<div id=\"\">\n<p class=\"dist__Box-sc-1fnzlkn-0 dist__TextBase-sc-1fnzlkn-3 CGHCP htMUPQ article-text\"><strong>NOVA IORQUE<\/strong> &#8211; O <a href=\"https:\/\/apnews.com\/article\/new-york-film-festival-ferrari-nyff-be32ee2b3e610b7209873152127d5171\">Festival de Cinema de Nova York<\/a> revelou na ter\u00e7a-feira a lista principal para sua 62\u00aa edi\u00e7\u00e3o, com sele\u00e7\u00f5es que incluem <a href=\"https:\/\/apnews.com\/article\/cannes-film-festival-palme-dor-2024-53443a0e2526459b933f589ed0f498b5\">\u201cAnora\u201d, vencedor da Palma de Ouro de Sean Baker,<\/a> \u201cThe Room Next Door\u201d de Pedro Almod\u00f3var e \u201cDahomey\u201d de Mati Diop. <\/p>\n<p class=\"dist__Box-sc-1fnzlkn-0 dist__TextBase-sc-1fnzlkn-3 CGHCP htMUPQ article-text\">Trinta e tr\u00eas longas-metragens formar\u00e3o a programa\u00e7\u00e3o central do festival anual apresentado pelo Film at Lincoln Center. A lista principal \u00e9 particularmente internacional este ano, com filmes vindos de 24 pa\u00edses, e incluindo 19 diretores fazendo sua estreia na se\u00e7\u00e3o mais prestigiada do festival. <\/p>\n<p class=\"dist__Box-sc-1fnzlkn-0 dist__TextBase-sc-1fnzlkn-3 CGHCP htMUPQ article-text\">O festival, <a href=\"https:\/\/apnews.com\/article\/nickel-boys-new-york-film-festival-b827efa0a5cdd7e218314f85d5d0870b\">conforme anunciado anteriormente,<\/a> come\u00e7ar\u00e1 em 27 de setembro com \u201cNickel Boys\u201d de RaMell Ross, uma adapta\u00e7\u00e3o do romance vencedor do Pr\u00eamio Pulitzer de Colson Whitehead em 2019. Almod\u00f3var, fazendo sua 15\u00aa apari\u00e7\u00e3o na principal programa\u00e7\u00e3o de Nova York, apresentar\u00e1 \u201cThe Room Next Door\u201d, estrelado por Julianne Moore e Tilda Swinton, como a pe\u00e7a central do festival. \u201cBlitz\u201d, de Steve McQueen, sobre o bombardeio de Londres na Segunda Guerra Mundial, ser\u00e1 o filme da noite de encerramento. <\/p>\n<p class=\"dist__Box-sc-1fnzlkn-0 dist__TextBase-sc-1fnzlkn-3 CGHCP htMUPQ article-text\">V\u00e1rios vencedores de pr\u00eamios de <a href=\"https:\/\/apnews.com\/hub\/cannes-film-festival\">Festival de Cinema de Cannes de maio<\/a> far\u00e3o suas estreias nos EUA ou na Am\u00e9rica do Norte. Junto com \u201cAnora\u201d, isso inclui \u201cGrand Tour\u201d, de Miguel Gomes, vencedor do pr\u00eamio de melhor diretor em Cannes; \u201cAll We Imagine as Light\u201d, de Payal Kapadia, vencedor do Grand Prix; \u201cOn Becoming a Guinea Fowl\u201d, de Rungano Nyoni, um destaque de Un Certain Regard; e \u201cThe Seed of the Sacred Fig\u201d, do cineasta iraniano dissidente Mohammad Rasoulof <a href=\"https:\/\/apnews.com\/article\/cannes-mohammad-rasoulof-iranian-director-exile-interview-07f4bffafa305ac4fdc3e8874971fb36\">que fugiu de seu pa\u00eds natal para revelar seu filme.<\/a><\/p>\n<p class=\"dist__Box-sc-1fnzlkn-0 dist__TextBase-sc-1fnzlkn-3 CGHCP htMUPQ article-text\">\u201cA ambi\u00e7\u00e3o do festival \u00e9 refletir o estado do cinema em um determinado ano, o que frequentemente significa tamb\u00e9m refletir o estado do mundo\u201d, disse Dennis Lim, diretor art\u00edstico do festival, em uma declara\u00e7\u00e3o. \u201cA coisa mais not\u00e1vel sobre os filmes na lista principal \u2014 e nas outras se\u00e7\u00f5es que anunciaremos nas pr\u00f3ximas semanas \u2014 \u00e9 o grau em que eles enfatizam a rela\u00e7\u00e3o do cinema com a realidade. Eles s\u00e3o lembretes de que, nas m\u00e3os de seus praticantes mais vitais, o cinema tem a capacidade de contar, intervir e reimaginar o mundo.\u201d<\/p>\n<p class=\"dist__Box-sc-1fnzlkn-0 dist__TextBase-sc-1fnzlkn-3 CGHCP htMUPQ article-text\">Tamb\u00e9m s\u00e3o toques <a href=\"https:\/\/apnews.com\/article\/paul-schrader-oh-canada-cannes-interview-ca056a52ae3ff72420aaf48a6567cd16\">\u201cOh, Canad\u00e1\u201d de Paul Schrader<\/a> com Richard Gere e Jacob Elordi, \u201cCaught by the Tides\u201d do cineasta chin\u00eas Jia Zhangke e \u201cThe Shrouds\u201d de David Cronenberg, al\u00e9m de dois destaques dos quadros secund\u00e1rios de Cannes: o drama da Guerra Civil Americana \u201cThe Damned\u201d de Roberto Minervini e a elegia do beisebol \u201cEephus\u201d de Carson Lund. <\/p>\n<p class=\"dist__Box-sc-1fnzlkn-0 dist__TextBase-sc-1fnzlkn-3 CGHCP htMUPQ article-text\">Tamb\u00e9m chegando a Nova York: \u201cHard Truths\u201d, de Mike Leigh, \u201cThe Brutalist\u201d, de Brady Corbet, estrelado por Adrien Brody como um arquiteto e sobrevivente do Holocausto, e a estreia mundial de \u201cMy Undesirable Friends: Part I \u2014 Last Air in Moscow\u201d, de Julia Loktev, um document\u00e1rio sobre jornalismo independente na R\u00fassia de Putin. <\/p>\n<p class=\"dist__Box-sc-1fnzlkn-0 dist__TextBase-sc-1fnzlkn-3 CGHCP htMUPQ article-text\">Dois cineastas t\u00eam um par de filmes na lista principal. Tanto \u201cBy the Stream\u201d quanto \u201cA Traveler&#39;s Needs\u201d do diretor sul-coreano Hong Sangsoo estrear\u00e3o no festival, enquanto o documentarista chin\u00eas Wang Bing apresentar\u00e1 a segunda e a terceira entradas em sua trilogia \u201cYouth\u201d: \u201cYouth (Hard Times\u201d) e \u201cYouth (\u201cHomecoming\u201d).<\/p>\n<p class=\"dist__Box-sc-1fnzlkn-0 dist__TextBase-sc-1fnzlkn-3 CGHCP htMUPQ article-text\">O <a href=\"https:\/\/www.filmlinc.org\/\">Festival de Cinema de Nova York<\/a>que acontece de 27 de setembro a 14 de outubro, no Lincoln Center e em v\u00e1rios outros locais da cidade.<\/p>\n<\/div>\n<p>Copyright 2024 The Associated Press. Todos os direitos reservados. Este material n\u00e3o pode ser publicado, transmitido, reescrito ou redistribu\u00eddo sem permiss\u00e3o.<\/p>\n<p><br \/>\n<br \/><a href=\"https:\/\/www.clickorlando.com\/entertainment\/2024\/08\/06\/new-york-film-festival-sets-main-slate-with-movies-by-pedro-almodovar-sean-baker-and-mati-diop\/\">Source link <\/a><\/p>","protected":false},"excerpt":{"rendered":"<p>NOVA IORQUE &#8211; O Festival de Cinema de Nova York revelou na ter\u00e7a-feira a lista principal para sua 62\u00aa edi\u00e7\u00e3o, com sele\u00e7\u00f5es que incluem \u201cAnora\u201d, vencedor da Palma de Ouro&hellip;<\/p>","protected":false},"author":1,"featured_media":18143,"comment_status":"closed","ping_status":"open","sticky":false,"template":"","format":"standard","meta":{"content-type":"","footnotes":""},"categories":[1],"tags":[8385,1416,8378,8383,8379,8380,8384,8381,8382],"class_list":["post-18142","post","type-post","status-publish","format-standard","has-post-thumbnail","hentry","category-uncategorized","tag-colson-whitehead","tag-entretenimento","tag-julianne-moore","tag-mati-diop","tag-pedro-almodovar","tag-ramell-ross","tag-sean-padeiro","tag-steve-mcqueen","tag-tilda-swinton"],"_links":{"self":[{"href":"https:\/\/tvbrazilusa.com\/pt\/wp-json\/wp\/v2\/posts\/18142","targetHints":{"allow":["GET"]}}],"collection":[{"href":"https:\/\/tvbrazilusa.com\/pt\/wp-json\/wp\/v2\/posts"}],"about":[{"href":"https:\/\/tvbrazilusa.com\/pt\/wp-json\/wp\/v2\/types\/post"}],"author":[{"embeddable":true,"href":"https:\/\/tvbrazilusa.com\/pt\/wp-json\/wp\/v2\/users\/1"}],"replies":[{"embeddable":true,"href":"https:\/\/tvbrazilusa.com\/pt\/wp-json\/wp\/v2\/comments?post=18142"}],"version-history":[{"count":1,"href":"https:\/\/tvbrazilusa.com\/pt\/wp-json\/wp\/v2\/posts\/18142\/revisions"}],"predecessor-version":[{"id":18144,"href":"https:\/\/tvbrazilusa.com\/pt\/wp-json\/wp\/v2\/posts\/18142\/revisions\/18144"}],"wp:featuredmedia":[{"embeddable":true,"href":"https:\/\/tvbrazilusa.com\/pt\/wp-json\/wp\/v2\/media\/18143"}],"wp:attachment":[{"href":"https:\/\/tvbrazilusa.com\/pt\/wp-json\/wp\/v2\/media?parent=18142"}],"wp:term":[{"taxonomy":"category","embeddable":true,"href":"https:\/\/tvbrazilusa.com\/pt\/wp-json\/wp\/v2\/categories?post=18142"},{"taxonomy":"post_tag","embeddable":true,"href":"https:\/\/tvbrazilusa.com\/pt\/wp-json\/wp\/v2\/tags?post=18142"}],"curies":[{"name":"wp","href":"https:\/\/api.w.org\/{rel}","templated":true}]}}