{"id":18150,"date":"2024-08-06T15:07:57","date_gmt":"2024-08-06T15:07:57","guid":{"rendered":"https:\/\/tvbrazilusa.com\/2024\/08\/06\/quem-e-tim-walz-5-coisas-que-voce-precisa-saber-sobre-a-escolha-de-kamala-harris-para-vice-presidente\/"},"modified":"2024-08-06T15:24:20","modified_gmt":"2024-08-06T15:24:20","slug":"quem-e-tim-walz-5-coisas-que-voce-precisa-saber-sobre-a-escolha-de-kamala-harris-para-vice-presidente","status":"publish","type":"post","link":"https:\/\/tvbrazilusa.com\/pt\/2024\/08\/06\/quem-e-tim-walz-5-coisas-que-voce-precisa-saber-sobre-a-escolha-de-kamala-harris-para-vice-presidente\/","title":{"rendered":"Quem \u00e9 Tim Walz? 5 coisas que voc\u00ea precisa saber sobre a escolha de Kamala Harris para vice-presidente."},"content":{"rendered":"<p> <script async src=\"https:\/\/pagead2.googlesyndication.com\/pagead\/js\/adsbygoogle.js?client=ca-pub-8864793242727901\"\r\n     crossorigin=\"anonymous\"><\/script><br \/>\n<\/p>\n<div id=\"\">\n<header class=\"m-article-header m-article-header--standard\">\n\t\t\t\t\t\t\t\t\t\t\t\t<span id=\"article-header-primary-term\"><br \/>\n\t\t\t\t\t\t\t\t<a class=\"a-term a-term--primary\" href=\"https:\/\/www.boston.com\/tag\/politics\/\"><\/p>\n<p>\t\t\t\t\t\t\t\tPol\u00edtica\t\t\t\t\t\t\t\t<\/a><br \/>\n\t\t\t\t\t\t\t<\/span><\/p>\n<h2 class=\"m-article-header__sub-headline\">Embora Walz n\u00e3o seja de um dos estados cruciais do &#8220;muro azul&#8221; de Wisconsin, Michigan e Pensilv\u00e2nia, onde ambos os lados acreditam que precisam vencer, ele est\u00e1 bem ao lado.<\/h2>\n<figure class=\"a-photo m-article-header__photo\"><figcaption class=\"a-photo__caption\">\n<p>\tGovernador de Minnesota, Tim Walz.<em> AP Photo\/Carolyn Kaster, Arquivo<\/em>\t<\/figcaption><\/figure>\n<div class=\"m-article-header__meta\">\n<div class=\"m-article-header__byline\">\n<p class=\"m-article-header__author\">\n<p>\t\t\t\t\t\t\t\tPor STEVE KARNOWSKI e JOHN HANNA, Associated Press\t\t\t\t\t\t\t<\/p>\n<p>\t\t\t\t\t\t    \t\t\t\t\t\t\t<time class=\"m-article-header__date\"><\/p>\n<p>        \t\t\t\t\t\t\t6 de agosto de 2024 | 11h07    \t\t\t\t\t\t\t<\/time><\/p><\/div>\n<\/p><\/div>\n<\/header>\n<p>MINNEAPOLIS (AP) \u2014 Vice-presidente <a href=\"https:\/\/www.boston.com\/tag\/kamala-harris\/\">Kamala Harris<\/a> decidiu pelo governador de Minnesota, Tim Walz, como seu companheiro de chapa em sua candidatura \u00e0 Casa Branca. O democrata de 60 anos e veterano militar subiu \u00e0 vanguarda com uma s\u00e9rie de apari\u00e7\u00f5es francas na televis\u00e3o nos dias ap\u00f3s o presidente<a href=\"https:\/\/www.boston.com\/tag\/joe-biden\/\"> Joe Biden<\/a> decidiu n\u00e3o concorrer a um segundo mandato. Ele fez de seu estado um basti\u00e3o da pol\u00edtica liberal e, este ano, um dos poucos estados a proteger os f\u00e3s que compram ingressos online para <a href=\"https:\/\/www.boston.com\/tag\/taylor-swift\/\">Taylor Swift<\/a> concertos e outros eventos ao vivo.<\/p>\n<p>Algumas coisas que voc\u00ea precisa saber sobre Walz:<\/p>\n<div class=\"m-block t-amp__list-container m-article-list-container  m-article-list-container--frame-border a-border-frame  a-list-header__headline--red m-article-list--alternative--default  m-article-list--floated\">\n<ul class=\"t-amp__list a-list--no-style m-article-list m-article-list--recirculation m-article-list--has-images\">\n<li class=\"m-article-list__item m-article-list__item--featured\">\n\t\t\t\t<a class=\"m-article-list__link-wrapper\" href=\"https:\/\/www.boston.com\/news\/politics\/2024\/08\/06\/kamala-harris-minnesota-gov-tim-walz-running-mate-ap-sources\/\" data-p1=\"article_recirc_inline_feature\"><br \/>\n\t\t\t\t<img fetchpriority=\"high\" decoding=\"async\" width=\"768\" height=\"432\" src=\"https:\/\/bdc2020.o0bc.com\/wp-content\/uploads\/2024\/08\/AP24215646094367-66b21f9392378-768x432.jpg\" class=\"t-amp__list-image m-article-list__image m-article-list__image--full\" alt=\"Governador de Minnesota, Tim Walz.\" aria-hidden=\"true\" srcset=\"https:\/\/bdc2020.o0bc.com\/wp-content\/uploads\/2024\/08\/AP24215646094367-66b21f9392378-768x432.jpg?width=200 200w, https:\/\/bdc2020.o0bc.com\/wp-content\/uploads\/2024\/08\/AP24215646094367-66b21f9392378-768x432.jpg?width=300 300w, https:\/\/bdc2020.o0bc.com\/wp-content\/uploads\/2024\/08\/AP24215646094367-66b21f9392378-768x432.jpg?width=400 400w, https:\/\/bdc2020.o0bc.com\/wp-content\/uploads\/2024\/08\/AP24215646094367-66b21f9392378-768x432.jpg?width=500 500w, https:\/\/bdc2020.o0bc.com\/wp-content\/uploads\/2024\/08\/AP24215646094367-66b21f9392378-768x432.jpg?width=600 600w, https:\/\/bdc2020.o0bc.com\/wp-content\/uploads\/2024\/08\/AP24215646094367-66b21f9392378-768x432.jpg?width=700 700w, https:\/\/bdc2020.o0bc.com\/wp-content\/uploads\/2024\/08\/AP24215646094367-66b21f9392378-768x432.jpg?width=800 800w, https:\/\/bdc2020.o0bc.com\/wp-content\/uploads\/2024\/08\/AP24215646094367-66b21f9392378-768x432.jpg?width=900 900w\" sizes=\"(max-width: 768px) 100vw, 768px\"\/>\t\t\t\t\t<\/p>\n<p><h4 class=\"m-article-list__headline t-amp__list-headline\">\n\t\t\t\t\t\t\t<span class=\"m-article-list__link a-link a-link--inline a-link--text-link a-link--text-link-dark\"><\/p>\n<p>\t\t\t\t\t\t\tHarris seleciona o governador de Minnesota, Tim Walz, como companheiro de chapa, com o objetivo de adicionar for\u00e7a do Centro-Oeste \u00e0 chapa\t\t\t\t\t\t\t<\/span><br \/>\n\t\t\t\t\t\t<\/h4>\n<\/p>\n<p>\t\t\t\t<\/a>\n\t\t\t<\/li>\n<li class=\"m-article-list__item\">\n\t\t\t\t\t\t<a class=\"m-article-list__link-wrapper\" href=\"https:\/\/www.boston.com\/news\/politics\/2024\/08\/06\/kamala-harris-democratic-presidential-nominee-2024-election\/\" data-p1=\"article_recirc_inline_feed\"><\/p>\n<p><h4 class=\"m-article-list__headline\">\n\t\t\t\t\t\t\t\t\t<span class=\"m-article-list__link a-link a-link--inline a-link--text-link a-link--text-link-dark\"><\/p>\n<p>\t\t\t\t\t\t\t\t\tKamala Harris \u00e9 agora candidata presidencial democrata e enfrentar\u00e1 Donald Trump neste outono\t\t\t\t\t\t\t\t\t<\/span><br \/>\n\t\t\t\t\t\t\t\t<\/h4>\n<\/p>\n<p>\t\t\t\t\t\t<\/a>\n\t\t\t\t\t<\/li>\n<\/ul>\n<\/div>\n<h3 class=\"wp-block-heading\" id=\"h-walz-comes-from-rural-america\">Walz vem da Am\u00e9rica rural<\/h3>\n<p>Seria dif\u00edcil encontrar um representante mais v\u00edvido do cora\u00e7\u00e3o americano do que Walz. Nascido em West Point, Nebraska, uma comunidade de cerca de 3.500 pessoas a noroeste de Omaha, Walz se juntou \u00e0 Guarda Nacional do Ex\u00e9rcito e se tornou professor em Nebraska.<\/p>\n<p>Ele e sua esposa se mudaram para Mankato, no sul de Minnesota, na d\u00e9cada de 1990. Foi l\u00e1 que ele lecionou estudos sociais e treinou futebol na Mankato West High School, inclusive para o time de 1999 que venceu o primeiro dos quatro campeonatos estaduais da escola. Ele ainda aponta para sua filia\u00e7\u00e3o sindical l\u00e1.<\/p>\n<p>Walz serviu 24 anos na Guarda Nacional do Ex\u00e9rcito antes de se aposentar de um batalh\u00e3o de artilharia de campanha em 2005 como sargento-mor de comando, uma das patentes mais altas do ex\u00e9rcito.<\/p>\n<h3 class=\"wp-block-heading\" id=\"h-he-has-a-proven-ability-to-connect-with-conservative-voters\">Ele tem uma capacidade comprovada de se conectar com eleitores conservadores<\/h3>\n<p>Em sua primeira corrida para o Congresso, Walz derrotou um titular republicano. Isso foi em 2006, quando ele venceu em um distrito congressional predominantemente rural, no sul de Minnesota, contra o deputado de seis mandatos Gil Gutknecht. Walz capitalizou a raiva dos eleitores com o ent\u00e3o presidente George W. Bush e a guerra do Iraque.<\/p>\n<p>Durante seis mandatos na C\u00e2mara dos EUA, Walz defendeu as quest\u00f5es dos veteranos.<\/p>\n<p>Ele tamb\u00e9m mostrou um lado p\u00e9 no ch\u00e3o, em parte por meio de postagens de v\u00eddeo nas redes sociais com sua filha, Hope. Um <a href=\"https:\/\/twitter.com\/GovTimWalz\/status\/1698761196730540472\">\u00faltimo outono<\/a> mostrou-os tentando um brinquedo da Feira Estadual de Minnesota, \u201cThe Slingshot\u201d, depois de brincarem sobre comida de feira e sobre ela ser vegetariana.<\/p>\n<figure class=\"wp-block-embed is-type-rich is-provider-twitter wp-block-embed-twitter\">\n<\/figure>\n<h3 class=\"wp-block-heading\" id=\"h-he-could-help-the-ticket-in-key-midwestern-states\">Ele poderia ajudar na chapa em estados-chave do Centro-Oeste<\/h3>\n<p>Embora Walz n\u00e3o seja de um dos estados cruciais do \u201cmuro azul\u201d de Wisconsin, Michigan e Pensilv\u00e2nia, onde ambos os lados acreditam que precisam vencer, ele est\u00e1 bem ao lado. Ele tamb\u00e9m pode garantir que Minnesota permane\u00e7a nas m\u00e3os dos democratas.<\/p>\n<p>Isso \u00e9 importante porque o ex-presidente Donald Trump retratou Minnesota como algu\u00e9m em jogo neste ano, embora o estado n\u00e3o tenha eleito um republicano para um cargo estadual desde 2006. Um candidato presidencial republicano n\u00e3o vence no estado desde a vit\u00f3ria esmagadora do presidente Richard Nixon em 1972, mas Trump j\u00e1 fez campanha l\u00e1.<\/p>\n<p>Quando o governador democrata Mark Dayton decidiu n\u00e3o concorrer a um terceiro mandato em 2018, Walz fez campanha e ganhou o cargo com o tema \u201cOne Minnesota\u201d.<\/p>\n<p>Walz tamb\u00e9m fala confortavelmente sobre quest\u00f5es que importam aos eleitores no Rust Belt. Ele tem sido um campe\u00e3o das causas democratas, incluindo organiza\u00e7\u00e3o sindical, direitos dos trabalhadores e um sal\u00e1rio m\u00ednimo de US$ 15 por hora.<\/p>\n<h3 class=\"wp-block-heading\" id=\"h-he-has-experience-with-divided-government\">Ele tem experi\u00eancia com governo dividido<\/h3>\n<p>Em seu primeiro mandato como governador, Walz enfrentou uma Legislatura dividida entre uma C\u00e2mara liderada pelos Democratas e um Senado controlado pelos Republicanos que resistiu \u00e0s suas propostas de usar impostos mais altos para aumentar o dinheiro para escolas, assist\u00eancia m\u00e9dica e estradas. Mas ele e os legisladores negociaram compromissos que fizeram o governo dividido do estado ainda parecer produtivo.<\/p>\n<p>A coopera\u00e7\u00e3o bipartid\u00e1ria se tornou mais dif\u00edcil durante seu segundo ano, quando ele usou o poder de emerg\u00eancia do governador durante a pandemia de COVID-19 para fechar empresas e escolas. Os republicanos reagiram e for\u00e7aram a sa\u00edda de alguns chefes de ag\u00eancias. Os republicanos tamb\u00e9m continuam cr\u00edticos de Walz sobre o que eles veem como sua resposta lenta \u00e0 agita\u00e7\u00e3o \u00e0s vezes violenta que se seguiu ao assassinato de George Floyd por um policial de Minneapolis em 2020.<\/p>\n<p>As coisas ficaram mais f\u00e1ceis para Walz em seu segundo mandato, depois que ele derrotou o republicano Scott Jensen, um m\u00e9dico conhecido nacionalmente como um c\u00e9tico em rela\u00e7\u00e3o \u00e0s vacinas. Os democratas ganharam o controle de ambas as c\u00e2maras legislativas, abrindo caminho para um curso mais liberal no governo estadual, auxiliado por um enorme super\u00e1vit or\u00e7ament\u00e1rio.<\/p>\n<p>Walz e os legisladores eliminaram quase todas as restri\u00e7\u00f5es estaduais ao aborto promulgadas no passado pelos republicanos, protegeram os cuidados de afirma\u00e7\u00e3o de g\u00eanero para jovens transg\u00eaneros e legalizaram o uso recreativo da maconha.<\/p>\n<p>Rejeitando os apelos republicanos para que o super\u00e1vit do or\u00e7amento estadual fosse usado para cortar impostos, os democratas financiaram refei\u00e7\u00f5es escolares gratuitas para crian\u00e7as, mensalidades gratuitas em faculdades p\u00fablicas para estudantes de fam\u00edlias com renda inferior a US$ 80.000 por ano, um programa de licen\u00e7a m\u00e9dica e familiar remunerada e cobertura de seguro sa\u00fade, independentemente do status de imigra\u00e7\u00e3o da pessoa.<\/p>\n<h3 class=\"wp-block-heading\" id=\"h-he-has-an-ear-for-sound-bite-politics\">Ele tem ouvido para pol\u00edtica de frases de efeito<\/h3>\n<p>Walz chamou o candidato republicano Donald Trump e seu companheiro de chapa JD Vance de &#8220;simplesmente estranhos&#8221; em uma entrevista \u00e0 MSNBC no m\u00eas passado e a Associa\u00e7\u00e3o de Governadores Democratas \u2014 presidida por Walz \u2014 <a href=\"https:\/\/x.com\/DemGovs\/status\/1816201967862948032\">ampliou o ponto na postagem no X<\/a>. Walz posteriormente reiterou a caracteriza\u00e7\u00e3o na CNN, citando as repetidas men\u00e7\u00f5es de Trump ao serial killer fict\u00edcio Hannibal Lecter, do filme &#8220;O Sil\u00eancio dos Inocentes&#8221;, em discursos eleitorais.<\/p>\n<figure class=\"wp-block-embed is-type-rich is-provider-twitter wp-block-embed-twitter\">\n<\/figure>\n<p>A palavra rapidamente se transformou em tema para Harris e outros democratas, e tem a chance de ser a palavra de ordem da elei\u00e7\u00e3o indubitavelmente estranha de 2024.<\/p>\n<p><em>Hanna relatou de Topeka, Kansas.<\/em><\/p>\n<div class=\"m-block m-generic-cta\t m-generic-cta--post-content\t m-generic-cta--dark\t m-generic-cta--homepage\t m-generic-cta--email-signup\t\t m-generic-cta-block-style--default \tt-amp__generic-cta\"><\/p>\n<div class=\"m-generic-cta__wrap\">\n<div class=\"m-generic-cta__content\">\n<h3 class=\"m-generic-cta__title\">Alertas de not\u00edcias extras<\/h3>\n<p class=\"m-generic-cta__subtitle\">Receba atualiza\u00e7\u00f5es de \u00faltima hora assim que elas acontecerem.<\/p>\n<\/p><\/div>\n<\/p><\/div>\n<\/div><\/div>\n<p><script async src=\"\/\/platform.twitter.com\/widgets.js\" charset=\"utf-8\"><\/script><script>\n\t\tvar consent=\"grant\";\n\t\t\/* The above code is parsing the JSON data from the local storage and storing it in a variable. *\/\n\t\t\t\t\tconst onetrustStorageConsent = JSON.parse(localStorage.getItem( 'consent_one_trust_bdc' ) );\n\t\t\tif ( ( onetrustStorageConsent !== null ) ) {\n\t\t\t\t\/* Checking to see if the user has consented to the use of cookies.\n\t\t\t\t* If they have not, it is deleting the cookie.\n\t\t\t\t* This will comment for now, until further notice.\n\t\t\t\t*\/\n\t\t\t\t\/\/if ( onetrustStorageConsent.C0002 === false ) {\n\t\t\t\t\/\/\tdocument.cookie=\"_fbp=;expires=Thu, 01 Jan 2010 00:00:00 UTC; path=\/; domain=.boston.com\";\n\t\t\t\t\/\/}\n\t\t\t\t\/* Checking if the user has given consent for the cookie C0002.\n\t\t\t\t* If the user has given consent, the variable consent will be set to 'grant'.\n\t\t\t\t* If the user has not given consent,the variable consent will be set to 'revoke'.\n\t\t\t\t* Documentation https:\/\/developers.facebook.com\/docs\/meta-pixel\/implementation\/gdpr\n\t\t\t\t*\/\n\t\t\t\tif ( onetrustStorageConsent.C0002 !== true ) {\n\t\t\t\t\tconsent=\"revoke\";\n\t\t\t\t}\n\t\t\t}\n\t\t\t\t!function(f,b,e,v,n,t,s)\n\t\t{if(f.fbq)return;n=f.fbq=function(){n.callMethod?\n\t\tn.callMethod.apply(n,arguments):n.queue.push(arguments)};\n\t\tif(!f._fbq)f._fbq=n;n.push=n;n.loaded=!0;n.version='2.0';\n\t\tn.queue=[];t=b.createElement(e);t.async=!0;\n\t\tt.src=v;s=b.getElementsByTagName(e)[0];\n\t\ts.parentNode.insertBefore(t,s)}(window, document,'script',\n\t\t'https:\/\/connect.facebook.net\/en_US\/fbevents.js');\n\t\tfbq('consent', consent);\n\t\tfbq('init', '989222871864976');\n\t\tfbq('track', 'PageView');\n\t<\/script><script type=\"module\">\n\t\tvar consent=\"grant\";\n\t\t\/* The above code is parsing the JSON data from the local storage and storing it in a variable. *\/\n\t\t\tconst onetrustStorageConsent = JSON.parse(localStorage.getItem( 'consent_one_trust_bdc' ) );\n\t\t\t\/* Checking to see if the user has consented to the use of cookies.\n\t\t\t* If they have not, it is deleting the cookie.\n\t\t\t* This will comment for now, until further notice.\n\t\t\t*\/\n\t\t\t\/\/if ( onetrustStorageConsent.C0002 === false ) {\n\t\t\t\/\/\tdocument.cookie=\"_fbp=;expires=Thu, 01 Jan 2010 00:00:00 UTC; path=\/; domain=.boston.com\";\n\t\t\t\/\/}\n\t\t\t\/* Checking if the user has given consent for the cookie C0002.\n\t\t\t* If the user has given consent, the variable consent will be set to 'grant'.\n\t\t\t* If the user has not given consent,the variable consent will be set to 'revoke'.\n\t\t\t* Documentation https:\/\/developers.facebook.com\/docs\/meta-pixel\/implementation\/gdpr\n\t\t\t*\/\n\t\t\tif ( ( onetrustStorageConsent !== null ) && (onetrustStorageConsent.C0002 !== true ) ) {\n\t\t\t\tconsent=\"revoke\";\n\t\t\t}\n\t\t\t\t!function(f,b,e,v,n,t,s){if(f.fbq)return;n=f.fbq=function()\n\t\t{n.callMethod? n.callMethod.apply(n,arguments):n.queue.push(arguments)}\n\t\t;if(!f._fbq)f._fbq=n;\n\t\tn.push=n;n.loaded=!0;n.version='2.0';n.queue=[];t=b.createElement(e);t.async=!0;\n\t\tt.src=v;s=b.getElementsByTagName(e)[0];s.parentNode.insertBefore(t,s)}(window,\n\t\tdocument,'script','https:\/\/connect.facebook.net\/en_US\/fbevents.js');\n\t\tfbq('consent', consent);\n\t\tfbq('init', '813236348753005');\n\t\tfbq('track', \"PageView\");\n\t<\/script><br \/>\n<br \/><br \/>\n<br \/><a href=\"https:\/\/www.boston.com\/news\/politics\/2024\/08\/06\/tim-walz-things-to-know-kamala-harris-choice-vice-president\/\">Source link <\/a><\/p>","protected":false},"excerpt":{"rendered":"<p>Pol\u00edtica Embora Walz n\u00e3o seja de um dos estados cruciais do &#8220;muro azul&#8221; de Wisconsin, Michigan e Pensilv\u00e2nia, onde ambos os lados acreditam que precisam vencer, ele est\u00e1 bem ao&hellip;<\/p>","protected":false},"author":1,"featured_media":18151,"comment_status":"closed","ping_status":"open","sticky":false,"template":"","format":"standard","meta":{"content-type":"","footnotes":""},"categories":[1],"tags":[],"class_list":["post-18150","post","type-post","status-publish","format-standard","has-post-thumbnail","hentry","category-uncategorized"],"_links":{"self":[{"href":"https:\/\/tvbrazilusa.com\/pt\/wp-json\/wp\/v2\/posts\/18150","targetHints":{"allow":["GET"]}}],"collection":[{"href":"https:\/\/tvbrazilusa.com\/pt\/wp-json\/wp\/v2\/posts"}],"about":[{"href":"https:\/\/tvbrazilusa.com\/pt\/wp-json\/wp\/v2\/types\/post"}],"author":[{"embeddable":true,"href":"https:\/\/tvbrazilusa.com\/pt\/wp-json\/wp\/v2\/users\/1"}],"replies":[{"embeddable":true,"href":"https:\/\/tvbrazilusa.com\/pt\/wp-json\/wp\/v2\/comments?post=18150"}],"version-history":[{"count":1,"href":"https:\/\/tvbrazilusa.com\/pt\/wp-json\/wp\/v2\/posts\/18150\/revisions"}],"predecessor-version":[{"id":18152,"href":"https:\/\/tvbrazilusa.com\/pt\/wp-json\/wp\/v2\/posts\/18150\/revisions\/18152"}],"wp:featuredmedia":[{"embeddable":true,"href":"https:\/\/tvbrazilusa.com\/pt\/wp-json\/wp\/v2\/media\/18151"}],"wp:attachment":[{"href":"https:\/\/tvbrazilusa.com\/pt\/wp-json\/wp\/v2\/media?parent=18150"}],"wp:term":[{"taxonomy":"category","embeddable":true,"href":"https:\/\/tvbrazilusa.com\/pt\/wp-json\/wp\/v2\/categories?post=18150"},{"taxonomy":"post_tag","embeddable":true,"href":"https:\/\/tvbrazilusa.com\/pt\/wp-json\/wp\/v2\/tags?post=18150"}],"curies":[{"name":"wp","href":"https:\/\/api.w.org\/{rel}","templated":true}]}}