{"id":18173,"date":"2024-08-06T15:30:51","date_gmt":"2024-08-06T15:30:51","guid":{"rendered":"https:\/\/tvbrazilusa.com\/2024\/08\/06\/bysiewicz-diz-que-connecticut-ajudara-a-eleger-harris\/"},"modified":"2024-08-06T15:38:35","modified_gmt":"2024-08-06T15:38:35","slug":"bysiewicz-diz-que-connecticut-ajudara-a-eleger-harris","status":"publish","type":"post","link":"https:\/\/tvbrazilusa.com\/pt\/2024\/08\/06\/bysiewicz-diz-que-connecticut-ajudara-a-eleger-harris\/","title":{"rendered":"Bysiewicz diz que Connecticut ajudar\u00e1 a eleger Harris"},"content":{"rendered":"<script async src=\"https:\/\/pagead2.googlesyndication.com\/pagead\/js\/adsbygoogle.js?client=ca-pub-8864793242727901\"\r\n     crossorigin=\"anonymous\"><\/script>\n<p>NEW HAVEN, Connecticut (WTNH) &#8212; A vice-governadora Susan Bysiewicz (D-Conn.) est\u00e1 indo para Chicago para apoiar a vice-presidente Kamala Harris na Conven\u00e7\u00e3o Nacional Democrata. <\/p>\n<p>Bysiewicz conversou com Dennis House sobre isso e disse a ele que Harris poderia fazer campanha em Connecticut.<\/p>\n<p>Assista ao v\u00eddeo acima.<\/p>\n<p><br \/>\n<br \/><a href=\"https:\/\/www.wtnh.com\/on-air\/thisweekinconnecticut\/bysiewicz-says-connecticut-will-help-elect-harris\/\">Source link <\/a><\/p>","protected":false},"excerpt":{"rendered":"<p>NEW HAVEN, Connecticut (WTNH) &#8212; A vice-governadora Susan Bysiewicz (D-Conn.) est\u00e1 indo para Chicago para apoiar a vice-presidente Kamala Harris na Conven\u00e7\u00e3o Nacional Democrata. Bysiewicz conversou com Dennis House sobre&hellip;<\/p>","protected":false},"author":1,"featured_media":18174,"comment_status":"closed","ping_status":"open","sticky":false,"template":"","format":"standard","meta":{"content-type":"","footnotes":""},"categories":[1],"tags":[],"class_list":["post-18173","post","type-post","status-publish","format-standard","has-post-thumbnail","hentry","category-uncategorized"],"_links":{"self":[{"href":"https:\/\/tvbrazilusa.com\/pt\/wp-json\/wp\/v2\/posts\/18173","targetHints":{"allow":["GET"]}}],"collection":[{"href":"https:\/\/tvbrazilusa.com\/pt\/wp-json\/wp\/v2\/posts"}],"about":[{"href":"https:\/\/tvbrazilusa.com\/pt\/wp-json\/wp\/v2\/types\/post"}],"author":[{"embeddable":true,"href":"https:\/\/tvbrazilusa.com\/pt\/wp-json\/wp\/v2\/users\/1"}],"replies":[{"embeddable":true,"href":"https:\/\/tvbrazilusa.com\/pt\/wp-json\/wp\/v2\/comments?post=18173"}],"version-history":[{"count":1,"href":"https:\/\/tvbrazilusa.com\/pt\/wp-json\/wp\/v2\/posts\/18173\/revisions"}],"predecessor-version":[{"id":18175,"href":"https:\/\/tvbrazilusa.com\/pt\/wp-json\/wp\/v2\/posts\/18173\/revisions\/18175"}],"wp:featuredmedia":[{"embeddable":true,"href":"https:\/\/tvbrazilusa.com\/pt\/wp-json\/wp\/v2\/media\/18174"}],"wp:attachment":[{"href":"https:\/\/tvbrazilusa.com\/pt\/wp-json\/wp\/v2\/media?parent=18173"}],"wp:term":[{"taxonomy":"category","embeddable":true,"href":"https:\/\/tvbrazilusa.com\/pt\/wp-json\/wp\/v2\/categories?post=18173"},{"taxonomy":"post_tag","embeddable":true,"href":"https:\/\/tvbrazilusa.com\/pt\/wp-json\/wp\/v2\/tags?post=18173"}],"curies":[{"name":"wp","href":"https:\/\/api.w.org\/{rel}","templated":true}]}}