{"id":18197,"date":"2024-08-06T16:03:59","date_gmt":"2024-08-06T16:03:59","guid":{"rendered":"https:\/\/tvbrazilusa.com\/2024\/08\/06\/monumento-de-brasilia-chama-eterna-da-democracia-esta-apagada-por-falta-de-gas\/"},"modified":"2024-08-06T16:11:39","modified_gmt":"2024-08-06T16:11:39","slug":"monumento-de-brasilia-chama-eterna-da-democracia-esta-apagada-por-falta-de-gas","status":"publish","type":"post","link":"https:\/\/tvbrazilusa.com\/pt\/2024\/08\/06\/monumento-de-brasilia-chama-eterna-da-democracia-esta-apagada-por-falta-de-gas\/","title":{"rendered":"Monumento de Bras\u00edlia: \u2018Chama Eterna\u2019 da Democracia est\u00e1 apagada por falta de g\u00e1s"},"content":{"rendered":"<p> <script async src=\"https:\/\/pagead2.googlesyndication.com\/pagead\/js\/adsbygoogle.js?client=ca-pub-8864793242727901\"\r\n     crossorigin=\"anonymous\"><\/script><br \/>\n<\/p>\n<div>\n<p>Desde o in\u00edcio de julho de 2024, a chama da pira do Pante\u00e3o da P\u00e1tria, s\u00edmbolo ic\u00f4nico da democracia em <a href=\"https:\/\/terrabrasilnoticias.com\/2024\/08\/venezuelanos-vao-as-ruas-em-brasilia-protestar-contra-resultado-de-eleicao-veja-video\/\" target=\"_blank\" rel=\"noreferrer noopener\">Bras\u00edlia<\/a>, est\u00e1 apagada. De acordo com o Governo do Distrito Federal (DF), o \u201capag\u00e3o\u201d \u00e9 tempor\u00e1rio e est\u00e1 relacionado a manuten\u00e7\u00f5es que est\u00e3o sendo realizadas no monumento.<\/p>\n<p>Segundo as autoridades, a chama \u00e9 apagada pelo menos uma vez ao ano para a realiza\u00e7\u00e3o de manuten\u00e7\u00f5es essenciais. Atualmente, o GDF se prepara para lan\u00e7ar uma licita\u00e7\u00e3o com o intuito de contratar um novo servi\u00e7o de fornecimento de g\u00e1s ao monumento, com previs\u00e3o de conclus\u00e3o em 20 dias.<\/p>\n<p>A Subsecretaria do Patrim\u00f4nio Cultural (SUPAC) informou que a pira permanecer\u00e1 apagada at\u00e9 que todas as manuten\u00e7\u00f5es necess\u00e1rias na edifica\u00e7\u00e3o e estrutura do Pante\u00e3o da P\u00e1tria sejam conclu\u00eddas. A prioridade, segundo a SUPAC, \u00e9 a seguran\u00e7a do monumento antes de reacender a chama.<\/p>\n<h2 class=\"wp-block-heading\">O que \u00e9 o Pante\u00e3o da P\u00e1tria?<\/h2>\n<p>Inaugurado em 7 de setembro de 1986, o Pante\u00e3o da P\u00e1tria e da Liberdade Tancredo Neves, projetado pelo renomado arquiteto Oscar Niemeyer, \u00e9 um s\u00edmbolo da liberdade conquistada pela na\u00e7\u00e3o na Independ\u00eancia do Brasil e com o fim da ditadura militar. Al\u00e9m disso, o monumento homenageia her\u00f3is e hero\u00ednas nacionais que, de alguma forma, contribu\u00edram para a constru\u00e7\u00e3o do pa\u00eds.<\/p>\n<figure class=\"wp-block-image size-full\"><picture decoding=\"async\" class=\"wp-image-168677\"><source type=\"image\/webp\" srcset=\"https:\/\/terrabrasilnoticias.com\/wp-content\/uploads\/2024\/08\/image-233.png.webp 888w, https:\/\/terrabrasilnoticias.com\/wp-content\/uploads\/2024\/08\/image-233-300x200.png.webp 300w, https:\/\/terrabrasilnoticias.com\/wp-content\/uploads\/2024\/08\/image-233-768x512.png.webp 768w, https:\/\/terrabrasilnoticias.com\/wp-content\/uploads\/2024\/08\/image-233-750x500.png.webp 750w\" sizes=\"(max-width: 888px) 100vw, 888px\"\/><\/picture><figcaption class=\"wp-element-caption\">O Pante\u00e3o da P\u00e1tria, em Bras\u00edlia \u2014 Foto: Ant\u00f4nio Cruz\/Ag\u00eancia Brasil<\/figcaption><\/figure>\n<h2 class=\"wp-block-heading\">Manuten\u00e7\u00f5es Rotineiras e Apag\u00f5es da Chama Eterna<\/h2>\n<p>A pira do Pante\u00e3o da P\u00e1tria j\u00e1 ficou apagada por longos per\u00edodos em eventos passados. Entre 2016 e 2018, a chama esteve extinta durante dois anos devido a um vazamento de g\u00e1s. Ap\u00f3s sete meses de reforma, o monumento recebeu um sistema de armazenamento de g\u00e1s modernizado, com capacidade para conservar uma tonelada de combust\u00edvel. O custo total dessa obra foi em torno de R$ 150 mil.<\/p>\n<h2 class=\"wp-block-heading\">Quantas Vezes a Chama foi Apagada?<\/h2>\n<ul class=\"wp-block-list\">\n<li>De 2016 a 2018: Dois anos devido a um vazamento de g\u00e1s<\/li>\n<li>Em 8 de janeiro de 2023: Apagada ap\u00f3s ataques na Pra\u00e7a dos Tr\u00eas Poderes<\/li>\n<\/ul>\n<p>No incidente de 8 de janeiro de 2023, ap\u00f3s ataques que resultaram em vandalismo na Pra\u00e7a dos Tr\u00eas Poderes, havia preocupa\u00e7\u00f5es de que a depreda\u00e7\u00e3o pudesse ter danificado o sistema de g\u00e1s do monumento. Contudo, vistorias t\u00e9cnicas conclu\u00edram que o Pante\u00e3o da P\u00e1tria n\u00e3o havia sido danificado, e a chama foi reacendida um m\u00eas depois.<\/p>\n<p>Espera-se que a pira do Pante\u00e3o da P\u00e1tria seja reacendida em breve, ap\u00f3s a conclus\u00e3o das manuten\u00e7\u00f5es e a contrata\u00e7\u00e3o do novo servi\u00e7o de fornecimento de g\u00e1s. O governo do Distrito Federal prev\u00ea que o processo totalize cerca de 20 dias at\u00e9 sua finaliza\u00e7\u00e3o. <\/p>\n<\/p><\/div>\n<p><br \/>\n<br \/><a href=\"https:\/\/terrabrasilnoticias.com\/2024\/08\/monumento-de-brasilia-chama-eterna-da-democracia-vai-ser-apagada-por-falta-de-gas\/\">Source link <\/a><\/p>","protected":false},"excerpt":{"rendered":"<p>Desde o in\u00edcio de julho de 2024, a chama da pira do Pante\u00e3o da P\u00e1tria, s\u00edmbolo ic\u00f4nico da democracia em Bras\u00edlia, est\u00e1 apagada. De acordo com o Governo do Distrito&hellip;<\/p>","protected":false},"author":1,"featured_media":18198,"comment_status":"closed","ping_status":"open","sticky":false,"template":"","format":"standard","meta":{"content-type":"","footnotes":""},"categories":[16],"tags":[],"class_list":["post-18197","post","type-post","status-publish","format-standard","has-post-thumbnail","hentry","category-noticias"],"_links":{"self":[{"href":"https:\/\/tvbrazilusa.com\/pt\/wp-json\/wp\/v2\/posts\/18197","targetHints":{"allow":["GET"]}}],"collection":[{"href":"https:\/\/tvbrazilusa.com\/pt\/wp-json\/wp\/v2\/posts"}],"about":[{"href":"https:\/\/tvbrazilusa.com\/pt\/wp-json\/wp\/v2\/types\/post"}],"author":[{"embeddable":true,"href":"https:\/\/tvbrazilusa.com\/pt\/wp-json\/wp\/v2\/users\/1"}],"replies":[{"embeddable":true,"href":"https:\/\/tvbrazilusa.com\/pt\/wp-json\/wp\/v2\/comments?post=18197"}],"version-history":[{"count":1,"href":"https:\/\/tvbrazilusa.com\/pt\/wp-json\/wp\/v2\/posts\/18197\/revisions"}],"predecessor-version":[{"id":18199,"href":"https:\/\/tvbrazilusa.com\/pt\/wp-json\/wp\/v2\/posts\/18197\/revisions\/18199"}],"wp:featuredmedia":[{"embeddable":true,"href":"https:\/\/tvbrazilusa.com\/pt\/wp-json\/wp\/v2\/media\/18198"}],"wp:attachment":[{"href":"https:\/\/tvbrazilusa.com\/pt\/wp-json\/wp\/v2\/media?parent=18197"}],"wp:term":[{"taxonomy":"category","embeddable":true,"href":"https:\/\/tvbrazilusa.com\/pt\/wp-json\/wp\/v2\/categories?post=18197"},{"taxonomy":"post_tag","embeddable":true,"href":"https:\/\/tvbrazilusa.com\/pt\/wp-json\/wp\/v2\/tags?post=18197"}],"curies":[{"name":"wp","href":"https:\/\/api.w.org\/{rel}","templated":true}]}}