{"id":18205,"date":"2024-08-06T16:05:12","date_gmt":"2024-08-06T16:05:12","guid":{"rendered":"https:\/\/tvbrazilusa.com\/2024\/08\/06\/healey-e-outros-lideres-de-massachusetts-opinam-sobre-a-escolha-de-walz\/"},"modified":"2024-08-06T16:17:21","modified_gmt":"2024-08-06T16:17:21","slug":"healey-e-outros-lideres-de-massachusetts-opinam-sobre-a-escolha-de-walz","status":"publish","type":"post","link":"https:\/\/tvbrazilusa.com\/pt\/2024\/08\/06\/healey-e-outros-lideres-de-massachusetts-opinam-sobre-a-escolha-de-walz\/","title":{"rendered":"Healey e outros l\u00edderes de Massachusetts opinam sobre a escolha de Walz"},"content":{"rendered":"<p> <script async src=\"https:\/\/pagead2.googlesyndication.com\/pagead\/js\/adsbygoogle.js?client=ca-pub-8864793242727901\"\r\n     crossorigin=\"anonymous\"><\/script><br \/>\n<\/p>\n<div id=\"\">\n<header class=\"m-article-header m-article-header--standard\">\n\t\t\t\t\t\t\t\t\t\t\t\t<span id=\"article-header-primary-term\"><br \/>\n\t\t\t\t\t\t\t\t<a class=\"a-term a-term--primary\" href=\"https:\/\/www.boston.com\/tag\/local-news\/\"><\/p>\n<p>\t\t\t\t\t\t\t\tNot\u00edcias locais\t\t\t\t\t\t\t\t<\/a><br \/>\n\t\t\t\t\t\t\t<\/span><\/p>\n<h2 class=\"m-article-header__sub-headline\">A governadora de Massachusetts, Maura Healey, disse que estava &#8220;emocionada&#8221; com a decis\u00e3o da vice-presidente Kamala Harris.<\/h2>\n<figure class=\"a-photo m-article-header__photo\"><figcaption class=\"a-photo__caption\">\n<p>\tGovernador de Minnesota, Tim Walz. <em> Abbie Parr\/AP<\/em>\t<\/figcaption><\/figure>\n<\/header>\n<div class=\"m-block t-amp__list-container m-article-list-container  m-article-list-container--frame-border a-border-frame  a-list-header__headline--red m-article-list--alternative--default  m-article-list--floated\">\n<ul class=\"t-amp__list a-list--no-style m-article-list m-article-list--recirculation m-article-list--has-images\">\n<li class=\"m-article-list__item m-article-list__item--featured\">\n\t\t\t\t<a class=\"m-article-list__link-wrapper\" href=\"https:\/\/www.boston.com\/news\/politics\/2024\/08\/06\/kamala-harris-minnesota-gov-tim-walz-running-mate-ap-sources\/\" data-p1=\"article_recirc_inline_feature\"><br \/>\n\t\t\t\t<img fetchpriority=\"high\" decoding=\"async\" width=\"768\" height=\"432\" src=\"https:\/\/bdc2020.o0bc.com\/wp-content\/uploads\/2024\/08\/AP24215646094367-66b21f9392378-768x432.jpg\" class=\"t-amp__list-image m-article-list__image m-article-list__image--full\" alt=\"Governador de Minnesota, Tim Walz.\" aria-hidden=\"true\" srcset=\"https:\/\/bdc2020.o0bc.com\/wp-content\/uploads\/2024\/08\/AP24215646094367-66b21f9392378-768x432.jpg?width=200 200w, https:\/\/bdc2020.o0bc.com\/wp-content\/uploads\/2024\/08\/AP24215646094367-66b21f9392378-768x432.jpg?width=300 300w, https:\/\/bdc2020.o0bc.com\/wp-content\/uploads\/2024\/08\/AP24215646094367-66b21f9392378-768x432.jpg?width=400 400w, https:\/\/bdc2020.o0bc.com\/wp-content\/uploads\/2024\/08\/AP24215646094367-66b21f9392378-768x432.jpg?width=500 500w, https:\/\/bdc2020.o0bc.com\/wp-content\/uploads\/2024\/08\/AP24215646094367-66b21f9392378-768x432.jpg?width=600 600w, https:\/\/bdc2020.o0bc.com\/wp-content\/uploads\/2024\/08\/AP24215646094367-66b21f9392378-768x432.jpg?width=700 700w, https:\/\/bdc2020.o0bc.com\/wp-content\/uploads\/2024\/08\/AP24215646094367-66b21f9392378-768x432.jpg?width=800 800w, https:\/\/bdc2020.o0bc.com\/wp-content\/uploads\/2024\/08\/AP24215646094367-66b21f9392378-768x432.jpg?width=900 900w\" sizes=\"(max-width: 768px) 100vw, 768px\"\/>\t\t\t\t\t<\/p>\n<p><h4 class=\"m-article-list__headline t-amp__list-headline\">\n\t\t\t\t\t\t\t<span class=\"m-article-list__link a-link a-link--inline a-link--text-link a-link--text-link-dark\"><\/p>\n<p>\t\t\t\t\t\t\tHarris seleciona o governador de Minnesota, Tim Walz, como companheiro de chapa, com o objetivo de adicionar for\u00e7a do Centro-Oeste \u00e0 chapa\t\t\t\t\t\t\t<\/span><br \/>\n\t\t\t\t\t\t<\/h4>\n<\/p>\n<p>\t\t\t\t<\/a>\n\t\t\t<\/li>\n<li class=\"m-article-list__item\">\n\t\t\t\t\t\t<a class=\"m-article-list__link-wrapper\" href=\"https:\/\/www.boston.com\/news\/politics\/2024\/08\/06\/tim-walz-things-to-know-kamala-harris-choice-vice-president\/\" data-p1=\"article_recirc_inline_feed\"><\/p>\n<p><h4 class=\"m-article-list__headline\">\n\t\t\t\t\t\t\t\t\t<span class=\"m-article-list__link a-link a-link--inline a-link--text-link a-link--text-link-dark\"><\/p>\n<p>\t\t\t\t\t\t\t\t\tQuem \u00e9 Tim Walz? 5 coisas que voc\u00ea precisa saber sobre a escolha de Kamala Harris para vice-presidente.\t\t\t\t\t\t\t\t\t<\/span><br \/>\n\t\t\t\t\t\t\t\t<\/h4>\n<\/p>\n<p>\t\t\t\t\t\t<\/a>\n\t\t\t\t\t<\/li>\n<\/ul>\n<\/div>\n<p>Ap\u00f3s semanas de muita especula\u00e7\u00e3o, a vice-presidente Kamala Harris anunciou sua escolha para companheira de chapa na ter\u00e7a-feira de manh\u00e3: <a href=\"https:\/\/www.boston.com\/news\/politics\/2024\/08\/06\/kamala-harris-minnesota-gov-tim-walz-running-mate-ap-sources\/?p1=hp_primary\">Governador de Minnesota, Tim Walz<\/a>. <\/p>\n<p>A escolha solidificou a chapa democrata com menos de 100 dias para o dia da elei\u00e7\u00e3o. Harris e Walz est\u00e3o prontos para embarcar em uma blitz de campanha multi-estado esta semana, buscando manter o \u00edmpeto inicial antes da conven\u00e7\u00e3o do DNC em Chicago no final deste m\u00eas.<\/p>\n<p>Walz, um ex-professor franco, serviu na Guarda Nacional do Ex\u00e9rcito e foi membro da C\u00e2mara dos Representantes antes de ser eleito para liderar Minnesota. Rea\u00e7\u00f5es est\u00e3o surgindo de l\u00edderes de ambos os lados do espectro pol\u00edtico. <\/p>\n<h4 class=\"wp-block-heading\" id=\"h-gov-maura-healey\">Governadora Maura Healey<\/h4>\n<p>\u201cEstou emocionado com esta sele\u00e7\u00e3o. Kamala Harris e Tim Walz s\u00e3o o time ideal para derrotar Donald Trump e JD Vance e levar este pa\u00eds adiante.<\/p>\n<p>\u201cSe voc\u00ea quiser ver a diferen\u00e7a entre Kamala Harris e Donald Trump, basta olhar para a qualidade e o car\u00e1ter da pessoa que eles escolheram como seu companheiro de chapa. Sou um colega orgulhoso do governador Walz. Tim teve uma carreira de duas d\u00e9cadas como professor e na reserva do Ex\u00e9rcito antes de se tornar um oficial eleito. Ele \u00e9 uma pessoa de profunda integridade e empatia. Como governador, Tim tem sido um defensor das fam\u00edlias trabalhadoras de seu estado e traz uma abordagem de senso comum para fazer as coisas para as pessoas que ele serve. Ele ser\u00e1 um parceiro excepcional para Kamala Harris durante esta campanha e como seu vice-presidente.<\/p>\n<p>\u201cKamala Harris e Tim Walz construir\u00e3o um pa\u00eds onde as pessoas t\u00eam a capacidade n\u00e3o apenas de sobreviver, mas de progredir. Eles far\u00e3o nossa economia crescer, reduzir\u00e3o os custos de moradia e medicamentos prescritos e criar\u00e3o empregos em todas as partes deste pa\u00eds. Eles s\u00e3o a equipe em que podemos confiar para proteger a Previd\u00eancia Social, o Medicare e o Affordable Care Act. E eles garantir\u00e3o que todas as mulheres tenham acesso aos cuidados de sa\u00fade de que precisam.<\/p>\n<p>\u201cO povo deste pa\u00eds n\u00e3o quer voltar \u00e0 raiva e \u00e0 divis\u00e3o de Donald Trump. Eles querem seguir em frente juntos com um senso de otimismo e esperan\u00e7a \u2014 e esses s\u00e3o os valores que Kamala Harris e Tim Walz representam. Estou muito animado para apoiar esta chapa incr\u00edvel nesta campanha e ent\u00e3o ajud\u00e1-los a mover este pa\u00eds para a frente como o pr\u00f3ximo presidente e vice-presidente dos Estados Unidos.\u201d<\/p>\n<h4 class=\"wp-block-heading\" id=\"h-sen-elizabeth-warren\">Senadora Elizabeth Warren<\/h4>\n<figure class=\"wp-block-embed is-type-rich is-provider-twitter wp-block-embed-twitter\">\n<div class=\"wp-block-embed__wrapper\">\n<blockquote class=\"twitter-tweet\" data-width=\"500\" data-dnt=\"true\">\n<p lang=\"en\" dir=\"ltr\">A vice-presidente Harris fez uma escolha excelente com o governador <a href=\"https:\/\/twitter.com\/Tim_Walz?ref_src=twsrc%5Etfw\">@Tim_Walz<\/a>. <\/p>\n<p>Como ex-professor, veterano e um dos governadores mais eficazes dos Estados Unidos, Walz tem um forte hist\u00f3rico de colocar o governo ao lado das fam\u00edlias trabalhadoras.<\/p>\n<p>Estou totalmente a favor da Harris-Walz!<\/p>\n<p>\u2014 Elizabeth Warren (@ewarren) <a href=\"https:\/\/twitter.com\/ewarren\/status\/1820829570255474742?ref_src=twsrc%5Etfw\">6 de agosto de 2024<\/a><\/p><\/blockquote>\n<\/div>\n<\/figure>\n<h4 class=\"wp-block-heading\" id=\"h-sen-ed-markey\">Senador Ed Markey<\/h4>\n<figure class=\"wp-block-embed is-type-rich is-provider-twitter wp-block-embed-twitter\">\n<div class=\"wp-block-embed__wrapper\">\n<blockquote class=\"twitter-tweet\" data-width=\"500\" data-dnt=\"true\">\n<p lang=\"en\" dir=\"ltr\">.<a href=\"https:\/\/twitter.com\/Tim_Walz?ref_src=twsrc%5Etfw\">@Tim_Walz<\/a> e eu servimos juntos, e sei que ele \u00e9 um campe\u00e3o da classe trabalhadora com experi\u00eancia para ajudar Kamala Harris a liderar nossa na\u00e7\u00e3o e cumprir as promessas de um futuro habit\u00e1vel para nosso povo e nosso planeta. Agora temos a chapa que nos levar\u00e1 \u00e0 vit\u00f3ria no dia da elei\u00e7\u00e3o.<\/p>\n<p>\u2014 Ed Markey (@EdMarkey) <a href=\"https:\/\/twitter.com\/EdMarkey\/status\/1820812479804379583?ref_src=twsrc%5Etfw\">6 de agosto de 2024<\/a><\/p><\/blockquote>\n<\/div>\n<\/figure>\n<h4 class=\"wp-block-heading\" id=\"h-boston-mayor-michelle-wu\">Prefeita de Boston, Michelle Wu<\/h4>\n<p>\u201cEstou super animado\u201d, disse Wu em <a href=\"https:\/\/www.youtube.com\/watch?v=GpjNU5wfEzs\">Not\u00edcias GBH <\/a>Ter\u00e7a-feira de manh\u00e3. \u201cEle traz a experi\u00eancia de ter servido no lado executivo como governador, realmente vendo como as coisas s\u00e3o no ch\u00e3o, tendo estado no Congresso por um tempo significativo, sendo um professor de sala de aula \u2014 eu acho que \u00e9 a combina\u00e7\u00e3o perfeita.<\/p>\n<h4 class=\"wp-block-heading\" id=\"h-rep-ayanna-pressley\">Deputada Ayanna Pressley<\/h4>\n<figure class=\"wp-block-embed is-type-rich is-provider-twitter wp-block-embed-twitter\">\n<div class=\"wp-block-embed__wrapper\">\n<blockquote class=\"twitter-tweet\" data-width=\"500\" data-dnt=\"true\">\n<p lang=\"en\" dir=\"ltr\">Como ex-professor de escola p\u00fablica, o governador <a href=\"https:\/\/twitter.com\/Tim_Walz?ref_src=twsrc%5Etfw\">@Tim_Walz<\/a> nunca se esqueceu do povo. <\/p>\n<p>Ele luta por cada trabalhador e fam\u00edlia que considera este pa\u00eds seu lar. <\/p>\n<p>Sinceramente, mal posso esperar para cham\u00e1-lo de Sr. Vice-Presidente. Essa chapa Harris\/Walz \u00e9 a certa. Vamos l\u00e1! <a href=\"https:\/\/t.co\/4J3whpc4PZ\">https:\/\/t.co\/4J3whpc4PZ<\/a><\/p>\n<p>\u2014 Ayanna Pressley (@AyannaPressley) <a href=\"https:\/\/twitter.com\/AyannaPressley\/status\/1820834849059725403?ref_src=twsrc%5Etfw\">6 de agosto de 2024<\/a><\/p><\/blockquote>\n<\/div>\n<\/figure>\n<h4 class=\"wp-block-heading\" id=\"h-rep-lori-trahan\">Deputada Lori Trahan<\/h4>\n<p>\u201cTim Walz \u00e9 uma excelente escolha para vice-presidente. Como veterano, ele ajudou a liderar o trabalho do Veterans Affairs Committee para melhorar o acesso a cuidados de sa\u00fade e benef\u00edcios para colegas veteranos. Como educador e governador, ele aprovou refei\u00e7\u00f5es escolares gratuitas para garantir que as crian\u00e7as n\u00e3o passem fome, leis de seguran\u00e7a de armas para proteger as crian\u00e7as na escola e em suas comunidades, e licen\u00e7a remunerada para trabalhadores. Temos uma chapa forte e comprovada em Kamala Harris e Tim Walz, que est\u00e3o prontos para levar nossa mensagem por um futuro melhor diretamente ao povo americano.\u201d<\/p>\n<h4 class=\"wp-block-heading\" id=\"h-rep-jim-mcgovern\">Deputado Jim McGovern<\/h4>\n<figure class=\"wp-block-embed is-type-rich is-provider-twitter wp-block-embed-twitter\">\n<div class=\"wp-block-embed__wrapper\">\n<blockquote class=\"twitter-tweet\" data-width=\"500\" data-dnt=\"true\">\n<p lang=\"en\" dir=\"ltr\">Tim Walz \u00e9 uma \u00f3tima escolha! Lisa, Patrick, Molly e eu estamos emocionados!<\/p>\n<p>Tim, sua esposa, Gwen, e seus filhos, Hope e Gus, s\u00e3o amigos queridos. Eles s\u00e3o boas pessoas que fizeram grandes coisas por Minnesota e pela na\u00e7\u00e3o. O futuro \u00e9 brilhante!!!!<\/p>\n<p>\u2014 Deputado Jim McGovern (@RepMcGovern) <a href=\"https:\/\/twitter.com\/RepMcGovern\/status\/1820827705954222558?ref_src=twsrc%5Etfw\">6 de agosto de 2024<\/a><\/p><\/blockquote>\n<\/div>\n<\/figure>\n<h4 class=\"wp-block-heading\" id=\"h-former-gop-state-rep-geoff-diehl\">Ex-deputado estadual do Partido Republicano Geoff Diehl<\/h4>\n<figure class=\"wp-block-embed is-type-rich is-provider-twitter wp-block-embed-twitter\"\/>\n<p><em>Esta \u00e9 uma hist\u00f3ria em desenvolvimento e ser\u00e1 atualizada.<\/em><\/p>\n<hr class=\"wp-block-separator has-alpha-channel-opacity is-style-red-pattern\" id=\"h-tell-us\"\/>\n<div class=\"gf_browser_gecko gform_wrapper m-gforms-poll-block gravity-theme gpoll_enabled_wrapper gpoll_show_results_link_wrapper gpoll_wrapper\" data-overline=\"Readers weigh in\" data-overline-confirmation=\"Poll results\" id=\"gform_wrapper m-gforms-poll-block_3883\">\n<p><h2 class=\"gform_title\">O governador de Minnesota, Tim Walz, \u00e9 a escolha certa para vice-presidente de Kamala Harris?<\/h2>\n<p>                            <span class=\"gform_description\"\/>\n                        <\/p>\n<\/p><\/div>\n<div class=\"m-block m-generic-cta\t m-generic-cta--post-content\t m-generic-cta--dark\t m-generic-cta--homepage\t m-generic-cta--email-signup\t\t m-generic-cta-block-style--default \tt-amp__generic-cta\"><\/p>\n<div class=\"m-generic-cta__wrap\">\n<div class=\"m-generic-cta__content\">\n<h3 class=\"m-generic-cta__title\">Inscri\u00e7\u00e3o no boletim informativo<\/h3>\n<p class=\"m-generic-cta__subtitle\">Fique por dentro das \u00faltimas not\u00edcias do Boston.com<\/p>\n<\/p><\/div>\n<\/p><\/div>\n<\/div><\/div>\n<p><script async src=\"\/\/platform.twitter.com\/widgets.js\" charset=\"utf-8\"><\/script><script>\n\t\tvar consent=\"grant\";\n\t\t\/* The above code is parsing the JSON data from the local storage and storing it in a variable. *\/\n\t\t\t\t\tconst onetrustStorageConsent = JSON.parse(localStorage.getItem( 'consent_one_trust_bdc' ) );\n\t\t\tif ( ( onetrustStorageConsent !== null ) ) {\n\t\t\t\t\/* Checking to see if the user has consented to the use of cookies.\n\t\t\t\t* If they have not, it is deleting the cookie.\n\t\t\t\t* This will comment for now, until further notice.\n\t\t\t\t*\/\n\t\t\t\t\/\/if ( onetrustStorageConsent.C0002 === false ) {\n\t\t\t\t\/\/\tdocument.cookie=\"_fbp=;expires=Thu, 01 Jan 2010 00:00:00 UTC; path=\/; domain=.boston.com\";\n\t\t\t\t\/\/}\n\t\t\t\t\/* Checking if the user has given consent for the cookie C0002.\n\t\t\t\t* If the user has given consent, the variable consent will be set to 'grant'.\n\t\t\t\t* If the user has not given consent,the variable consent will be set to 'revoke'.\n\t\t\t\t* Documentation https:\/\/developers.facebook.com\/docs\/meta-pixel\/implementation\/gdpr\n\t\t\t\t*\/\n\t\t\t\tif ( onetrustStorageConsent.C0002 !== true ) {\n\t\t\t\t\tconsent=\"revoke\";\n\t\t\t\t}\n\t\t\t}\n\t\t\t\t!function(f,b,e,v,n,t,s)\n\t\t{if(f.fbq)return;n=f.fbq=function(){n.callMethod?\n\t\tn.callMethod.apply(n,arguments):n.queue.push(arguments)};\n\t\tif(!f._fbq)f._fbq=n;n.push=n;n.loaded=!0;n.version='2.0';\n\t\tn.queue=[];t=b.createElement(e);t.async=!0;\n\t\tt.src=v;s=b.getElementsByTagName(e)[0];\n\t\ts.parentNode.insertBefore(t,s)}(window, document,'script',\n\t\t'https:\/\/connect.facebook.net\/en_US\/fbevents.js');\n\t\tfbq('consent', consent);\n\t\tfbq('init', '989222871864976');\n\t\tfbq('track', 'PageView');\n\t<\/script><script type=\"module\">\n\t\tvar consent=\"grant\";\n\t\t\/* The above code is parsing the JSON data from the local storage and storing it in a variable. *\/\n\t\t\tconst onetrustStorageConsent = JSON.parse(localStorage.getItem( 'consent_one_trust_bdc' ) );\n\t\t\t\/* Checking to see if the user has consented to the use of cookies.\n\t\t\t* If they have not, it is deleting the cookie.\n\t\t\t* This will comment for now, until further notice.\n\t\t\t*\/\n\t\t\t\/\/if ( onetrustStorageConsent.C0002 === false ) {\n\t\t\t\/\/\tdocument.cookie=\"_fbp=;expires=Thu, 01 Jan 2010 00:00:00 UTC; path=\/; domain=.boston.com\";\n\t\t\t\/\/}\n\t\t\t\/* Checking if the user has given consent for the cookie C0002.\n\t\t\t* If the user has given consent, the variable consent will be set to 'grant'.\n\t\t\t* If the user has not given consent,the variable consent will be set to 'revoke'.\n\t\t\t* Documentation https:\/\/developers.facebook.com\/docs\/meta-pixel\/implementation\/gdpr\n\t\t\t*\/\n\t\t\tif ( ( onetrustStorageConsent !== null ) && (onetrustStorageConsent.C0002 !== true ) ) {\n\t\t\t\tconsent=\"revoke\";\n\t\t\t}\n\t\t\t\t!function(f,b,e,v,n,t,s){if(f.fbq)return;n=f.fbq=function()\n\t\t{n.callMethod? n.callMethod.apply(n,arguments):n.queue.push(arguments)}\n\t\t;if(!f._fbq)f._fbq=n;\n\t\tn.push=n;n.loaded=!0;n.version='2.0';n.queue=[];t=b.createElement(e);t.async=!0;\n\t\tt.src=v;s=b.getElementsByTagName(e)[0];s.parentNode.insertBefore(t,s)}(window,\n\t\tdocument,'script','https:\/\/connect.facebook.net\/en_US\/fbevents.js');\n\t\tfbq('consent', consent);\n\t\tfbq('init', '813236348753005');\n\t\tfbq('track', \"PageView\");\n\t<\/script><br \/>\n<br \/><br \/>\n<br \/><a href=\"https:\/\/www.boston.com\/news\/local-news\/2024\/08\/06\/healey-other-mass-leaders-weigh-in-on-walz-pick\/\">Source link <\/a><\/p>","protected":false},"excerpt":{"rendered":"<p>Not\u00edcias locais A governadora de Massachusetts, Maura Healey, disse que estava &#8220;emocionada&#8221; com a decis\u00e3o da vice-presidente Kamala Harris. Governador de Minnesota, Tim Walz. Abbie Parr\/AP Harris seleciona o governador&hellip;<\/p>","protected":false},"author":1,"featured_media":18206,"comment_status":"closed","ping_status":"open","sticky":false,"template":"","format":"standard","meta":{"content-type":"","footnotes":""},"categories":[1],"tags":[],"class_list":["post-18205","post","type-post","status-publish","format-standard","has-post-thumbnail","hentry","category-uncategorized"],"_links":{"self":[{"href":"https:\/\/tvbrazilusa.com\/pt\/wp-json\/wp\/v2\/posts\/18205","targetHints":{"allow":["GET"]}}],"collection":[{"href":"https:\/\/tvbrazilusa.com\/pt\/wp-json\/wp\/v2\/posts"}],"about":[{"href":"https:\/\/tvbrazilusa.com\/pt\/wp-json\/wp\/v2\/types\/post"}],"author":[{"embeddable":true,"href":"https:\/\/tvbrazilusa.com\/pt\/wp-json\/wp\/v2\/users\/1"}],"replies":[{"embeddable":true,"href":"https:\/\/tvbrazilusa.com\/pt\/wp-json\/wp\/v2\/comments?post=18205"}],"version-history":[{"count":1,"href":"https:\/\/tvbrazilusa.com\/pt\/wp-json\/wp\/v2\/posts\/18205\/revisions"}],"predecessor-version":[{"id":18207,"href":"https:\/\/tvbrazilusa.com\/pt\/wp-json\/wp\/v2\/posts\/18205\/revisions\/18207"}],"wp:featuredmedia":[{"embeddable":true,"href":"https:\/\/tvbrazilusa.com\/pt\/wp-json\/wp\/v2\/media\/18206"}],"wp:attachment":[{"href":"https:\/\/tvbrazilusa.com\/pt\/wp-json\/wp\/v2\/media?parent=18205"}],"wp:term":[{"taxonomy":"category","embeddable":true,"href":"https:\/\/tvbrazilusa.com\/pt\/wp-json\/wp\/v2\/categories?post=18205"},{"taxonomy":"post_tag","embeddable":true,"href":"https:\/\/tvbrazilusa.com\/pt\/wp-json\/wp\/v2\/tags?post=18205"}],"curies":[{"name":"wp","href":"https:\/\/api.w.org\/{rel}","templated":true}]}}