{"id":18298,"date":"2024-08-06T18:00:42","date_gmt":"2024-08-06T18:00:42","guid":{"rendered":"https:\/\/tvbrazilusa.com\/2024\/08\/06\/boston-fica-atras-apenas-de-nyc-em-falta-de-moradia-diz-novo-relatorio\/"},"modified":"2024-08-06T18:08:52","modified_gmt":"2024-08-06T18:08:52","slug":"boston-fica-atras-apenas-de-nyc-em-falta-de-moradia-diz-novo-relatorio","status":"publish","type":"post","link":"https:\/\/tvbrazilusa.com\/pt\/2024\/08\/06\/boston-fica-atras-apenas-de-nyc-em-falta-de-moradia-diz-novo-relatorio\/","title":{"rendered":"Boston fica atr\u00e1s apenas de NYC em falta de moradia, diz novo relat\u00f3rio"},"content":{"rendered":"<p> <script async src=\"https:\/\/pagead2.googlesyndication.com\/pagead\/js\/adsbygoogle.js?client=ca-pub-8864793242727901\"\r\n     crossorigin=\"anonymous\"><\/script><br \/>\n<\/p>\n<div id=\"\">\n<header class=\"m-article-header m-article-header--standard\">\n\t\t\t\t\t\t\t\t\t\t\t\t<span id=\"article-header-primary-term\"><br \/>\n\t\t\t\t\t\t\t\t<a class=\"a-term a-term--primary\" href=\"https:\/\/www.boston.com\/tag\/local-news\/\"><\/p>\n<p>\t\t\t\t\t\t\t\tNot\u00edcias locais\t\t\t\t\t\t\t\t<\/a><br \/>\n\t\t\t\t\t\t\t<\/span><\/p>\n<h2 class=\"m-article-header__sub-headline\">Indicadores de Boston dizem que o alto custo da moradia leva diretamente a mais moradores de rua na regi\u00e3o.<\/h2>\n<figure class=\"a-photo m-article-header__photo\"><figcaption class=\"a-photo__caption\">\n<p>\tA governadora de Massachusetts, Maura Healey, faz uma pausa para olhar os ber\u00e7os do Ex\u00e9rcito montados no ch\u00e3o do gin\u00e1sio enquanto autoridades estaduais e locais visitavam o Complexo Recreativo Melnea A. Cass em 31 de janeiro de 2024, no bairro de Roxbury, em Boston. A instala\u00e7\u00e3o abrigou mais de 300 migrantes. <em> (John Tlumacki\/The Boston Globe via AP, Piscina)<\/em>\t<\/figcaption><\/figure>\n<\/header>\n<p>A <a href=\"https:\/\/www.bostonindicators.org\/reports\/report-detail-pages\/homelessness_and_housing\">novo relat\u00f3rio <\/a>revela que Boston est\u00e1 entre os estados mais carentes do pa\u00eds, impulsionados pelos altos custos de moradia.<\/p>\n<p>O Boston Indicators, o centro de pesquisa da Funda\u00e7\u00e3o Boston, descobriu que a Grande Boston tem a segunda maior taxa de sem-abrigo per capita entre as 45 maiores cidades ou <a href=\"https:\/\/www.hudexchange.info\/programs\/coc\/\">Continuums de Cuidados <\/a>no pa\u00eds. <\/p>\n<p>Boston ficou atr\u00e1s apenas de Nova York, com 801 moradores de rua por 100.000 habitantes. (A taxa de Nova York \u00e9 de 1.056 moradores de rua por 100.000 habitantes.)<\/p>\n<p>Embora Boston n\u00e3o tenha retornado ao pico de 2014, o relat\u00f3rio mostra que a falta de moradia aumentou substancialmente em 2023. <\/p>\n<p>Embora Boston tenha uma alta taxa de moradores de rua, no entanto, ela tem a oitava menor taxa de moradores desabrigados, com apenas 26 por 100.000 pessoas. Apenas 6% da popula\u00e7\u00e3o desabrigada da regi\u00e3o n\u00e3o tem abrigo, muito abaixo da m\u00e9dia nacional de 40%. <\/p>\n<p>O relat\u00f3rio diz que isso se deve ao robusto sistema de abrigos da regi\u00e3o e aos servi\u00e7os de apoio relacionados. <\/p>\n<p>O relat\u00f3rio tamb\u00e9m aponta para o estado \u201c<a href=\"https:\/\/malegislature.gov\/Laws\/GeneralLaws\/PartI\/TitleII\/Chapter23B\/Section30\">Direito \u00e0 Moradia<\/a>\u201d lei, que garante abrigo de emerg\u00eancia para fam\u00edlias sem-teto com crian\u00e7as e mulheres gr\u00e1vidas, como a raz\u00e3o para as altas taxas de pessoas sem-teto abrigadas. Massachusetts \u00e9 o \u00fanico estado com tal lei. <\/p>\n<p>Outras medidas de estabilidade extrema de moradia tamb\u00e9m est\u00e3o em alta, com a superlota\u00e7\u00e3o residencial aumentando 55% desde 2006. <\/p>\n<h2 class=\"wp-block-heading\" id=\"h-how-many-people-are-homeless-nbsp\"><strong>Quantas pessoas est\u00e3o desabrigadas? <\/strong><\/h2>\n<p>A falta de moradia come\u00e7ou a aumentar na Grande Boston em 2008, ap\u00f3s a Grande Recess\u00e3o. Passou de cerca de 10.000 pessoas em 2008 para quase 15.000 em 2014. (O pico se deve \u00e0s pessoas que ficaram em abrigos por mais tempo, \u00e0 adi\u00e7\u00e3o de novas unidades de abrigo e ao crescimento do uso de hot\u00e9is e mot\u00e9is, o que tornou mais f\u00e1cil contabilizar as pessoas como sem-teto.) <\/p>\n<p>Em 2021, os n\u00edveis retornaram aos n\u00edveis pr\u00e9-recess\u00e3o, provavelmente devido \u00e0s regulamenta\u00e7\u00f5es da era da pandemia que forneceram benef\u00edcios adicionais \u00e0s fam\u00edlias de baixa renda e aos dados de baixa qualidade. <\/p>\n<p>A contagem de desabrigados voltou a subir em 2023, quando os regulamentos acabaram e as contagens regionais come\u00e7aram novamente. Na noite de 2023 <a href=\"https:\/\/www.hudexchange.info\/programs\/hdx\/pit-hic\/#2024-pit-count-and-hic-guidance-and-training\">Contagem de pontos no tempo<\/a>pouco menos de 13.000 pessoas estavam em situa\u00e7\u00e3o de rua na Grande Boston. <\/p>\n<h2 class=\"wp-block-heading\" id=\"h-who-is-falling-into-homelessness\"><strong>Quem est\u00e1 caindo na situa\u00e7\u00e3o de sem-teto?<\/strong><\/h2>\n<p>Embora qualquer pessoa possa passar por per\u00edodos de falta de moradia, aqueles que os vivenciam geralmente pertencem \u00e0s popula\u00e7\u00f5es mais vulner\u00e1veis. <\/p>\n<p>Mas o que \u00e9 espec\u00edfico de Boston \u00e9 que a maioria das pessoas sem-teto vive em unidades familiares, com 70% da popula\u00e7\u00e3o sem-teto da regi\u00e3o vivendo em fam\u00edlias, em compara\u00e7\u00e3o com 28% em todo o pa\u00eds. <\/p>\n<p>Al\u00e9m disso, Boston tem sido relativamente acolhedora para imigrantes rec\u00e9m-chegados, que frequentemente t\u00eam que esperar de seis meses a um ano para obter autoriza\u00e7\u00f5es de trabalho. O relat\u00f3rio diz que o n\u00famero de fam\u00edlias que buscam abrigos assistidos pelo estado mais que dobrou nos \u00faltimos dois anos, com muitos sendo imigrantes recentes. <\/p>\n<p>Residentes negros tamb\u00e9m s\u00e3o mais propensos a vivenciar a falta de moradia. O relat\u00f3rio observa que o aumento recente \u00e9 provavelmente devido a refugiados haitianos fugindo da instabilidade pol\u00edtica e econ\u00f4mica. <\/p>\n<h2 class=\"wp-block-heading\" id=\"h-how-does-the-housing-shortage-contribute-to-higher-rates-of-homelessness-nbsp\"><strong>Como a escassez de moradia contribui para taxas mais altas de falta de moradia? <\/strong><\/h2>\n<p>O relat\u00f3rio diz que a regi\u00e3o n\u00e3o construiu moradias suficientes para atender \u00e0s necessidades de todos que querem viver aqui. A escassez est\u00e1 levando a <a href=\"https:\/\/www.boston.com\/real-estate\/local-news\/2024\/07\/22\/why-is-housing-in-boston-so-expensive\/\">alugu\u00e9is e pre\u00e7os de casas mais altos<\/a> e, portanto, taxas mais altas de falta de moradia do que outras \u00e1reas metropolitanas com op\u00e7\u00f5es de moradia mais baratas. <\/p>\n<p>O relat\u00f3rio mostra que Boston est\u00e1 atr\u00e1s apenas de Nova York e S\u00e3o Francisco em termos do maior aluguel per capita de moradores de rua em 2023. <\/p>\n<p>O relat\u00f3rio diz que a \u201cdisfun\u00e7\u00e3o mais ampla em nosso mercado imobili\u00e1rio\u201d leva a poucas op\u00e7\u00f5es de moradia de baixo custo. <\/p>\n<p>A escassez de moradia afeta a todos, afirma o relat\u00f3rio, mas afeta desproporcionalmente aqueles com desvantagens existentes, como problemas m\u00e9dicos, doen\u00e7as mentais, transtornos por uso de subst\u00e2ncias ou hist\u00f3rico de encarceramento. <\/p>\n<h2 class=\"wp-block-heading\" id=\"h-how-are-recent-policies-changing-the-outlook-nbsp\"><strong>Como as pol\u00edticas recentes est\u00e3o mudando a perspectiva? <\/strong><\/h2>\n<p>A chegada recente de fam\u00edlias imigrantes, que muitas vezes n\u00e3o t\u00eam para onde ir e acabam no sistema de abrigos de emerg\u00eancia, contribuiu para o aumento das taxas de falta de moradia entre fam\u00edlias na regi\u00e3o. <\/p>\n<div class=\"m-block t-amp__list-container m-article-list-container  m-article-list-container--frame-border a-border-frame  a-list-header__headline--red m-article-list--alternative--default  m-article-list--floated\">\n<ul class=\"t-amp__list a-list--no-style m-article-list m-article-list--recirculation m-article-list--has-images\">\n<li class=\"m-article-list__item m-article-list__item--featured\">\n\t\t\t\t<a class=\"m-article-list__link-wrapper\" href=\"https:\/\/www.boston.com\/news\/local-news\/2024\/06\/12\/mass-state-shelter-system-to-begin-process-to-evict-migrants-and-other-families\/\" data-p1=\"article_recirc_inline_feature\"><br \/>\n\t\t\t\t<img fetchpriority=\"high\" decoding=\"async\" width=\"768\" height=\"432\" src=\"https:\/\/bdc2020.o0bc.com\/wp-content\/uploads\/2024\/06\/Massachusetts-Homeless-Migrants_70598-1-666a21e3bac68-768x432.jpg\" class=\"t-amp__list-image m-article-list__image m-article-list__image--full\" alt=\"\" aria-hidden=\"true\" srcset=\"https:\/\/bdc2020.o0bc.com\/wp-content\/uploads\/2024\/06\/Massachusetts-Homeless-Migrants_70598-1-666a21e3bac68-768x432.jpg?width=200 200w, https:\/\/bdc2020.o0bc.com\/wp-content\/uploads\/2024\/06\/Massachusetts-Homeless-Migrants_70598-1-666a21e3bac68-768x432.jpg?width=300 300w, https:\/\/bdc2020.o0bc.com\/wp-content\/uploads\/2024\/06\/Massachusetts-Homeless-Migrants_70598-1-666a21e3bac68-768x432.jpg?width=400 400w, https:\/\/bdc2020.o0bc.com\/wp-content\/uploads\/2024\/06\/Massachusetts-Homeless-Migrants_70598-1-666a21e3bac68-768x432.jpg?width=500 500w, https:\/\/bdc2020.o0bc.com\/wp-content\/uploads\/2024\/06\/Massachusetts-Homeless-Migrants_70598-1-666a21e3bac68-768x432.jpg?width=600 600w, https:\/\/bdc2020.o0bc.com\/wp-content\/uploads\/2024\/06\/Massachusetts-Homeless-Migrants_70598-1-666a21e3bac68-768x432.jpg?width=700 700w, https:\/\/bdc2020.o0bc.com\/wp-content\/uploads\/2024\/06\/Massachusetts-Homeless-Migrants_70598-1-666a21e3bac68-768x432.jpg?width=800 800w, https:\/\/bdc2020.o0bc.com\/wp-content\/uploads\/2024\/06\/Massachusetts-Homeless-Migrants_70598-1-666a21e3bac68-768x432.jpg?width=900 900w\" sizes=\"(max-width: 768px) 100vw, 768px\"\/>\t\t\t\t\t<\/p>\n<p><h4 class=\"m-article-list__headline t-amp__list-headline\">\n\t\t\t\t\t\t\t<span class=\"m-article-list__link a-link a-link--inline a-link--text-link a-link--text-link-dark\"><\/p>\n<p>\t\t\t\t\t\t\tSistema de abrigo do estado de Massachusetts iniciar\u00e1 processo para despejar migrantes e outras fam\u00edlias\t\t\t\t\t\t\t<\/span><br \/>\n\t\t\t\t\t\t<\/h4>\n<\/p>\n<p>\t\t\t\t<\/a>\n\t\t\t<\/li>\n<\/ul>\n<\/div>\n<p>Em resposta \u00e0 crescente demanda por abrigo, em 2022, o estado come\u00e7ou a depender fortemente de quartos de hotel para fam\u00edlias e, em 2023, come\u00e7ou a abrigar fam\u00edlias em instala\u00e7\u00f5es administradas pelo <a href=\"https:\/\/www.boston.com\/news\/local-news\/2023\/08\/31\/healey-activates-massachusetts-national-guard-to-help-with-migrant-crisis\/\">guarda Nacional<\/a>. <\/p>\n<p>O aumento dram\u00e1tico sobrecarregou o sistema de abrigo do estado. <\/p>\n<p>\u201cH\u00e1 meses dizemos que o r\u00e1pido crescimento do nosso sistema de abrigos de Assist\u00eancia de Emerg\u00eancia n\u00e3o \u00e9 sustent\u00e1vel\u201d, disse a governadora Maura Healey em uma declara\u00e7\u00e3o de julho de 2024. \u201cMassachusetts est\u00e1 sem espa\u00e7o para abrigos, e simplesmente n\u00e3o podemos pagar o tamanho atual deste sistema.\u201d<\/p>\n<p>O estado modificou a lei do direito \u00e0 moradia em algumas \u00e1reas importantes, incluindo:<\/p>\n<ul class=\"wp-block-list\">\n<li>Limitar o fornecimento de abrigo de emerg\u00eancia para 7.500 fam\u00edlias em outubro de 2023. <\/li>\n<li>Cria\u00e7\u00e3o de um limite de 9 meses para fam\u00edlias no sistema de abrigos de emerg\u00eancia em abril. <\/li>\n<li>Limitar estadias em <a href=\"https:\/\/www.boston.com\/news\/politics\/2024\/07\/31\/after-5-day-limit-some-families-at-mass-state-shelters-could-get-month-long-extension\/\">sites de transbordamento<\/a> para cinco dias em julho de 2024. O estado tamb\u00e9m adicionou a uma lista de prioridades existente vagas de abrigo permanente para fam\u00edlias com veteranos ou aqueles que ficaram sem moradia devido a despejos sem culpa e desastres naturais. <\/li>\n<\/ul>\n<p>\u201cO desafio de curto prazo do aumento da demanda por abrigo tempor\u00e1rio de fam\u00edlias e daqueles que buscam asilo \u00e9 urgente\u201d, disse o relat\u00f3rio. \u201cMas lidar com a falta de moradia na Grande Boston a longo prazo exigir\u00e1 solu\u00e7\u00f5es estruturais, especificamente a constru\u00e7\u00e3o de moradias muito mais diversas e de menor custo. Essa abordagem garantir\u00e1 que fam\u00edlias em todos os n\u00edveis de renda possam ter acesso a moradias decentes sem correr o risco de crises de falta de moradia.\u201d<\/p>\n<div class=\"m-block m-generic-cta\t m-generic-cta--post-content\t m-generic-cta--dark\t m-generic-cta--homepage\t m-generic-cta--email-signup\t\t m-generic-cta-block-style--default \tt-amp__generic-cta\"><\/p>\n<div class=\"m-generic-cta__wrap\">\n<div class=\"m-generic-cta__content\">\n<h3 class=\"m-generic-cta__title\">Inscri\u00e7\u00e3o no boletim informativo<\/h3>\n<p class=\"m-generic-cta__subtitle\">Fique por dentro das \u00faltimas not\u00edcias do Boston.com<\/p>\n<\/p><\/div>\n<\/p><\/div>\n<\/div><\/div>\n<p><script>\n\t\tvar consent=\"grant\";\n\t\t\/* The above code is parsing the JSON data from the local storage and storing it in a variable. *\/\n\t\t\t\t\tconst onetrustStorageConsent = JSON.parse(localStorage.getItem( 'consent_one_trust_bdc' ) );\n\t\t\tif ( ( onetrustStorageConsent !== null ) ) {\n\t\t\t\t\/* Checking to see if the user has consented to the use of cookies.\n\t\t\t\t* If they have not, it is deleting the cookie.\n\t\t\t\t* This will comment for now, until further notice.\n\t\t\t\t*\/\n\t\t\t\t\/\/if ( onetrustStorageConsent.C0002 === false ) {\n\t\t\t\t\/\/\tdocument.cookie=\"_fbp=;expires=Thu, 01 Jan 2010 00:00:00 UTC; path=\/; domain=.boston.com\";\n\t\t\t\t\/\/}\n\t\t\t\t\/* Checking if the user has given consent for the cookie C0002.\n\t\t\t\t* If the user has given consent, the variable consent will be set to 'grant'.\n\t\t\t\t* If the user has not given consent,the variable consent will be set to 'revoke'.\n\t\t\t\t* Documentation https:\/\/developers.facebook.com\/docs\/meta-pixel\/implementation\/gdpr\n\t\t\t\t*\/\n\t\t\t\tif ( onetrustStorageConsent.C0002 !== true ) {\n\t\t\t\t\tconsent=\"revoke\";\n\t\t\t\t}\n\t\t\t}\n\t\t\t\t!function(f,b,e,v,n,t,s)\n\t\t{if(f.fbq)return;n=f.fbq=function(){n.callMethod?\n\t\tn.callMethod.apply(n,arguments):n.queue.push(arguments)};\n\t\tif(!f._fbq)f._fbq=n;n.push=n;n.loaded=!0;n.version='2.0';\n\t\tn.queue=[];t=b.createElement(e);t.async=!0;\n\t\tt.src=v;s=b.getElementsByTagName(e)[0];\n\t\ts.parentNode.insertBefore(t,s)}(window, document,'script',\n\t\t'https:\/\/connect.facebook.net\/en_US\/fbevents.js');\n\t\tfbq('consent', consent);\n\t\tfbq('init', '989222871864976');\n\t\tfbq('track', 'PageView');\n\t<\/script><script type=\"module\">\n\t\tvar consent=\"grant\";\n\t\t\/* The above code is parsing the JSON data from the local storage and storing it in a variable. *\/\n\t\t\tconst onetrustStorageConsent = JSON.parse(localStorage.getItem( 'consent_one_trust_bdc' ) );\n\t\t\t\/* Checking to see if the user has consented to the use of cookies.\n\t\t\t* If they have not, it is deleting the cookie.\n\t\t\t* This will comment for now, until further notice.\n\t\t\t*\/\n\t\t\t\/\/if ( onetrustStorageConsent.C0002 === false ) {\n\t\t\t\/\/\tdocument.cookie=\"_fbp=;expires=Thu, 01 Jan 2010 00:00:00 UTC; path=\/; domain=.boston.com\";\n\t\t\t\/\/}\n\t\t\t\/* Checking if the user has given consent for the cookie C0002.\n\t\t\t* If the user has given consent, the variable consent will be set to 'grant'.\n\t\t\t* If the user has not given consent,the variable consent will be set to 'revoke'.\n\t\t\t* Documentation https:\/\/developers.facebook.com\/docs\/meta-pixel\/implementation\/gdpr\n\t\t\t*\/\n\t\t\tif ( ( onetrustStorageConsent !== null ) && (onetrustStorageConsent.C0002 !== true ) ) {\n\t\t\t\tconsent=\"revoke\";\n\t\t\t}\n\t\t\t\t!function(f,b,e,v,n,t,s){if(f.fbq)return;n=f.fbq=function()\n\t\t{n.callMethod? n.callMethod.apply(n,arguments):n.queue.push(arguments)}\n\t\t;if(!f._fbq)f._fbq=n;\n\t\tn.push=n;n.loaded=!0;n.version='2.0';n.queue=[];t=b.createElement(e);t.async=!0;\n\t\tt.src=v;s=b.getElementsByTagName(e)[0];s.parentNode.insertBefore(t,s)}(window,\n\t\tdocument,'script','https:\/\/connect.facebook.net\/en_US\/fbevents.js');\n\t\tfbq('consent', consent);\n\t\tfbq('init', '813236348753005');\n\t\tfbq('track', \"PageView\");\n\t<\/script><br \/>\n<br \/><br \/>\n<br \/><a href=\"https:\/\/www.boston.com\/news\/local-news\/2024\/08\/06\/boston-behind-only-nyc-in-homelessness-says-new-report\/\">Source link <\/a><\/p>","protected":false},"excerpt":{"rendered":"<p>Not\u00edcias locais Indicadores de Boston dizem que o alto custo da moradia leva diretamente a mais moradores de rua na regi\u00e3o. A governadora de Massachusetts, Maura Healey, faz uma pausa&hellip;<\/p>","protected":false},"author":1,"featured_media":18299,"comment_status":"closed","ping_status":"open","sticky":false,"template":"","format":"standard","meta":{"content-type":"","footnotes":""},"categories":[1],"tags":[],"class_list":["post-18298","post","type-post","status-publish","format-standard","has-post-thumbnail","hentry","category-uncategorized"],"_links":{"self":[{"href":"https:\/\/tvbrazilusa.com\/pt\/wp-json\/wp\/v2\/posts\/18298","targetHints":{"allow":["GET"]}}],"collection":[{"href":"https:\/\/tvbrazilusa.com\/pt\/wp-json\/wp\/v2\/posts"}],"about":[{"href":"https:\/\/tvbrazilusa.com\/pt\/wp-json\/wp\/v2\/types\/post"}],"author":[{"embeddable":true,"href":"https:\/\/tvbrazilusa.com\/pt\/wp-json\/wp\/v2\/users\/1"}],"replies":[{"embeddable":true,"href":"https:\/\/tvbrazilusa.com\/pt\/wp-json\/wp\/v2\/comments?post=18298"}],"version-history":[{"count":1,"href":"https:\/\/tvbrazilusa.com\/pt\/wp-json\/wp\/v2\/posts\/18298\/revisions"}],"predecessor-version":[{"id":18300,"href":"https:\/\/tvbrazilusa.com\/pt\/wp-json\/wp\/v2\/posts\/18298\/revisions\/18300"}],"wp:featuredmedia":[{"embeddable":true,"href":"https:\/\/tvbrazilusa.com\/pt\/wp-json\/wp\/v2\/media\/18299"}],"wp:attachment":[{"href":"https:\/\/tvbrazilusa.com\/pt\/wp-json\/wp\/v2\/media?parent=18298"}],"wp:term":[{"taxonomy":"category","embeddable":true,"href":"https:\/\/tvbrazilusa.com\/pt\/wp-json\/wp\/v2\/categories?post=18298"},{"taxonomy":"post_tag","embeddable":true,"href":"https:\/\/tvbrazilusa.com\/pt\/wp-json\/wp\/v2\/tags?post=18298"}],"curies":[{"name":"wp","href":"https:\/\/api.w.org\/{rel}","templated":true}]}}