{"id":18313,"date":"2024-08-06T18:26:14","date_gmt":"2024-08-06T18:26:14","guid":{"rendered":"https:\/\/tvbrazilusa.com\/2024\/08\/06\/charles-barkley-recua-na-aposentadoria-e-permanecera-na-tnt-mesmo-que-perca-os-direitos-da-nba\/"},"modified":"2024-08-06T18:33:00","modified_gmt":"2024-08-06T18:33:00","slug":"charles-barkley-recua-na-aposentadoria-e-permanecera-na-tnt-mesmo-que-perca-os-direitos-da-nba","status":"publish","type":"post","link":"https:\/\/tvbrazilusa.com\/pt\/2024\/08\/06\/charles-barkley-recua-na-aposentadoria-e-permanecera-na-tnt-mesmo-que-perca-os-direitos-da-nba\/","title":{"rendered":"Charles Barkley recua na aposentadoria e permanecer\u00e1 na TNT mesmo que perca os direitos da NBA"},"content":{"rendered":"<p> <script async src=\"https:\/\/pagead2.googlesyndication.com\/pagead\/js\/adsbygoogle.js?client=ca-pub-8864793242727901\"\r\n     crossorigin=\"anonymous\"><\/script><br \/>\n<\/p>\n<div id=\"\">\n<header class=\"m-article-header m-article-header--standard\">\n\t\t\t\t\t\t\t\t\t\t\t\t<span id=\"article-header-primary-term\"><br \/>\n\t\t\t\t\t\t\t\t<a class=\"a-term a-term--primary\" href=\"https:\/\/www.boston.com\/tag\/media\/\"><\/p>\n<p>\t\t\t\t\t\t\t\tmeios de comunica\u00e7\u00e3o\t\t\t\t\t\t\t\t<\/a><br \/>\n\t\t\t\t\t\t\t<\/span><\/p>\n<h2 class=\"m-article-header__sub-headline\">\u201cEste \u00e9 o \u00fanico lugar para mim.\u201d<\/h2>\n<figure class=\"a-photo m-article-header__photo\"><figcaption class=\"a-photo__caption\">\n<p>\tCharles Barkley est\u00e1 no terceiro ano de um contrato de 10 anos com a TNT.<em> <\/em>\t<\/figcaption><\/figure>\n<div class=\"m-article-header__meta\">\n<div class=\"m-article-header__byline\">\n<p class=\"m-article-header__author\">\n<p>\t\t\t\t\t\t\t\tPor Chad Finn, The Boston Globe\t\t\t\t\t\t\t<\/p>\n<p>\t\t\t\t\t\t    \t\t\t\t\t\t\t<time class=\"m-article-header__date\"><\/p>\n<p>        \t\t\t\t\t\t\t6 de agosto de 2024 | 14h26    \t\t\t\t\t\t\t<\/time><\/p><\/div>\n<\/p><\/div>\n<\/header>\n<p>Charles Barkley n\u00e3o est\u00e1 se aposentando. Na verdade, ele n\u00e3o vai a lugar nenhum.<\/p>\n<p>Barkley e TNT Sports anunciaram em uma declara\u00e7\u00e3o conjunta na ter\u00e7a-feira que o Hall da Fama do Basquete e a popular emissora permanecer\u00e3o na rede e na empresa controladora Warner Bros. Discovery, mesmo que perca <a href=\"https:\/\/www.boston.com\/tag\/nba\/\">NBA<\/a> direitos de transmiss\u00e3o ap\u00f3s a pr\u00f3xima temporada.<\/p>\n<p>\u201cEu amo minha fam\u00edlia TNT Sports\u201d, disse Barkley na declara\u00e7\u00e3o. \u201cMinha prioridade n\u00famero 1 foi e sempre ser\u00e1 nosso pessoal e manter todos juntos pelo maior tempo poss\u00edvel. Temos as pessoas mais incr\u00edveis, e elas s\u00e3o as melhores no que fazem.<\/p>\n<p>\u201cEstou ansioso para continuar trabalhando com eles nos programas que temos atualmente e nos novos que desenvolveremos juntos no futuro.<\/p>\n<p>\u201cEste \u00e9 o \u00fanico lugar para mim.\u201d<\/p>\n<p>Barkley, de 61 anos, que foi analista do aclamado programa de est\u00fadio \u201cInside the NBA\u201d da TNT desde 2000, estava enfrentando uma <a href=\"https:\/\/www.boston.com\/sports\/nba\/2024\/06\/15\/charles-barkley-last-season-tv-retirement\/\">Futuro incerto<\/a> por causa do novo acordo de direitos da NBA.<\/p>\n<p>Em julho, a liga <a href=\"https:\/\/www.bostonglobe.com\/2024\/07\/24\/sports\/nba-media-rights-deal-inside-the-nba\/\" target=\"_blank\" rel=\"noopener\">anunciou um acordo de direitos de m\u00eddia de 11 anos e US$ 77 bilh\u00f5es<\/a>come\u00e7ando na temporada 2025-26, com NBC, ESPN\/ABC e Amazon, deixando a parceira de longa data TNT de fora.<\/p>\n<p>Descoberta da Warner Bros. <a href=\"https:\/\/www.bostonglobe.com\/2024\/07\/26\/sports\/nba-television-deal-lawsuit-warner-bros-discovery\/\" target=\"_blank\" rel=\"noopener\">processou imediatamente a NBA<\/a>alegando que tinha o direito de igualar o pacote de jogos concedido \u00e0 Amazon. A NBA negou isso, porque a parte da Amazon do pacote \u00e9 dedicada a um servi\u00e7o somente de streaming.<\/p>\n<p>Barkley, que expressou abertamente suas frustra\u00e7\u00f5es com a abordagem da Warner Bros. Discovery \u00e0s negocia\u00e7\u00f5es em diversas ocasi\u00f5es, <a href=\"https:\/\/www.bostonglobe.com\/2024\/06\/15\/sports\/charles-barkley-tv\/\" target=\"_blank\" rel=\"noopener\">indicou em junho que se aposentaria <\/a>se a TNT n\u00e3o mantivesse os direitos da NBA.<\/p>\n<p>Durante uma recente apari\u00e7\u00e3o no \u201cThe Dan Patrick Show\u201d, na qual ele confirmou que seu contrato com a TNT \u00e9 de 10 anos e US$ 210 milh\u00f5es, Barkley pareceu mais aberto a outras possibilidades de transmiss\u00e3o.<\/p>\n<p>O comprometimento de Barkley em permanecer na TNT provavelmente significa que ele estar\u00e1 envolvido na cobertura de uma variedade de esportes, independentemente de a rede reter ou n\u00e3o alguns direitos de transmiss\u00e3o da NBA. Ele est\u00e1 atualmente no terceiro ano de seu contrato.<\/p>\n<p>A TNT atualmente transmite o torneio de basquete masculino da NCAA \u2014 Barkley faz parte da cobertura do March Madness h\u00e1 anos \u2014 junto com direitos para a NHL, MLB e mais. Ela tem acordos futuros para transmitir alguns playoffs de futebol americano universit\u00e1rio, t\u00eanis do Aberto da Fran\u00e7a e basquete do Big East.<\/p>\n<p>\u201cContinuamos a aumentar a amplitude e a profundidade do nosso portf\u00f3lio esportivo\u201d, disse o presidente e CEO da TNT Sports, Luis Silberwasser, em uma declara\u00e7\u00e3o, \u201ce \u00e9 fant\u00e1stico ter Charles nessa jornada enquanto desenvolvemos novas ideias de conte\u00fado e programas para nossos f\u00e3s\u201d.<\/p>\n<div class=\"m-block m-generic-cta\t m-generic-cta--post-content\t m-generic-cta--dark\t m-generic-cta--homepage\t m-generic-cta--email-signup\t\t m-generic-cta-block-style--default \tt-amp__generic-cta\"><\/p>\n<div class=\"m-generic-cta__wrap\">\n<div class=\"m-generic-cta__content\">\n<h3 class=\"m-generic-cta__title\">Receba as \u00faltimas not\u00edcias esportivas de Boston<\/h3>\n<p class=\"m-generic-cta__subtitle\">Receba atualiza\u00e7\u00f5es sobre seus times favoritos de Boston, diretamente da nossa reda\u00e7\u00e3o para sua caixa de entrada.<\/p>\n<\/p><\/div>\n<\/p><\/div>\n<\/div><\/div>\n<p><script>\n\t\tvar consent=\"grant\";\n\t\t\/* The above code is parsing the JSON data from the local storage and storing it in a variable. *\/\n\t\t\t\t\tconst onetrustStorageConsent = JSON.parse(localStorage.getItem( 'consent_one_trust_bdc' ) );\n\t\t\tif ( ( onetrustStorageConsent !== null ) ) {\n\t\t\t\t\/* Checking to see if the user has consented to the use of cookies.\n\t\t\t\t* If they have not, it is deleting the cookie.\n\t\t\t\t* This will comment for now, until further notice.\n\t\t\t\t*\/\n\t\t\t\t\/\/if ( onetrustStorageConsent.C0002 === false ) {\n\t\t\t\t\/\/\tdocument.cookie=\"_fbp=;expires=Thu, 01 Jan 2010 00:00:00 UTC; path=\/; domain=.boston.com\";\n\t\t\t\t\/\/}\n\t\t\t\t\/* Checking if the user has given consent for the cookie C0002.\n\t\t\t\t* If the user has given consent, the variable consent will be set to 'grant'.\n\t\t\t\t* If the user has not given consent,the variable consent will be set to 'revoke'.\n\t\t\t\t* Documentation https:\/\/developers.facebook.com\/docs\/meta-pixel\/implementation\/gdpr\n\t\t\t\t*\/\n\t\t\t\tif ( onetrustStorageConsent.C0002 !== true ) {\n\t\t\t\t\tconsent=\"revoke\";\n\t\t\t\t}\n\t\t\t}\n\t\t\t\t!function(f,b,e,v,n,t,s)\n\t\t{if(f.fbq)return;n=f.fbq=function(){n.callMethod?\n\t\tn.callMethod.apply(n,arguments):n.queue.push(arguments)};\n\t\tif(!f._fbq)f._fbq=n;n.push=n;n.loaded=!0;n.version='2.0';\n\t\tn.queue=[];t=b.createElement(e);t.async=!0;\n\t\tt.src=v;s=b.getElementsByTagName(e)[0];\n\t\ts.parentNode.insertBefore(t,s)}(window, document,'script',\n\t\t'https:\/\/connect.facebook.net\/en_US\/fbevents.js');\n\t\tfbq('consent', consent);\n\t\tfbq('init', '989222871864976');\n\t\tfbq('track', 'PageView');\n\t<\/script><script type=\"module\">\n\t\tvar consent=\"grant\";\n\t\t\/* The above code is parsing the JSON data from the local storage and storing it in a variable. *\/\n\t\t\tconst onetrustStorageConsent = JSON.parse(localStorage.getItem( 'consent_one_trust_bdc' ) );\n\t\t\t\/* Checking to see if the user has consented to the use of cookies.\n\t\t\t* If they have not, it is deleting the cookie.\n\t\t\t* This will comment for now, until further notice.\n\t\t\t*\/\n\t\t\t\/\/if ( onetrustStorageConsent.C0002 === false ) {\n\t\t\t\/\/\tdocument.cookie=\"_fbp=;expires=Thu, 01 Jan 2010 00:00:00 UTC; path=\/; domain=.boston.com\";\n\t\t\t\/\/}\n\t\t\t\/* Checking if the user has given consent for the cookie C0002.\n\t\t\t* If the user has given consent, the variable consent will be set to 'grant'.\n\t\t\t* If the user has not given consent,the variable consent will be set to 'revoke'.\n\t\t\t* Documentation https:\/\/developers.facebook.com\/docs\/meta-pixel\/implementation\/gdpr\n\t\t\t*\/\n\t\t\tif ( ( onetrustStorageConsent !== null ) && (onetrustStorageConsent.C0002 !== true ) ) {\n\t\t\t\tconsent=\"revoke\";\n\t\t\t}\n\t\t\t\t!function(f,b,e,v,n,t,s){if(f.fbq)return;n=f.fbq=function()\n\t\t{n.callMethod? n.callMethod.apply(n,arguments):n.queue.push(arguments)}\n\t\t;if(!f._fbq)f._fbq=n;\n\t\tn.push=n;n.loaded=!0;n.version='2.0';n.queue=[];t=b.createElement(e);t.async=!0;\n\t\tt.src=v;s=b.getElementsByTagName(e)[0];s.parentNode.insertBefore(t,s)}(window,\n\t\tdocument,'script','https:\/\/connect.facebook.net\/en_US\/fbevents.js');\n\t\tfbq('consent', consent);\n\t\tfbq('init', '813236348753005');\n\t\tfbq('track', \"PageView\");\n\t<\/script><br \/>\n<br \/><br \/>\n<br \/><a href=\"https:\/\/www.boston.com\/sports\/media\/2024\/08\/06\/charles-barkley-backtracks-on-retirement-will-stay-with-tnt\/\">Source link <\/a><\/p>","protected":false},"excerpt":{"rendered":"<p>meios de comunica\u00e7\u00e3o \u201cEste \u00e9 o \u00fanico lugar para mim.\u201d Charles Barkley est\u00e1 no terceiro ano de um contrato de 10 anos com a TNT. Por Chad Finn, The Boston&hellip;<\/p>","protected":false},"author":1,"featured_media":18314,"comment_status":"closed","ping_status":"open","sticky":false,"template":"","format":"standard","meta":{"content-type":"","footnotes":""},"categories":[1],"tags":[],"class_list":["post-18313","post","type-post","status-publish","format-standard","has-post-thumbnail","hentry","category-uncategorized"],"_links":{"self":[{"href":"https:\/\/tvbrazilusa.com\/pt\/wp-json\/wp\/v2\/posts\/18313","targetHints":{"allow":["GET"]}}],"collection":[{"href":"https:\/\/tvbrazilusa.com\/pt\/wp-json\/wp\/v2\/posts"}],"about":[{"href":"https:\/\/tvbrazilusa.com\/pt\/wp-json\/wp\/v2\/types\/post"}],"author":[{"embeddable":true,"href":"https:\/\/tvbrazilusa.com\/pt\/wp-json\/wp\/v2\/users\/1"}],"replies":[{"embeddable":true,"href":"https:\/\/tvbrazilusa.com\/pt\/wp-json\/wp\/v2\/comments?post=18313"}],"version-history":[{"count":1,"href":"https:\/\/tvbrazilusa.com\/pt\/wp-json\/wp\/v2\/posts\/18313\/revisions"}],"predecessor-version":[{"id":18315,"href":"https:\/\/tvbrazilusa.com\/pt\/wp-json\/wp\/v2\/posts\/18313\/revisions\/18315"}],"wp:featuredmedia":[{"embeddable":true,"href":"https:\/\/tvbrazilusa.com\/pt\/wp-json\/wp\/v2\/media\/18314"}],"wp:attachment":[{"href":"https:\/\/tvbrazilusa.com\/pt\/wp-json\/wp\/v2\/media?parent=18313"}],"wp:term":[{"taxonomy":"category","embeddable":true,"href":"https:\/\/tvbrazilusa.com\/pt\/wp-json\/wp\/v2\/categories?post=18313"},{"taxonomy":"post_tag","embeddable":true,"href":"https:\/\/tvbrazilusa.com\/pt\/wp-json\/wp\/v2\/tags?post=18313"}],"curies":[{"name":"wp","href":"https:\/\/api.w.org\/{rel}","templated":true}]}}