{"id":18349,"date":"2024-08-06T19:16:30","date_gmt":"2024-08-06T19:16:30","guid":{"rendered":"https:\/\/tvbrazilusa.com\/2024\/08\/06\/queima-de-arquivo-ex-satanista-dizia-ser-alvo-de-ameacas-de-seita\/"},"modified":"2024-08-06T19:22:10","modified_gmt":"2024-08-06T19:22:10","slug":"queima-de-arquivo-ex-satanista-dizia-ser-alvo-de-ameacas-de-seita","status":"publish","type":"post","link":"https:\/\/tvbrazilusa.com\/pt\/2024\/08\/06\/queima-de-arquivo-ex-satanista-dizia-ser-alvo-de-ameacas-de-seita\/","title":{"rendered":"\u2018Queima de arquivo\u2019?: Ex-satanista dizia ser alvo de amea\u00e7as de \u2018seita\u2019"},"content":{"rendered":"<p> <script async src=\"https:\/\/pagead2.googlesyndication.com\/pagead\/js\/adsbygoogle.js?client=ca-pub-8864793242727901\"\r\n     crossorigin=\"anonymous\"><\/script><br \/>\n<\/p>\n<div>\n<p><em>foto: reprodu\u00e7\u00e3o <\/em><\/p>\n<p>A morte do escritor e ex-satanista Marcelo Ferreira, conhecido como Daniel Mastral, ocorrida no domingo, 4 de fevereiro de 2024, em Barueri, na regi\u00e3o metropolitana de S\u00e3o Paulo, tem gerado pol\u00eamica nas redes sociais. Seguidores e adeptos das teorias defendidas por ele questionam as circunst\u00e2ncias de sua morte, levantando hip\u00f3teses de que poderia ser uma \u201cqueima de arquivo\u201d.<\/p>\n<p>Apesar de as investiga\u00e7\u00f5es preliminares sugerirem que Daniel Mastral tenha cometido suic\u00eddio, os debates sobre sua morte continuam a crescer. Desde o domingo fat\u00eddico, diversos perfis t\u00eam compartilhado v\u00eddeos e teorias que refor\u00e7am suas suspeitas.<\/p>\n<h2 class=\"wp-block-heading\">Investiga\u00e7\u00e3o sobre a Morte de Daniel Mastral<\/h2>\n<p>As investiga\u00e7\u00f5es oficiais indicam que Marcelo Ferreira, ou Daniel Mastral, teria tirado a pr\u00f3pria vida. Entretanto, essa vers\u00e3o dos fatos tem sido fervorosamente contestada por seus seguidores. Mastral, que havia se afastado do satanismo, denunciava pr\u00e1ticas e rituais sombrios, o que aumenta a desconfian\u00e7a sobre as reais causas de sua morte.<\/p>\n<p>Em v\u00e1rias postagens, seguidores apontam que Daniel vinha recebendo amea\u00e7as. Eles compartilharam cortes de v\u00eddeos nos quais o ex-satanista mencionava um suposto tr\u00e1fico de crian\u00e7as para a extra\u00e7\u00e3o do \u201cadenocromo\u201d, uma subst\u00e2ncia que muitos acreditam ser utilizada como uma esp\u00e9cie de \u201cfonte da juventude\u201d.<\/p>\n<h2 class=\"wp-block-heading\">O Que \u00e9 o Adenocromo Mencionado por Daniel Mastral?<\/h2>\n<p>Em v\u00eddeos que voltaram a circular, Daniel Mastral fala sobre o desaparecimento de cerca de 80 mil pessoas anualmente no Brasil, insinuando que parte desses casos estaria relacionada \u00e0 extra\u00e7\u00e3o de \u201cadenocromo\u201d. Ele afirmava que essa pr\u00e1tica \u00e9 usada em rituais sat\u00e2nicos. Mastral dizia n\u00e3o ter provas concretas, mas inferia o envolvimento de seitas secretas nesses desaparecimentos.<\/p>\n<h2 class=\"wp-block-heading\">As Redes Sociais e as Teorias da Conspira\u00e7\u00e3o<\/h2>\n<h3 class=\"wp-block-heading\">Teorias Surgidas Ap\u00f3s a Morte<\/h3>\n<p>\u00a0<\/p>\n<p>As redes sociais foram inundadas com postagens que questionam a tese de suic\u00eddio. Perfis de seguidores afirmam que \u201cDaniel Mastral sabia demais\u201d e que sua morte pode estar ligada \u00e0 sua luta contra seitas secretas e teorias conspirat\u00f3rias, como os Illuminati.<\/p>\n<ul class=\"wp-block-list\">\n<li>Um perfil escreveu: \u201cEu n\u00e3o posso afirmar nada sobre o Daniel Mastral, mas acredito que ele N\u00c3O tirou a pr\u00f3pria vida\u201d.<\/li>\n<li>Outro perfil comentou: \u201cDaniel Mastral sabia sobre os Illuminati e quem silenciou a Mar\u00edlia Mendon\u00e7a, silenciou ele tamb\u00e9m. Algu\u00e9m precisa parar essas seitas\u201d.<\/li>\n<li>Uma terceira publica\u00e7\u00e3o dizia: \u201cIsso parece ser queima de arquivo, isso sim\u201d\u2026<\/li>\n<\/ul>\n<p>\u00a0<\/p>\n<h3 class=\"wp-block-heading\">Como as Teorias Afetam a Percep\u00e7\u00e3o da Realidade<\/h3>\n<p>\u00a0<\/p>\n<p>O compartilhamento de v\u00eddeos e teorias nas redes sociais afeta a percep\u00e7\u00e3o p\u00fablica dos fatos. As investiga\u00e7\u00f5es ainda est\u00e3o em andamento, e as autoridades tentam esclarecer se houve ou n\u00e3o influ\u00eancia externa na morte de Daniel Mastral. Enquanto isso, seguidores continuam a debater e a questionar a vers\u00e3o oficial.<\/p>\n<h2 class=\"wp-block-heading\">Por Que Tantos Desaparecimentos no Brasil?<\/h2>\n<p>O Brasil registra anualmente um n\u00famero alarmante de desaparecimentos, algo que intrigava Daniel Mastral e seus seguidores. As teorias sobre o adenocromo e rituais sat\u00e2nicos s\u00e3o apenas uma face do complexo problema dos desaparecimentos. Autoridades e especialistas estudam estas quest\u00f5es, buscando entender as m\u00faltiplas facetas que envolvem o fen\u00f4meno.<\/p>\n<p>A morte de Daniel Mastral lan\u00e7a luz sobre temas controversos e sens\u00edveis que dividem opini\u00f5es. Seus seguidores continuam vigilantes, enquanto as investiga\u00e7\u00f5es prosseguem para tentar desvelar a verdade por tr\u00e1s de sua morte.<\/p>\n<\/p><\/div>\n<p><br \/>\n<br \/><a href=\"https:\/\/terrabrasilnoticias.com\/2024\/08\/queima-de-arquivo-ex-satanista-dizia-ser-alvo-de-ameacas-de-seita\/\">Source link <\/a><\/p>","protected":false},"excerpt":{"rendered":"<p>foto: reprodu\u00e7\u00e3o A morte do escritor e ex-satanista Marcelo Ferreira, conhecido como Daniel Mastral, ocorrida no domingo, 4 de fevereiro de 2024, em Barueri, na regi\u00e3o metropolitana de S\u00e3o Paulo,&hellip;<\/p>","protected":false},"author":1,"featured_media":18350,"comment_status":"closed","ping_status":"open","sticky":false,"template":"","format":"standard","meta":{"content-type":"","footnotes":""},"categories":[16],"tags":[],"class_list":["post-18349","post","type-post","status-publish","format-standard","has-post-thumbnail","hentry","category-noticias"],"_links":{"self":[{"href":"https:\/\/tvbrazilusa.com\/pt\/wp-json\/wp\/v2\/posts\/18349","targetHints":{"allow":["GET"]}}],"collection":[{"href":"https:\/\/tvbrazilusa.com\/pt\/wp-json\/wp\/v2\/posts"}],"about":[{"href":"https:\/\/tvbrazilusa.com\/pt\/wp-json\/wp\/v2\/types\/post"}],"author":[{"embeddable":true,"href":"https:\/\/tvbrazilusa.com\/pt\/wp-json\/wp\/v2\/users\/1"}],"replies":[{"embeddable":true,"href":"https:\/\/tvbrazilusa.com\/pt\/wp-json\/wp\/v2\/comments?post=18349"}],"version-history":[{"count":1,"href":"https:\/\/tvbrazilusa.com\/pt\/wp-json\/wp\/v2\/posts\/18349\/revisions"}],"predecessor-version":[{"id":18351,"href":"https:\/\/tvbrazilusa.com\/pt\/wp-json\/wp\/v2\/posts\/18349\/revisions\/18351"}],"wp:featuredmedia":[{"embeddable":true,"href":"https:\/\/tvbrazilusa.com\/pt\/wp-json\/wp\/v2\/media\/18350"}],"wp:attachment":[{"href":"https:\/\/tvbrazilusa.com\/pt\/wp-json\/wp\/v2\/media?parent=18349"}],"wp:term":[{"taxonomy":"category","embeddable":true,"href":"https:\/\/tvbrazilusa.com\/pt\/wp-json\/wp\/v2\/categories?post=18349"},{"taxonomy":"post_tag","embeddable":true,"href":"https:\/\/tvbrazilusa.com\/pt\/wp-json\/wp\/v2\/tags?post=18349"}],"curies":[{"name":"wp","href":"https:\/\/api.w.org\/{rel}","templated":true}]}}