{"id":18370,"date":"2024-08-06T19:36:53","date_gmt":"2024-08-06T19:36:53","guid":{"rendered":"https:\/\/tvbrazilusa.com\/2024\/08\/06\/fotos-de-futebol-super-football-conference-media-day-2024\/"},"modified":"2024-08-06T19:47:07","modified_gmt":"2024-08-06T19:47:07","slug":"fotos-de-futebol-super-football-conference-media-day-2024","status":"publish","type":"post","link":"https:\/\/tvbrazilusa.com\/pt\/2024\/08\/06\/fotos-de-futebol-super-football-conference-media-day-2024\/","title":{"rendered":"Fotos de futebol: Super Football Conference Media Day, 2024"},"content":{"rendered":"<p> <script async src=\"https:\/\/pagead2.googlesyndication.com\/pagead\/js\/adsbygoogle.js?client=ca-pub-8864793242727901\"\r\n     crossorigin=\"anonymous\"><\/script><br \/>\n<br \/><img fetchpriority=\"high\" decoding=\"async\" src=\"https:\/\/www.nj.com\/resizer\/v2\/RJI32GJEJBD6XPRFVFLP4F7OUQ.jpg?width=5182&#038;height=5327&#038;auth=c8aa55a93ee9c60a233cd8a8ed50ead69c29adecf402b8dc21e65891edb18606&#038;smart=true\" alt=\"O quarterback do Paterson Kennedy, Jayden Jones (14), gesticula durante o SFC Media Day no MetLife Stadium, ter\u00e7a-feira, 6 de agosto de 2024, em East Rutherford, NJ \" height=\"1200\" width=\"5182\" \/><img decoding=\"async\" src=\"https:\/\/www.nj.com\/resizer\/v2\/PERW4NHV55F2JAINYYOWNEH2AY.jpg?width=7497&#038;height=5119&#038;auth=eda48b652911f87c3ef2a674b0f8a1e2f648eaf1cfca4537546113b330353b94&#038;smart=true\" alt=\"Abdou Mbengue (centro) de North Bergen no SFC Media Day no Met Life Stadium, ter\u00e7a-feira, 6 de agosto de 2024, em East Rutherford, NJ \" height=\"1200\" width=\"7497\" \/><img decoding=\"async\" src=\"https:\/\/www.nj.com\/resizer\/v2\/UWVS3J44QRFZ3GY6HSZPHLI2AM.jpg?width=6923&#038;height=4826&#038;auth=100503607884bfb6c399cbdfe3d16df4babed2ed8e195acbdc06db0d6d9f0fc7&#038;smart=true\" alt=\"O t\u00e9cnico principal de futebol do Ramapo, Nick Guttuso, no SFC Media Day no MetLife Stadium, ter\u00e7a-feira, 6 de agosto de 2024, em East Rutherford, NJ \" height=\"1200\" width=\"6923\" \/><img loading=\"lazy\" decoding=\"async\" src=\"https:\/\/www.nj.com\/resizer\/v2\/5HQUEMDRSRBOZCBOCILJRYAXQA.jpg?width=4350&#038;height=3060&#038;auth=4cc7639238e416484c1ac4cae75bcd1b8bbd5361680250646113a68d5cc1c9f3&#038;smart=true\" alt=\"Jorden David de North Bergen no SFC Media Day no Met Life Stadium, ter\u00e7a-feira, 6 de agosto de 2024, em East Rutherford, NJ \" height=\"1200\" width=\"4350\" \/><img loading=\"lazy\" decoding=\"async\" src=\"https:\/\/www.nj.com\/resizer\/v2\/L3AWJZYQSZDT3HKC2NR3QUESR4.jpg?width=3552&#038;height=2702&#038;auth=9c1af6e40bae6599f8cb2ec399d0a73990cbc446482af16828329b6b24207278&#038;smart=true\" alt=\"O treinador principal do Don Bosco, Dan Sabella, no SFC Media Day no Met Life Stadium, ter\u00e7a-feira, 6 de agosto de 2024, em East Rutherford, NJ \" height=\"1200\" width=\"3552\" \/><img loading=\"lazy\" decoding=\"async\" src=\"https:\/\/www.nj.com\/resizer\/v2\/6TKI3LOZ4VDVXK6UEGUMXBP6ME.jpg?width=4767&#038;height=3909&#038;auth=f079dd45db6793f508b806d6feee4facd6fd3e89514ad7fb2bb270f86604b49c&#038;smart=true\" alt=\"O t\u00e9cnico principal do Pascack Valley, Len Cusumano, no SFC Media Day no MetLife Stadium, ter\u00e7a-feira, 6 de agosto de 2024, em East Rutherford, NJ \" height=\"1200\" width=\"4767\" \/><img loading=\"lazy\" decoding=\"async\" src=\"https:\/\/www.nj.com\/resizer\/v2\/Y3SZIWMK6RBCNFJHIWNBD2GY6Y.jpg?width=4798&#038;height=3221&#038;auth=c10c0c58666d13282ae2691a3628f65dcd153674ad0bdb5619aeefdb1f56764a&#038;smart=true\" alt=\"O t\u00e9cnico principal de futebol americano do Passaic, Mark Dupree, no SFC Media Day no MetLife Stadium, ter\u00e7a-feira, 6 de agosto de 2024, em East Rutherford, NJ \" height=\"1200\" width=\"4798\" \/><img loading=\"lazy\" decoding=\"async\" src=\"https:\/\/www.nj.com\/resizer\/v2\/EMH233BD2NCYDEUYTD6LDZJQWE.jpg?width=5972&#038;height=4445&#038;auth=f46188085f51ae5c7b72c5bea578b4ea70427809818310be28286a2990410dd9&#038;smart=true\" alt=\"Jeremiah Leonard North Bergen no SFC Media Day no Met Life Stadium, ter\u00e7a-feira, 6 de agosto de 2024, em East Rutherford, NJ \" height=\"1200\" width=\"5972\" \/><img loading=\"lazy\" decoding=\"async\" src=\"https:\/\/www.nj.com\/resizer\/v2\/PNZZBLG4TBHYHCFKTEGTOTZFXI.jpg?width=7806&#038;height=5464&#038;auth=bd549c5e2197398f5f63a01dd096efa1ca6e3304015d870bfbc4d229864e58be&#038;smart=true\" alt=\"O t\u00e9cnico principal do North Bergen, Evan Rodriguez, com seus jogadores no SFC Media Day no Met Life Stadium, ter\u00e7a-feira, 6 de agosto de 2024, em East Rutherford, NJ \" height=\"1200\" width=\"7806\" \/><img loading=\"lazy\" decoding=\"async\" src=\"https:\/\/www.nj.com\/resizer\/v2\/AJDSST6KL5E6JHCWDXKLBJGEZE.jpg?width=6344&#038;height=4420&#038;auth=bcccd0d425091cd2a9d1d39c0552da3a38c64c0ec558a52984f26e77a4fcb0a1&#038;smart=true\" alt=\"Justin Kimutal (centro) de Paterson Eastside ouve durante uma sess\u00e3o de debate sobre m\u00eddia social no SFC Media Day no Met Life Stadium, ter\u00e7a-feira, 6 de agosto de 2024, em East Rutherford, NJ \" height=\"1200\" width=\"6344\" \/><img loading=\"lazy\" decoding=\"async\" src=\"https:\/\/www.nj.com\/resizer\/v2\/BTAEFSR3SZBP7MFHOKWN25QDRA.jpg?width=6359&#038;height=4870&#038;auth=035d4f3e79f1a71b94746a863f4cc38f6dfcfb40d6cd1457e5c5a3a2fa85068c&#038;smart=true\" alt=\"Troy Bailey de Delbarton no SFC Media Day no Met Life Stadium, ter\u00e7a-feira, 6 de agosto de 2024, em East Rutherford, NJ \" height=\"1200\" width=\"6359\" \/><img loading=\"lazy\" decoding=\"async\" src=\"https:\/\/www.nj.com\/resizer\/v2\/W2TQVGK5ARBSJPGRFBQT7HBJM4.jpg?width=7766&#038;height=5464&#038;auth=3e3f317fd5ee3983c75ba9b3e7afca8da07f0643998fb032f896b5d4e3a39e67&#038;smart=true\" alt=\"Alsajade Pray do Newark Central no SFC Media Day no Met Life Stadium, ter\u00e7a-feira, 6 de agosto de 2024, em East Rutherford, NJ \" height=\"1200\" width=\"7766\" \/><img loading=\"lazy\" decoding=\"async\" src=\"https:\/\/www.nj.com\/resizer\/v2\/ZBMEPZ6HMVGBDPINKOHTTN6NDY.jpg?width=8042&#038;height=5212&#038;auth=310380c06c546786e17e14a26189b8903dcf6bf550becb6c6e8112a632d4e9a4&#038;smart=true\" alt=\"Jogadores ouvem durante uma sess\u00e3o de debate sobre m\u00eddia social no SFC Media Day no Met Life Stadium, ter\u00e7a-feira, 6 de agosto de 2024, em East Rutherford, NJ \" height=\"1200\" width=\"8042\" \/><img loading=\"lazy\" decoding=\"async\" src=\"https:\/\/www.nj.com\/resizer\/v2\/AHTTSGMQBRBZLIL2XLOFOGITEQ.jpg?width=6986&#038;height=4952&#038;auth=89bf681f9166aa986aa9d19ba3f30a5defacdf23322e5e69306f136f88becafb&#038;smart=true\" alt=\"John Fraraccio, diretor atl\u00e9tico da West New York Memorial High School e presidente do comit\u00ea de dire\u00e7\u00e3o do SFC, fala no SFC Media Day no Met Life Stadium, ter\u00e7a-feira, 6 de agosto de 2024, em East Rutherford, NJ \" height=\"1200\" width=\"6986\" \/><img loading=\"lazy\" decoding=\"async\" src=\"https:\/\/www.nj.com\/resizer\/v2\/W6S35W4ERRGSNGUM7GYTJBQRE4.jpg?width=8192&#038;height=5464&#038;auth=ee7f8e654f4b5723199bdbb4d058f131048f14c4b29db1303296a824cd898745&#038;smart=true\" alt=\"Jogadores ouvem durante uma sess\u00e3o de debate sobre m\u00eddia social no SFC Media Day no Met Life Stadium, ter\u00e7a-feira, 6 de agosto de 2024, em East Rutherford, NJ \" height=\"1200\" width=\"8192\" \/><\/p>\n<p>Nossas fotos esportivas do HS, como as acima, colocam voc\u00ea bem perto da a\u00e7\u00e3o e de toda a experi\u00eancia. Confira clicando em qualquer lugar na colagem acima para abrir a galeria de fotos.<\/p>\n<p><br \/>\n<br \/><a href=\"https:\/\/www.nj.com\/highschoolsports\/2024\/08\/football-photos-super-football-conference-media-day-2024.html\">Source link <\/a><\/p>","protected":false},"excerpt":{"rendered":"<p>Nossas fotos esportivas do HS, como as acima, colocam voc\u00ea bem perto da a\u00e7\u00e3o e de toda a experi\u00eancia. Confira clicando em qualquer lugar na colagem acima para abrir a&hellip;<\/p>","protected":false},"author":1,"featured_media":18371,"comment_status":"closed","ping_status":"open","sticky":false,"template":"","format":"standard","meta":{"content-type":"","footnotes":""},"categories":[1],"tags":[],"class_list":["post-18370","post","type-post","status-publish","format-standard","has-post-thumbnail","hentry","category-uncategorized"],"_links":{"self":[{"href":"https:\/\/tvbrazilusa.com\/pt\/wp-json\/wp\/v2\/posts\/18370","targetHints":{"allow":["GET"]}}],"collection":[{"href":"https:\/\/tvbrazilusa.com\/pt\/wp-json\/wp\/v2\/posts"}],"about":[{"href":"https:\/\/tvbrazilusa.com\/pt\/wp-json\/wp\/v2\/types\/post"}],"author":[{"embeddable":true,"href":"https:\/\/tvbrazilusa.com\/pt\/wp-json\/wp\/v2\/users\/1"}],"replies":[{"embeddable":true,"href":"https:\/\/tvbrazilusa.com\/pt\/wp-json\/wp\/v2\/comments?post=18370"}],"version-history":[{"count":1,"href":"https:\/\/tvbrazilusa.com\/pt\/wp-json\/wp\/v2\/posts\/18370\/revisions"}],"predecessor-version":[{"id":18372,"href":"https:\/\/tvbrazilusa.com\/pt\/wp-json\/wp\/v2\/posts\/18370\/revisions\/18372"}],"wp:featuredmedia":[{"embeddable":true,"href":"https:\/\/tvbrazilusa.com\/pt\/wp-json\/wp\/v2\/media\/18371"}],"wp:attachment":[{"href":"https:\/\/tvbrazilusa.com\/pt\/wp-json\/wp\/v2\/media?parent=18370"}],"wp:term":[{"taxonomy":"category","embeddable":true,"href":"https:\/\/tvbrazilusa.com\/pt\/wp-json\/wp\/v2\/categories?post=18370"},{"taxonomy":"post_tag","embeddable":true,"href":"https:\/\/tvbrazilusa.com\/pt\/wp-json\/wp\/v2\/tags?post=18370"}],"curies":[{"name":"wp","href":"https:\/\/api.w.org\/{rel}","templated":true}]}}