{"id":18392,"date":"2024-08-06T20:01:32","date_gmt":"2024-08-06T20:01:32","guid":{"rendered":"https:\/\/tvbrazilusa.com\/2024\/08\/06\/homem-da-florida-e-procurado-por-vender-armas-para-criancas-o-que-levou-ao-tiroteio-de-um-garoto-de-13-anos-diz-policia\/"},"modified":"2024-08-06T20:09:19","modified_gmt":"2024-08-06T20:09:19","slug":"homem-da-florida-e-procurado-por-vender-armas-para-criancas-o-que-levou-ao-tiroteio-de-um-garoto-de-13-anos-diz-policia","status":"publish","type":"post","link":"https:\/\/tvbrazilusa.com\/pt\/2024\/08\/06\/homem-da-florida-e-procurado-por-vender-armas-para-criancas-o-que-levou-ao-tiroteio-de-um-garoto-de-13-anos-diz-policia\/","title":{"rendered":"Homem da Fl\u00f3rida \u00e9 procurado por vender armas para crian\u00e7as, o que levou ao tiroteio de um garoto de 13 anos, diz pol\u00edcia"},"content":{"rendered":"<script async src=\"https:\/\/pagead2.googlesyndication.com\/pagead\/js\/adsbygoogle.js?client=ca-pub-8864793242727901\"\r\n     crossorigin=\"anonymous\"><\/script>\n<div id=\"\">\n<p class=\"dist__Box-sc-1fnzlkn-0 dist__TextBase-sc-1fnzlkn-3 CGHCP htMUPQ article-text\"><strong>PORT ORANGE, Fl\u00f3rida.<\/strong> \u2013 Um homem da Fl\u00f3rida \u00e9 procurado ap\u00f3s um <a href=\"https:\/\/www.clickorlando.com\/news\/local\/2024\/07\/27\/13-year-old-boy-in-critical-condition-after-being-shot-in-port-orange-police-say\/\" target=\"_blank\" rel=\"noopener\">Menino de 13 anos foi baleado no m\u00eas passado<\/a>de acordo com o Departamento de Pol\u00edcia de Port Orange.<\/p>\n<p class=\"dist__Box-sc-1fnzlkn-0 dist__TextBase-sc-1fnzlkn-3 CGHCP htMUPQ article-text\">O tiroteio aconteceu na Creekwater Boulevard em 27 de julho. De acordo com os investigadores, o tiroteio pareceu ter sido um acidente.<\/p>\n<p class=\"dist__Box-sc-1fnzlkn-0 dist__TextBase-sc-1fnzlkn-3 CGHCP htMUPQ article-text\">Ap\u00f3s o tiroteio, a fam\u00edlia do menino disse que ele n\u00e3o sentia mais as pernas e que talvez nunca mais andasse.<\/p>\n<p class=\"dist__Box-sc-1fnzlkn-0 dist__TextBase-sc-1fnzlkn-3 CGHCP htMUPQ article-text\">Ap\u00f3s o ocorrido, os investigadores descobriram que o homem \u2014 identificado como Skylar Snyder, 18 anos \u2014 havia vendido duas armas de fogo para os menores envolvidos no tiroteio, uma das quais foi usada para atirar no garoto de 13 anos, segundo um comunicado da pol\u00edcia.<\/p>\n<figure class=\"dist__Box-sc-1fnzlkn-0 dist__StackBase-sc-1fnzlkn-7 kmaKPB lOECr full-width\" id=\"VTS2ZFRSJJFS5G6Q5UEPIUEFWM\"><figcaption class=\"dist__Box-sc-1fnzlkn-0 gIqPVR\"><span class=\"dist__Box-sc-1fnzlkn-0 dist__TextBase-sc-1fnzlkn-3 gUNunF\">Snyder \u00e9 acusado de vender duas armas de fogo aos menores envolvidos no tiroteio.<\/span><span class=\"dist__Box-sc-1fnzlkn-0 dist__TextBase-sc-1fnzlkn-3 iXosFQ\">  (Departamento de Pol\u00edcia de Port Orange)<\/span><\/figcaption><\/figure>\n<p class=\"dist__Box-sc-1fnzlkn-0 dist__TextBase-sc-1fnzlkn-3 CGHCP htMUPQ article-text\">Al\u00e9m disso, quatro armas de fogo separadas foram recuperadas de outros menores n\u00e3o relacionados ao tiroteio, acrescentaram os investigadores. Tr\u00eas dessas armas foram relatadas como roubadas.<\/p>\n<p class=\"dist__Box-sc-1fnzlkn-0 dist__TextBase-sc-1fnzlkn-3 CGHCP htMUPQ article-text\">Como resultado, Snyder enfrenta acusa\u00e7\u00f5es de tr\u00e1fico de propriedade roubada e duas acusa\u00e7\u00f5es de venda de arma de fogo a um menor.<\/p>\n<figure class=\"dist__Box-sc-1fnzlkn-0 dist__StackBase-sc-1fnzlkn-7 kmaKPB lOECr full-width\" id=\"GXJQX7QSDNALJM4GVMIIDUT3BM\"><figcaption class=\"dist__Box-sc-1fnzlkn-0 gIqPVR\"><span class=\"dist__Box-sc-1fnzlkn-0 dist__TextBase-sc-1fnzlkn-3 gUNunF\">A pol\u00edcia disse que tr\u00eas das armas de fogo recuperadas na investiga\u00e7\u00e3o foram relatadas como roubadas.<\/span><span class=\"dist__Box-sc-1fnzlkn-0 dist__TextBase-sc-1fnzlkn-3 iXosFQ\">  (Departamento de Pol\u00edcia de Port Orange)<\/span><\/figcaption><\/figure>\n<p class=\"dist__Box-sc-1fnzlkn-0 dist__TextBase-sc-1fnzlkn-3 CGHCP htMUPQ article-text\">Um mandado de pris\u00e3o foi emitido para Snyder.<\/p>\n<p class=\"dist__Box-sc-1fnzlkn-0 dist__TextBase-sc-1fnzlkn-3 CGHCP htMUPQ article-text\">Qualquer pessoa com informa\u00e7\u00f5es sobre o paradeiro de Snyder ou sobre o caso deve entrar em contato com a pol\u00edcia de Port Orange ou com o Crime Stoppers do Nordeste da Fl\u00f3rida pelo telefone 888-277-8477.<\/p>\n<hr class=\"dist__Box-sc-1fnzlkn-0 dist__BaseDivider-sc-1fnzlkn-8 NJMqq\"\/>\n<p class=\"dist__Box-sc-1fnzlkn-0 dist__TextBase-sc-1fnzlkn-3 CGHCP htMUPQ article-text\"><b>Receba as manchetes de hoje em minutos com <\/b><a href=\"https:\/\/podcasts.apple.com\/us\/podcast\/your-florida-daily\/id1632084191\"><b>Seu di\u00e1rio da Fl\u00f3rida<\/b><\/a><b>:<\/b><\/p>\n<\/div>\n<p>Copyright 2024 por WKMG ClickOrlando &#8211; Todos os direitos reservados.<\/p>\n<p><br \/>\n<br \/><a href=\"https:\/\/www.clickorlando.com\/news\/local\/2024\/08\/06\/florida-man-accused-of-selling-guns-to-children-leading-to-shooting-of-13-year-old\/\">Source link <\/a><\/p>","protected":false},"excerpt":{"rendered":"<p>PORT ORANGE, Fl\u00f3rida. \u2013 Um homem da Fl\u00f3rida \u00e9 procurado ap\u00f3s um Menino de 13 anos foi baleado no m\u00eas passadode acordo com o Departamento de Pol\u00edcia de Port Orange.&hellip;<\/p>","protected":false},"author":1,"featured_media":18393,"comment_status":"closed","ping_status":"open","sticky":false,"template":"","format":"standard","meta":{"content-type":"","footnotes":""},"categories":[1],"tags":[1519,2246,2720,2721],"class_list":["post-18392","post","type-post","status-publish","format-standard","has-post-thumbnail","hentry","category-uncategorized","tag-condado-de-volusia","tag-crime","tag-porto-orange","tag-tiroteio"],"_links":{"self":[{"href":"https:\/\/tvbrazilusa.com\/pt\/wp-json\/wp\/v2\/posts\/18392","targetHints":{"allow":["GET"]}}],"collection":[{"href":"https:\/\/tvbrazilusa.com\/pt\/wp-json\/wp\/v2\/posts"}],"about":[{"href":"https:\/\/tvbrazilusa.com\/pt\/wp-json\/wp\/v2\/types\/post"}],"author":[{"embeddable":true,"href":"https:\/\/tvbrazilusa.com\/pt\/wp-json\/wp\/v2\/users\/1"}],"replies":[{"embeddable":true,"href":"https:\/\/tvbrazilusa.com\/pt\/wp-json\/wp\/v2\/comments?post=18392"}],"version-history":[{"count":1,"href":"https:\/\/tvbrazilusa.com\/pt\/wp-json\/wp\/v2\/posts\/18392\/revisions"}],"predecessor-version":[{"id":18394,"href":"https:\/\/tvbrazilusa.com\/pt\/wp-json\/wp\/v2\/posts\/18392\/revisions\/18394"}],"wp:featuredmedia":[{"embeddable":true,"href":"https:\/\/tvbrazilusa.com\/pt\/wp-json\/wp\/v2\/media\/18393"}],"wp:attachment":[{"href":"https:\/\/tvbrazilusa.com\/pt\/wp-json\/wp\/v2\/media?parent=18392"}],"wp:term":[{"taxonomy":"category","embeddable":true,"href":"https:\/\/tvbrazilusa.com\/pt\/wp-json\/wp\/v2\/categories?post=18392"},{"taxonomy":"post_tag","embeddable":true,"href":"https:\/\/tvbrazilusa.com\/pt\/wp-json\/wp\/v2\/tags?post=18392"}],"curies":[{"name":"wp","href":"https:\/\/api.w.org\/{rel}","templated":true}]}}