{"id":18395,"date":"2024-08-06T19:59:10","date_gmt":"2024-08-06T19:59:10","guid":{"rendered":"https:\/\/tvbrazilusa.com\/2024\/08\/06\/homem-paquistanes-com-lacos-com-o-ira-e-acusado-de-conspiracao-para-realizar-assassinatos-politicos-em-solo-americano-wsvn-7news-noticias-de-miami-clima-esportes-fort-lauderdale\/"},"modified":"2024-08-06T20:11:28","modified_gmt":"2024-08-06T20:11:28","slug":"homem-paquistanes-com-lacos-com-o-ira-e-acusado-de-conspiracao-para-realizar-assassinatos-politicos-em-solo-americano-wsvn-7news-noticias-de-miami-clima-esportes-fort-lauderdale","status":"publish","type":"post","link":"https:\/\/tvbrazilusa.com\/pt\/2024\/08\/06\/homem-paquistanes-com-lacos-com-o-ira-e-acusado-de-conspiracao-para-realizar-assassinatos-politicos-em-solo-americano-wsvn-7news-noticias-de-miami-clima-esportes-fort-lauderdale\/","title":{"rendered":"Homem paquistan\u00eas com la\u00e7os com o Ir\u00e3 \u00e9 acusado de conspira\u00e7\u00e3o para realizar assassinatos pol\u00edticos em solo americano &#8211; WSVN 7News | Not\u00edcias de Miami, Clima, Esportes | Fort Lauderdale"},"content":{"rendered":"<p> <script async src=\"https:\/\/pagead2.googlesyndication.com\/pagead\/js\/adsbygoogle.js?client=ca-pub-8864793242727901\"\r\n     crossorigin=\"anonymous\"><\/script><br \/>\n<\/p>\n<div itemprop=\"articleBody\">\n<p>WASHINGTON (AP) \u2014 Um homem paquistan\u00eas supostamente ligado ao Ir\u00e3 foi acusado de conspirar para realizar assassinatos pol\u00edticos em solo americano, informou o Departamento de Justi\u00e7a na ter\u00e7a-feira.<\/p>\n<p>Promotores no Brooklyn anunciaram acusa\u00e7\u00f5es criminais contra Asif Merchant, acusando-o de viajar para Nova York para tentar contratar um assassino de aluguel para os assassinatos. O plano foi interrompido antes que pudesse ser executado.<\/p>\n<p>Documentos judiciais n\u00e3o identificam nenhum dos alvos em potencial, mas o caso foi revelado poucas semanas depois que autoridades dos EUA revelaram que uma amea\u00e7a \u00e0 vida de Donald Trump vinda do Ir\u00e3 motivou seguran\u00e7a adicional nos dias anteriores a um com\u00edcio na Pensilv\u00e2nia no m\u00eas passado, no qual Trump foi ferido por uma bala de atirador. O tiroteio, realizado por um homem de 20 anos da Pensilv\u00e2nia, n\u00e3o estava relacionado \u00e0 amea\u00e7a do Ir\u00e3.<\/p>\n<p>Autoridades dos EUA alertaram por anos sobre o desejo do Ir\u00e3 de vingar o assassinato de Qassem Soleimani, que liderou a For\u00e7a Quds do Corpo da Guarda Revolucion\u00e1ria Isl\u00e2mica Iraniana, em 2020. Esse ataque foi ordenado por Trump.<\/p>\n<p>O procurador-geral Merrick Garland disse em uma declara\u00e7\u00e3o: &#8220;O Departamento de Justi\u00e7a n\u00e3o poupar\u00e1 recursos para interromper e responsabilizar aqueles que tentarem executar a conspira\u00e7\u00e3o letal do Ir\u00e3 contra cidad\u00e3os americanos e n\u00e3o tolerar\u00e1 tentativas de um regime autorit\u00e1rio de atingir autoridades p\u00fablicas americanas e colocar em risco a seguran\u00e7a nacional dos Estados Unidos.&#8221;<\/p>\n<p><em>Copyright 2024 The Associated Press. Todos os direitos reservados. Este material n\u00e3o pode ser publicado, transmitido, reescrito ou redistribu\u00eddo.<\/em><\/p>\n<div class=\"wp-block-newsletter\">\n\t<strong class=\"wp-block-newsletter__title\">Inscreva-se em nossa Newsletter para receber as \u00faltimas not\u00edcias diretamente na sua caixa de entrada<\/strong><\/p>\n<\/div><\/div>\n<p><br \/>\n<br \/><a href=\"https:\/\/wsvn.com\/news\/politics\/pakistani-man-with-ties-to-iran-is-charged-in-plot-to-carry-out-political-assassinations-on-us-soil\/\">Source link <\/a><\/p>","protected":false},"excerpt":{"rendered":"<p>WASHINGTON (AP) \u2014 Um homem paquistan\u00eas supostamente ligado ao Ir\u00e3 foi acusado de conspirar para realizar assassinatos pol\u00edticos em solo americano, informou o Departamento de Justi\u00e7a na ter\u00e7a-feira. Promotores no&hellip;<\/p>","protected":false},"author":1,"featured_media":18396,"comment_status":"closed","ping_status":"open","sticky":false,"template":"","format":"standard","meta":{"content-type":"","footnotes":""},"categories":[1],"tags":[],"class_list":["post-18395","post","type-post","status-publish","format-standard","has-post-thumbnail","hentry","category-uncategorized"],"_links":{"self":[{"href":"https:\/\/tvbrazilusa.com\/pt\/wp-json\/wp\/v2\/posts\/18395","targetHints":{"allow":["GET"]}}],"collection":[{"href":"https:\/\/tvbrazilusa.com\/pt\/wp-json\/wp\/v2\/posts"}],"about":[{"href":"https:\/\/tvbrazilusa.com\/pt\/wp-json\/wp\/v2\/types\/post"}],"author":[{"embeddable":true,"href":"https:\/\/tvbrazilusa.com\/pt\/wp-json\/wp\/v2\/users\/1"}],"replies":[{"embeddable":true,"href":"https:\/\/tvbrazilusa.com\/pt\/wp-json\/wp\/v2\/comments?post=18395"}],"version-history":[{"count":1,"href":"https:\/\/tvbrazilusa.com\/pt\/wp-json\/wp\/v2\/posts\/18395\/revisions"}],"predecessor-version":[{"id":18397,"href":"https:\/\/tvbrazilusa.com\/pt\/wp-json\/wp\/v2\/posts\/18395\/revisions\/18397"}],"wp:featuredmedia":[{"embeddable":true,"href":"https:\/\/tvbrazilusa.com\/pt\/wp-json\/wp\/v2\/media\/18396"}],"wp:attachment":[{"href":"https:\/\/tvbrazilusa.com\/pt\/wp-json\/wp\/v2\/media?parent=18395"}],"wp:term":[{"taxonomy":"category","embeddable":true,"href":"https:\/\/tvbrazilusa.com\/pt\/wp-json\/wp\/v2\/categories?post=18395"},{"taxonomy":"post_tag","embeddable":true,"href":"https:\/\/tvbrazilusa.com\/pt\/wp-json\/wp\/v2\/tags?post=18395"}],"curies":[{"name":"wp","href":"https:\/\/api.w.org\/{rel}","templated":true}]}}