{"id":18401,"date":"2024-08-06T20:14:14","date_gmt":"2024-08-06T20:14:14","guid":{"rendered":"https:\/\/tvbrazilusa.com\/2024\/08\/06\/homem-paquistanes-com-ligacoes-ao-ira-e-acusado-de-conspirar-para-realizar-assassinatos-politicos-em-solo-americano\/"},"modified":"2024-08-06T20:21:56","modified_gmt":"2024-08-06T20:21:56","slug":"homem-paquistanes-com-ligacoes-ao-ira-e-acusado-de-conspirar-para-realizar-assassinatos-politicos-em-solo-americano","status":"publish","type":"post","link":"https:\/\/tvbrazilusa.com\/pt\/2024\/08\/06\/homem-paquistanes-com-ligacoes-ao-ira-e-acusado-de-conspirar-para-realizar-assassinatos-politicos-em-solo-americano\/","title":{"rendered":"Homem paquistan\u00eas com liga\u00e7\u00f5es ao Ir\u00e3 \u00e9 acusado de conspirar para realizar assassinatos pol\u00edticos em solo americano"},"content":{"rendered":"<script async src=\"https:\/\/pagead2.googlesyndication.com\/pagead\/js\/adsbygoogle.js?client=ca-pub-8864793242727901\"\r\n     crossorigin=\"anonymous\"><\/script>\n<div id=\"\">\n<p class=\"dist__Box-sc-1fnzlkn-0 dist__TextBase-sc-1fnzlkn-3 CGHCP htMUPQ article-text\"><strong>WASHINGTON<\/strong> \u2013 Um homem paquistan\u00eas supostamente ligado ao Ir\u00e3 foi acusado de conspira\u00e7\u00e3o para realizar assassinatos pol\u00edticos em solo americano, informou o Departamento de Justi\u00e7a na ter\u00e7a-feira, ao revelar o que autoridades dizem ser o mais recente plano de assassinato de aluguel para atingir figuras p\u00fablicas americanas.<\/p>\n<p class=\"dist__Box-sc-1fnzlkn-0 dist__TextBase-sc-1fnzlkn-3 CGHCP htMUPQ article-text\">Asif Merchant viajou para Nova York em abril com o prop\u00f3sito de contratar assassinos de aluguel, at\u00e9 mesmo pagando um adiantamento de US$ 5.000 para dois supostos assassinos que eram, na verdade, policiais disfar\u00e7ados. Ele foi preso no m\u00eas passado antes que pudesse deixar os EUA e o plano foi frustrado pelo FBI.<\/p>\n<p class=\"dist__Box-sc-1fnzlkn-0 dist__TextBase-sc-1fnzlkn-3 CGHCP htMUPQ article-text\">Os documentos judiciais n\u00e3o identificam nenhum dos alvos potenciais, mas o caso foi revelado apenas algumas semanas depois <a href=\"https:\/\/apnews.com\/article\/trump-attempted-assassination-iran-threat-secret-service-87f9a1e6e74c2ac18636334e9b2e03a3\">Autoridades dos EUA divulgaram<\/a> que uma amea\u00e7a em <a href=\"https:\/\/apnews.com\/hub\/donald-trump\">Donald Trump&#39;s<\/a> A vida no Ir\u00e3 motivou seguran\u00e7a adicional nos dias que antecederam um com\u00edcio na Pensilv\u00e2nia no m\u00eas passado, no qual Trump foi ferido por uma bala disparada por um atirador.<\/p>\n<p class=\"dist__Box-sc-1fnzlkn-0 dist__TextBase-sc-1fnzlkn-3 CGHCP htMUPQ article-text\">O tiroteio, realizado por um homem de 20 anos da Pensilv\u00e2nia, n\u00e3o estava relacionado \u00e0 amea\u00e7a do Ir\u00e3 e o caso tamb\u00e9m n\u00e3o tem conex\u00e3o com a tentativa de assassinato de Trump. Merchant foi preso em 12 de julho, um dia antes do com\u00edcio em que Trump foi baleado, e as instru\u00e7\u00f5es que os promotores dizem que ele deu aos homens que ele pensou que estava contratando eram para que os assassinatos ocorressem em agosto ou setembro \u2014 depois que ele tivesse deixado o pa\u00eds.<\/p>\n<p class=\"dist__Box-sc-1fnzlkn-0 dist__TextBase-sc-1fnzlkn-3 CGHCP htMUPQ article-text\">Autoridades federais identificaram Merchant como um cidad\u00e3o paquistan\u00eas que disse ter esposa e filhos no Ir\u00e3. Ele viajava frequentemente para o Ir\u00e3, S\u00edria e Iraque, disse o Departamento de Justi\u00e7a.<\/p>\n<p class=\"dist__Box-sc-1fnzlkn-0 dist__TextBase-sc-1fnzlkn-3 CGHCP htMUPQ article-text\">Autoridades dos EUA alertaram por anos sobre o desejo do Ir\u00e3 de vingar o assassinato de Qassem Soleimani, que liderou a For\u00e7a Quds do Corpo da Guarda Revolucion\u00e1ria Isl\u00e2mica Iraniana, em 2020. Esse ataque foi ordenado por Trump.<\/p>\n<p class=\"dist__Box-sc-1fnzlkn-0 dist__TextBase-sc-1fnzlkn-3 CGHCP htMUPQ article-text\">O procurador-geral Merrick Garland disse em uma declara\u00e7\u00e3o: &#8220;O Departamento de Justi\u00e7a n\u00e3o poupar\u00e1 recursos para interromper e responsabilizar aqueles que tentarem executar a conspira\u00e7\u00e3o letal do Ir\u00e3 contra cidad\u00e3os americanos e n\u00e3o tolerar\u00e1 tentativas de um regime autorit\u00e1rio de atingir autoridades p\u00fablicas americanas e colocar em risco a seguran\u00e7a nacional dos Estados Unidos.&#8221;<\/p>\n<\/div>\n<p>Copyright 2024 The Associated Press. Todos os direitos reservados. Este material n\u00e3o pode ser publicado, transmitido, reescrito ou redistribu\u00eddo sem permiss\u00e3o.<\/p>\n<p><br \/>\n<br \/><a href=\"https:\/\/www.clickorlando.com\/news\/politics\/2024\/08\/06\/pakistani-man-with-ties-to-iran-is-charged-in-plot-to-carry-out-political-assassinations-on-us-soil\/\">Source link <\/a><\/p>","protected":false},"excerpt":{"rendered":"<p>WASHINGTON \u2013 Um homem paquistan\u00eas supostamente ligado ao Ir\u00e3 foi acusado de conspira\u00e7\u00e3o para realizar assassinatos pol\u00edticos em solo americano, informou o Departamento de Justi\u00e7a na ter\u00e7a-feira, ao revelar o&hellip;<\/p>","protected":false},"author":1,"featured_media":18402,"comment_status":"closed","ping_status":"open","sticky":false,"template":"","format":"standard","meta":{"content-type":"","footnotes":""},"categories":[1],"tags":[1419,1411],"class_list":["post-18401","post","type-post","status-publish","format-standard","has-post-thumbnail","hentry","category-uncategorized","tag-noticias-do-mundo","tag-noticias-dos-eua"],"_links":{"self":[{"href":"https:\/\/tvbrazilusa.com\/pt\/wp-json\/wp\/v2\/posts\/18401","targetHints":{"allow":["GET"]}}],"collection":[{"href":"https:\/\/tvbrazilusa.com\/pt\/wp-json\/wp\/v2\/posts"}],"about":[{"href":"https:\/\/tvbrazilusa.com\/pt\/wp-json\/wp\/v2\/types\/post"}],"author":[{"embeddable":true,"href":"https:\/\/tvbrazilusa.com\/pt\/wp-json\/wp\/v2\/users\/1"}],"replies":[{"embeddable":true,"href":"https:\/\/tvbrazilusa.com\/pt\/wp-json\/wp\/v2\/comments?post=18401"}],"version-history":[{"count":1,"href":"https:\/\/tvbrazilusa.com\/pt\/wp-json\/wp\/v2\/posts\/18401\/revisions"}],"predecessor-version":[{"id":18403,"href":"https:\/\/tvbrazilusa.com\/pt\/wp-json\/wp\/v2\/posts\/18401\/revisions\/18403"}],"wp:featuredmedia":[{"embeddable":true,"href":"https:\/\/tvbrazilusa.com\/pt\/wp-json\/wp\/v2\/media\/18402"}],"wp:attachment":[{"href":"https:\/\/tvbrazilusa.com\/pt\/wp-json\/wp\/v2\/media?parent=18401"}],"wp:term":[{"taxonomy":"category","embeddable":true,"href":"https:\/\/tvbrazilusa.com\/pt\/wp-json\/wp\/v2\/categories?post=18401"},{"taxonomy":"post_tag","embeddable":true,"href":"https:\/\/tvbrazilusa.com\/pt\/wp-json\/wp\/v2\/tags?post=18401"}],"curies":[{"name":"wp","href":"https:\/\/api.w.org\/{rel}","templated":true}]}}