{"id":18413,"date":"2024-08-06T20:23:30","date_gmt":"2024-08-06T20:23:30","guid":{"rendered":"https:\/\/tvbrazilusa.com\/2024\/08\/06\/alguns-apoiadores-democratas-de-josh-shapiro-veem-uma-oportunidade-perdida-para-um-vice-presidente-judeu\/"},"modified":"2024-08-06T20:33:43","modified_gmt":"2024-08-06T20:33:43","slug":"alguns-apoiadores-democratas-de-josh-shapiro-veem-uma-oportunidade-perdida-para-um-vice-presidente-judeu","status":"publish","type":"post","link":"https:\/\/tvbrazilusa.com\/pt\/2024\/08\/06\/alguns-apoiadores-democratas-de-josh-shapiro-veem-uma-oportunidade-perdida-para-um-vice-presidente-judeu\/","title":{"rendered":"Alguns apoiadores democratas de Josh Shapiro veem uma oportunidade perdida para um vice-presidente judeu"},"content":{"rendered":"<script async src=\"https:\/\/pagead2.googlesyndication.com\/pagead\/js\/adsbygoogle.js?client=ca-pub-8864793242727901\"\r\n     crossorigin=\"anonymous\"><\/script>\n<div id=\"\">\n<p class=\"dist__Box-sc-1fnzlkn-0 dist__TextBase-sc-1fnzlkn-3 CGHCP htMUPQ article-text\"><strong>FILAD\u00c9LFIA<\/strong> \u2013 A escolha da vice-presidente Kamala Harris do governador de Minnesota, Tim Walz <a href=\"https:\/\/apnews.com\/article\/harris-running-mate-philadelphia-rally-multistate-tour-02c7ebce765deef0161708b29fe0069e\">como sua companheira de chapa<\/a> f\u00e3s decepcionados do governador da Pensilv\u00e2nia. <a href=\"https:\/\/apnews.com\/hub\/josh-shapiro\">Josh Shapiro<\/a>que foi um dos finalistas de Harris para o cargo e visto como algu\u00e9m que poderia ajudar os democratas a vencer em um importante estado indeciso e fazer hist\u00f3ria ao eleger o primeiro vice-presidente judeu.<\/p>\n<p class=\"dist__Box-sc-1fnzlkn-0 dist__TextBase-sc-1fnzlkn-3 CGHCP htMUPQ article-text\">Com seu hist\u00f3rico de vit\u00f3rias em tr\u00eas elei\u00e7\u00f5es estaduais na Pensilv\u00e2nia, Shapiro era visto como algu\u00e9m com apelo particular para eleitores moderados. Os 19 votos de seu estado no Col\u00e9gio Eleitoral t\u00eam sido cr\u00edticos para os candidatos que tentam atingir os 270 necess\u00e1rios para vencer.<\/p>\n<p class=\"dist__Box-sc-1fnzlkn-0 dist__TextBase-sc-1fnzlkn-3 CGHCP htMUPQ article-text\">Mas as mesmas coisas sobre Shapiro que <a href=\"https:\/\/apnews.com\/article\/harris-vp-shapiro-kelly-walz-beshear-pritzker-be228f0efdb87954769232a4fb0f4362\">apelou aos moderados<\/a> irritou alguns na esquerda de seu partido: seu apoio a um programa de vales-escola particulares e infraestrutura de g\u00e1s natural, bem como, particularmente, seu apoio \u00e0 guerra de Israel em Gaza ap\u00f3s o ataque do Hamas em 7 de outubro. <\/p>\n<p class=\"dist__Box-sc-1fnzlkn-0 dist__TextBase-sc-1fnzlkn-3 CGHCP htMUPQ article-text\">Alguns democratas lamentaram o que disseram ser uma oportunidade perdida ao ignorar Shapiro. Os republicanos, enquanto isso, tentaram pintar a escolha de Harris como uma afronta aos eleitores judeus, um eleitorado tradicionalmente democrata que o ex-presidente Donald Trump tentou cortejar na corrida deste ano. <\/p>\n<p class=\"dist__Box-sc-1fnzlkn-0 dist__TextBase-sc-1fnzlkn-3 CGHCP htMUPQ article-text\">\u201cEle n\u00e3o \u00e9 apenas excepcionalmente inteligente e capaz, mas, na minha opini\u00e3o, ele trouxe a matem\u00e1tica para o caminho de 270\u201d, disse Ryan Bizzarro, legislador estadual democrata de 38 anos de Erie, Pensilv\u00e2nia, sobre Shapiro.<\/p>\n<p class=\"dist__Box-sc-1fnzlkn-0 dist__TextBase-sc-1fnzlkn-3 CGHCP htMUPQ article-text\">Shapiro, em uma declara\u00e7\u00e3o na ter\u00e7a-feira ap\u00f3s Walz ser anunciado, disse que estava grato pela oportunidade de falar com Harris. Ele era esperado para aparecer na ter\u00e7a-feira \u00e0 noite em um com\u00edcio com a nova chapa democrata. <\/p>\n<p class=\"dist__Box-sc-1fnzlkn-0 dist__TextBase-sc-1fnzlkn-3 CGHCP htMUPQ article-text\">\u201cA vice-presidente Kamala Harris tem meu apoio entusiasmado \u2013 e sei que o governador Tim Walz \u00e9 uma adi\u00e7\u00e3o excepcionalmente forte \u00e0 chapa que ajudar\u00e1 Kamala a levar nosso pa\u00eds adiante\u201d, disse Shapiro.<\/p>\n<p class=\"dist__Box-sc-1fnzlkn-0 dist__TextBase-sc-1fnzlkn-3 CGHCP htMUPQ article-text\">Republicanos tentam tirar vantagem da n\u00e3o escolha de Shapiro<\/p>\n<p class=\"dist__Box-sc-1fnzlkn-0 dist__TextBase-sc-1fnzlkn-3 CGHCP htMUPQ article-text\">V\u00e1rios republicanos de destaque tentaram aproveitar a resist\u00eancia liberal que Shapiro enfrentou por sua posi\u00e7\u00e3o sobre Israel, sugerindo na ter\u00e7a-feira que Shapiro n\u00e3o foi escolhido como companheiro de chapa de Harris por causa de atitudes antissemitas no Partido Democrata. <\/p>\n<p class=\"dist__Box-sc-1fnzlkn-0 dist__TextBase-sc-1fnzlkn-3 CGHCP htMUPQ article-text\">Trump, o candidato republicano, foi duramente criticado por seu hist\u00f3rico de antissemitismo, principalmente por sua sugest\u00e3o de que havia &#8220;pessoas boas em ambos os lados&#8221; de uma marcha antissemita em Charlottesville, Virg\u00ednia, e seu jantar com o supremacista branco Nick Fuentes em sua resid\u00eancia em Mar-a-Lago em 2022. <\/p>\n<p class=\"dist__Box-sc-1fnzlkn-0 dist__TextBase-sc-1fnzlkn-3 CGHCP htMUPQ article-text\">O ex-presidente <a href=\"https:\/\/apnews.com\/article\/trump-harris-emhoff-jewish-voters-2024-election-3024bed25abf542d7133e1ad81d86165\">sugerido recentemente<\/a> Harris \u201cn\u00e3o gosta de judeus\u201d, embora seu marido, o segundo cavalheiro Doug Emhoff, seja judeu e pare\u00e7a concordar com um apresentador de r\u00e1dio que chamou Emhoff de \u201cjudeu de merda\u201d.<\/p>\n<p class=\"dist__Box-sc-1fnzlkn-0 dist__TextBase-sc-1fnzlkn-3 CGHCP htMUPQ article-text\">O senador de Ohio JD Vance, candidato republicano \u00e0 vice-presid\u00eancia, disse a rep\u00f3rteres na Filad\u00e9lfia na ter\u00e7a-feira que parecia que Harris n\u00e3o escolheu Shapiro porque os democratas temiam que &#8220;ativistas de base em seu partido n\u00e3o aceitassem um candidato judeu&#8221;.<\/p>\n<p class=\"dist__Box-sc-1fnzlkn-0 dist__TextBase-sc-1fnzlkn-3 CGHCP htMUPQ article-text\">O senador estadual de Michigan, Jeremy Moss, que \u00e9 judeu e apoiou Shapiro na chapa, elogiou Walz e criticou os republicanos por enquadrarem sua decis\u00e3o como uma afronta aos democratas judeus.<\/p>\n<p class=\"dist__Box-sc-1fnzlkn-0 dist__TextBase-sc-1fnzlkn-3 CGHCP htMUPQ article-text\">\u201cEu vi o discurso da direita dizendo que claramente n\u00e3o h\u00e1 espa\u00e7o para judeus na pol\u00edtica democrata\u201d, disse Moss. \u201cEu desafio qualquer um deles a nomear um \u00fanico governador judeu republicano ou um \u00fanico senador judeu republicano dos EUA. Eles n\u00e3o podem, porque n\u00e3o h\u00e1 nenhum.\u201d<\/p>\n<p class=\"dist__Box-sc-1fnzlkn-0 dist__TextBase-sc-1fnzlkn-3 CGHCP htMUPQ article-text\">O \u00faltimo senador republicano judeu foi o ex-senador Norm Coleman, de Minnesota, que deixou o cargo em 2009. O ex-governador republicano do Missouri, Eric Greitens, \u00e9 judeu, mas renunciou em 2018.<\/p>\n<p class=\"dist__Box-sc-1fnzlkn-0 dist__TextBase-sc-1fnzlkn-3 CGHCP htMUPQ article-text\">L\u00edderes \u00e1rabes americanos que alertaram publicamente contra a escolha de Shapiro rebateram alega\u00e7\u00f5es de que a oposi\u00e7\u00e3o se baseava na origem judaica do governador e disseram que suas posi\u00e7\u00f5es sobre Israel e declara\u00e7\u00f5es sobre protestos no campus iam mais longe do que as de outros candidatos, particularmente Walz.<\/p>\n<p class=\"dist__Box-sc-1fnzlkn-0 dist__TextBase-sc-1fnzlkn-3 CGHCP htMUPQ article-text\">Abdullah Hammoud, prefeito de Dearborn, Michigan, observou que a comunidade \u00e1rabe-americana votou majoritariamente em pol\u00edticos judeus no passado, apoiando o ex-deputado democrata Andy Levin e apoiando duas vezes o ex-candidato presidencial Bernie Sanders, senador independente de Vermont.<\/p>\n<p class=\"dist__Box-sc-1fnzlkn-0 dist__TextBase-sc-1fnzlkn-3 CGHCP htMUPQ article-text\">\u201cCertamente n\u00e3o \u00e9 antissemita criticar a posi\u00e7\u00e3o de algu\u00e9m sobre a pol\u00edtica israelense&#8221;, disse Hammoud. \u201cIsso \u00e9 chamado apenas de administra\u00e7\u00e3o e responsabilidade.\u201d <\/p>\n<p class=\"dist__Box-sc-1fnzlkn-0 dist__TextBase-sc-1fnzlkn-3 CGHCP htMUPQ article-text\">A maioria dos judeus americanos votam nos Democratas e ainda est\u00e3o prontos para apoiar a chapa Democrata, mesmo sem Shapiro.<\/p>\n<p class=\"dist__Box-sc-1fnzlkn-0 dist__TextBase-sc-1fnzlkn-3 CGHCP htMUPQ article-text\">Apenas 30% dos eleitores judeus apoiaram Trump em 2020, enquanto 69% apoiaram Biden, de acordo com a AP VoteCast, uma pesquisa abrangente do eleitorado. Isso fez dos eleitores judeus um dos grupos religiosos onde o apoio a Biden foi mais forte.<\/p>\n<p class=\"dist__Box-sc-1fnzlkn-0 dist__TextBase-sc-1fnzlkn-3 CGHCP htMUPQ article-text\">O Conselho Democr\u00e1tico Judaico da Am\u00e9rica, que realizou um com\u00edcio online para Harris na semana passada, emitiu uma declara\u00e7\u00e3o em apoio a Walz na ter\u00e7a-feira, chamando-o de &#8220;uma escolha excepcional&#8221; e observando que ele e Harris &#8220;se alinham com a vasta maioria dos eleitores judeus em todas as quest\u00f5es-chave, incluindo Israel e o antissemitismo&#8221;.<\/p>\n<p class=\"dist__Box-sc-1fnzlkn-0 dist__TextBase-sc-1fnzlkn-3 CGHCP htMUPQ article-text\">Shapiro continua sendo um trunfo democrata fundamental para a campanha deste ano<\/p>\n<p class=\"dist__Box-sc-1fnzlkn-0 dist__TextBase-sc-1fnzlkn-3 CGHCP htMUPQ article-text\">Shapiro \u00e9 um governador popular de primeiro mandato que h\u00e1 dois anos foi eleito em um estado de campo de batalha que \u00e9 visto como cr\u00edtico para o caminho dos democratas para ganhar a Casa Branca. O homem de 51 anos surgiu nos \u00faltimos dias como finalista na busca r\u00e1pida de Harris por um companheiro de chapa, ganhando f\u00e3s no partido por seu estilo de falar que evocava o ex-presidente Barack Obama.<\/p>\n<p class=\"dist__Box-sc-1fnzlkn-0 dist__TextBase-sc-1fnzlkn-3 CGHCP htMUPQ article-text\">Com sua experi\u00eancia como ex-procurador-geral do estado, assim como Harris, ele tamb\u00e9m se destacou por suas defesas contundentes da Casa Branca e cr\u00edticas a Trump.<\/p>\n<p class=\"dist__Box-sc-1fnzlkn-0 dist__TextBase-sc-1fnzlkn-3 CGHCP htMUPQ article-text\">Ele \u00e9 um firme defensor dos direitos ao aborto, mas tamb\u00e9m \u00e9 visto como moderado em pol\u00edticas energ\u00e9ticas, uma quest\u00e3o significativa em seu estado produtor de g\u00e1s natural.<\/p>\n<p class=\"dist__Box-sc-1fnzlkn-0 dist__TextBase-sc-1fnzlkn-3 CGHCP htMUPQ article-text\">Shapiro professou solidariedade a Israel em sua campanha para eliminar o Hamas e confrontou agressivamente o que ele viu como antissemitismo aparecendo em manifesta\u00e7\u00f5es pr\u00f3-palestinas. Nos \u00faltimos dias, o Philadelphia Inquirer relatou uma coluna que ele escreveu para seu jornal da faculdade dizendo que os palestinos eram &#8220;muito guerreiras&#8221; para coexistir com Israel.<\/p>\n<p class=\"dist__Box-sc-1fnzlkn-0 dist__TextBase-sc-1fnzlkn-3 CGHCP htMUPQ article-text\">Jonathan Sarna, professor de hist\u00f3ria judaica americana na Universidade Brandeis em Waltham, Massachusetts, disse que, \u00e0 medida que a oposi\u00e7\u00e3o a Shapiro sobre sua posi\u00e7\u00e3o sobre Israel se tornou mais vocal, \u201cde repente essa decis\u00e3o assumiu um novo significado\u201d.<\/p>\n<p class=\"dist__Box-sc-1fnzlkn-0 dist__TextBase-sc-1fnzlkn-3 CGHCP htMUPQ article-text\">Nathan Diament, diretor executivo de pol\u00edticas p\u00fablicas da Uni\u00e3o Ortodoxa, um grupo que re\u00fane judeus ortodoxos nos EUA, disse que &#8220;\u00e9 um pouco decepcionante&#8221; que um candidato judeu n\u00e3o esteja na chapa.<\/p>\n<p class=\"dist__Box-sc-1fnzlkn-0 dist__TextBase-sc-1fnzlkn-3 CGHCP htMUPQ article-text\">\u201cCertamente, teria sido emocionante se isso tivesse acontecido pela segunda vez\u201d, disse ele, referindo-se \u00e0 temporada de Joseph Lieberman com Al Gore em 2000.<\/p>\n<p class=\"dist__Box-sc-1fnzlkn-0 dist__TextBase-sc-1fnzlkn-3 CGHCP htMUPQ article-text\">Diament disse que ficou consternado com alguns dos ataques a Shapiro em um momento em que preocupa\u00e7\u00f5es sobre antissemitismo aumentaram na esteira da guerra Israel-Hamas. Ele argumentou que as declara\u00e7\u00f5es de Shapiro sobre Israel eram semelhantes \u00e0s de Biden, Harris e outros democratas.<\/p>\n<p class=\"dist__Box-sc-1fnzlkn-0 dist__TextBase-sc-1fnzlkn-3 CGHCP htMUPQ article-text\">\u201cObviamente, h\u00e1 muitos fatores que s\u00e3o perfeitamente leg\u00edtimos para Harris considerar ao decidir sobre sua companheira de chapa: fatores pol\u00edticos, qu\u00edmica pessoal ou outros\u201d, disse Diament. \u201cO que claramente n\u00e3o foi um fator leg\u00edtimo foi a campanha de difama\u00e7\u00e3o antissemita que algumas pessoas de extrema esquerda t\u00eam travado contra Josh Shapiro.\u201d<\/p>\n<p class=\"dist__Box-sc-1fnzlkn-0 dist__TextBase-sc-1fnzlkn-3 CGHCP htMUPQ article-text\">O senador estadual Sharif Street, da Filad\u00e9lfia, disse que os valores de Walz, incluindo sobre aborto e controle de armas, se alinham mais com os da Filad\u00e9lfia do que os de Vance ou Trump. E ele acredita que suas habilidades pol\u00edticas de varejo ajudar\u00e3o a levar o estado, mesmo sem Shapiro na chapa.<\/p>\n<p class=\"dist__Box-sc-1fnzlkn-0 dist__TextBase-sc-1fnzlkn-3 CGHCP htMUPQ article-text\">\u201cOlha, o governador Shapiro \u00e9 um astro do rock neste estado. As pessoas o amam\u201d, disse Street, presidente do Partido Democrata da Pensilv\u00e2nia e filho do ex-prefeito John Street.<\/p>\n<p class=\"dist__Box-sc-1fnzlkn-0 dist__TextBase-sc-1fnzlkn-3 CGHCP htMUPQ article-text\">\u201cMas ele ainda estar\u00e1 l\u00e1 fora fazendo campanha para essa chapa. Eles n\u00e3o perderam Josh Shapiro.\u201d<\/p>\n<p class=\"dist__Box-sc-1fnzlkn-0 dist__TextBase-sc-1fnzlkn-3 CGHCP htMUPQ article-text\">___<\/p>\n<p class=\"dist__Box-sc-1fnzlkn-0 dist__TextBase-sc-1fnzlkn-3 CGHCP htMUPQ article-text\">Os rep\u00f3rteres da Associated Press Tiffany Stanley em Washington, Peter Smith em Pittsburgh, Meg Kinnard na Filad\u00e9lfia e Joey Cappelletti em Lansing, Michigan, contribu\u00edram para esta reportagem.<\/p>\n<\/div>\n<p>Copyright 2024 The Associated Press. Todos os direitos reservados. Este material n\u00e3o pode ser publicado, transmitido, reescrito ou redistribu\u00eddo sem permiss\u00e3o.<\/p>\n<p><br \/>\n<br \/><a href=\"https:\/\/www.clickorlando.com\/news\/politics\/2024\/08\/06\/some-democratic-backers-of-josh-shapiro-see-a-missed-chance-for-a-jewish-vice-president\/\">Source link <\/a><\/p>","protected":false},"excerpt":{"rendered":"<p>FILAD\u00c9LFIA \u2013 A escolha da vice-presidente Kamala Harris do governador de Minnesota, Tim Walz como sua companheira de chapa f\u00e3s decepcionados do governador da Pensilv\u00e2nia. Josh Shapiroque foi um dos&hellip;<\/p>","protected":false},"author":1,"featured_media":18414,"comment_status":"closed","ping_status":"open","sticky":false,"template":"","format":"standard","meta":{"content-type":"","footnotes":""},"categories":[1],"tags":[1405,1404,1408,2497,1810,1190,1407,93,4593],"class_list":["post-18413","post","type-post","status-publish","format-standard","has-post-thumbnail","hentry","category-uncategorized","tag-donald-trump","tag-eleicao-presidencial-dos-estados-unidos-de-2024","tag-eleicoes","tag-j-d-vance","tag-josh-shapiro","tag-kamala-harris","tag-noticias-de-washington","tag-politica","tag-timothy-walz"],"_links":{"self":[{"href":"https:\/\/tvbrazilusa.com\/pt\/wp-json\/wp\/v2\/posts\/18413","targetHints":{"allow":["GET"]}}],"collection":[{"href":"https:\/\/tvbrazilusa.com\/pt\/wp-json\/wp\/v2\/posts"}],"about":[{"href":"https:\/\/tvbrazilusa.com\/pt\/wp-json\/wp\/v2\/types\/post"}],"author":[{"embeddable":true,"href":"https:\/\/tvbrazilusa.com\/pt\/wp-json\/wp\/v2\/users\/1"}],"replies":[{"embeddable":true,"href":"https:\/\/tvbrazilusa.com\/pt\/wp-json\/wp\/v2\/comments?post=18413"}],"version-history":[{"count":1,"href":"https:\/\/tvbrazilusa.com\/pt\/wp-json\/wp\/v2\/posts\/18413\/revisions"}],"predecessor-version":[{"id":18415,"href":"https:\/\/tvbrazilusa.com\/pt\/wp-json\/wp\/v2\/posts\/18413\/revisions\/18415"}],"wp:featuredmedia":[{"embeddable":true,"href":"https:\/\/tvbrazilusa.com\/pt\/wp-json\/wp\/v2\/media\/18414"}],"wp:attachment":[{"href":"https:\/\/tvbrazilusa.com\/pt\/wp-json\/wp\/v2\/media?parent=18413"}],"wp:term":[{"taxonomy":"category","embeddable":true,"href":"https:\/\/tvbrazilusa.com\/pt\/wp-json\/wp\/v2\/categories?post=18413"},{"taxonomy":"post_tag","embeddable":true,"href":"https:\/\/tvbrazilusa.com\/pt\/wp-json\/wp\/v2\/tags?post=18413"}],"curies":[{"name":"wp","href":"https:\/\/api.w.org\/{rel}","templated":true}]}}