{"id":18422,"date":"2024-08-06T20:39:23","date_gmt":"2024-08-06T20:39:23","guid":{"rendered":"https:\/\/tvbrazilusa.com\/2024\/08\/06\/stj-autoriza-retirada-de-tornozeleira-eletronica-de-alberto-youssef-pivo-da-lava-jato\/"},"modified":"2024-08-06T20:43:28","modified_gmt":"2024-08-06T20:43:28","slug":"stj-autoriza-retirada-de-tornozeleira-eletronica-de-alberto-youssef-pivo-da-lava-jato","status":"publish","type":"post","link":"https:\/\/tvbrazilusa.com\/pt\/2024\/08\/06\/stj-autoriza-retirada-de-tornozeleira-eletronica-de-alberto-youssef-pivo-da-lava-jato\/","title":{"rendered":"STJ autoriza retirada de tornozeleira eletr\u00f4nica de Alberto Youssef, piv\u00f4 da Lava Jato"},"content":{"rendered":"<p> <script async src=\"https:\/\/pagead2.googlesyndication.com\/pagead\/js\/adsbygoogle.js?client=ca-pub-8864793242727901\"\r\n     crossorigin=\"anonymous\"><\/script><br \/>\n<\/p>\n<div>\n<p><em>Foto: Valter Campanato\/Ag\u00eancia Brasil<\/em><\/p>\n<p>A Quinta Turma do Superior Tribunal de Justi\u00e7a (STJ) decidiu nesta ter\u00e7a-feira (6) permitir a retirada da tornozeleira eletr\u00f4nica do ex-doleiro Alberto Youssef. O monitoramento eletr\u00f4nico, que j\u00e1 durava mais de sete anos, foi considerado pelos ministros como um prazo \u201cmuito alongado\u201d. A decis\u00e3o teve como relator o ministro Messod Azulay Neto.<\/p>\n<p>Alberto Youssef, condenado por lavagem de dinheiro na Opera\u00e7\u00e3o Lava Jato, firmou um acordo de dela\u00e7\u00e3o premiada com o Minist\u00e9rio P\u00fablico Federal que previa o uso da tornozeleira por 27 anos. A tornozeleira era especialmente usada para garantir o recolhimento domiciliar nos fins de semana e feriados, conforme os termos do acordo.<\/p>\n<h2 class=\"wp-block-heading\">Decis\u00e3o do STJ sobre a Tornozeleira Eletr\u00f4nica<\/h2>\n<p>Durante a sess\u00e3o, os ministros determinaram que cabe ao juiz da execu\u00e7\u00e3o penal controlar o cumprimento da pena em regime aberto e supervisionar o acordo de colabora\u00e7\u00e3o. Com isso, o juiz poder\u00e1 estabelecer outras medidas necess\u00e1rias para assegurar o cumprimento da dela\u00e7\u00e3o e da pena.<\/p>\n<p>A maioria dos ministros acompanhou o voto do relator, Messod Azulay Neto, que argumentou que a manuten\u00e7\u00e3o da tornozeleira por um per\u00edodo t\u00e3o extenso ofende a dignidade humana. \u201c\u00c9 desproporcional, \u00e9 pior que pena de pris\u00e3o. Ningu\u00e9m pode usar tornozeleira eletr\u00f4nica por 20 anos\u201d, afirmou Messod.<\/p>\n<h2 class=\"wp-block-heading\">Opini\u00f5es Divergentes e Concordantes<\/h2>\n<p>Os ministros Joel Ilan Paciornik e Daniela Teixeira acompanharam o entendimento do relator, concordando que o uso prolongado da tornozeleira eletr\u00f4nica \u00e9 uma medida desproporcional e ofensiva \u00e0 dignidade humana. Por\u00e9m, houve opini\u00f5es divergentes na sess\u00e3o.<\/p>\n<p>O ministro Reynaldo Soares da Fonseca discordou, defendendo que o monitoramento eletr\u00f4nico n\u00e3o fere o sistema de progress\u00e3o penal nem agrava as condi\u00e7\u00f5es do regime aberto. Segundo ele, a medida \u00e9 uma garantia de cumprimento das condi\u00e7\u00f5es impostas pelo acordo de dela\u00e7\u00e3o premiada.<\/p>\n<h2 class=\"wp-block-heading\">Quais Medidas Alternativas Podem Ser Implementadas?<\/h2>\n<p>Com a decis\u00e3o de retirar a tornozeleira eletr\u00f4nica de Youssef, surge a quest\u00e3o sobre quais outras medidas podem ser adotadas para garantir o cumprimento da pena e do acordo de colabora\u00e7\u00e3o. O juiz respons\u00e1vel pela execu\u00e7\u00e3o penal dever\u00e1 avaliar alternativas adequadas.<\/p>\n<ul class=\"wp-block-list\">\n<li>Monitoramento por relat\u00f3rios peri\u00f3dicos<\/li>\n<li>Visitas domiciliares regulares<\/li>\n<li>Restri\u00e7\u00e3o de viagens sem autoriza\u00e7\u00e3o judicial<\/li>\n<\/ul>\n<p>\u00a0<\/p>\n<p>Essas medidas podem ser consideradas pelo juiz para assegurar que Youssef continue cumprindo os termos da dela\u00e7\u00e3o premiada enquanto permanece em regime aberto.<\/p>\n<h2 class=\"wp-block-heading\">Impacto da Decis\u00e3o na Opera\u00e7\u00e3o Lava Jato<\/h2>\n<p>A decis\u00e3o do STJ tem um impacto significativo na Opera\u00e7\u00e3o Lava Jato, que foi uma das maiores opera\u00e7\u00f5es de combate \u00e0 corrup\u00e7\u00e3o no Brasil. A retirada da tornozeleira pode ser vista como uma flexibiliza\u00e7\u00e3o nas medidas de monitoramento e cumprimento das penas dos colaboradores.<\/p>\n<p>\u00c9 importante observar como essa decis\u00e3o vai influenciar outros casos de dela\u00e7\u00e3o premiada e a postura do sistema judici\u00e1rio em rela\u00e7\u00e3o ao monitoramento eletr\u00f4nico de longa dura\u00e7\u00e3o.<\/p>\n<p>Assim, a decis\u00e3o estabelece que a continuidade do uso da tornozeleira eletr\u00f4nica de Youssef \u00e9 desnecess\u00e1ria, devendo o juiz respons\u00e1vel pela execu\u00e7\u00e3o penal avaliar outras medidas adequadas para garantir o cumprimento do acordo de dela\u00e7\u00e3o premiada e da pena imposta.<\/p>\n<p>Vamos aguardar os pr\u00f3ximos cap\u00edtulos dessa hist\u00f3ria e observar como essas medidas ser\u00e3o implementadas daqui para frente.<\/p>\n<\/p><\/div>\n<p><br \/>\n<br \/><a href=\"https:\/\/terrabrasilnoticias.com\/2024\/08\/stj-autoriza-retirada-de-tornozeleira-eletronica-de-alberto-youssef-pivo-da-lava-jato\/\">Source link <\/a><\/p>","protected":false},"excerpt":{"rendered":"<p>Foto: Valter Campanato\/Ag\u00eancia Brasil A Quinta Turma do Superior Tribunal de Justi\u00e7a (STJ) decidiu nesta ter\u00e7a-feira (6) permitir a retirada da tornozeleira eletr\u00f4nica do ex-doleiro Alberto Youssef. O monitoramento eletr\u00f4nico,&hellip;<\/p>","protected":false},"author":1,"featured_media":18423,"comment_status":"closed","ping_status":"open","sticky":false,"template":"","format":"standard","meta":{"content-type":"","footnotes":""},"categories":[16],"tags":[],"class_list":["post-18422","post","type-post","status-publish","format-standard","has-post-thumbnail","hentry","category-noticias"],"_links":{"self":[{"href":"https:\/\/tvbrazilusa.com\/pt\/wp-json\/wp\/v2\/posts\/18422","targetHints":{"allow":["GET"]}}],"collection":[{"href":"https:\/\/tvbrazilusa.com\/pt\/wp-json\/wp\/v2\/posts"}],"about":[{"href":"https:\/\/tvbrazilusa.com\/pt\/wp-json\/wp\/v2\/types\/post"}],"author":[{"embeddable":true,"href":"https:\/\/tvbrazilusa.com\/pt\/wp-json\/wp\/v2\/users\/1"}],"replies":[{"embeddable":true,"href":"https:\/\/tvbrazilusa.com\/pt\/wp-json\/wp\/v2\/comments?post=18422"}],"version-history":[{"count":1,"href":"https:\/\/tvbrazilusa.com\/pt\/wp-json\/wp\/v2\/posts\/18422\/revisions"}],"predecessor-version":[{"id":18424,"href":"https:\/\/tvbrazilusa.com\/pt\/wp-json\/wp\/v2\/posts\/18422\/revisions\/18424"}],"wp:featuredmedia":[{"embeddable":true,"href":"https:\/\/tvbrazilusa.com\/pt\/wp-json\/wp\/v2\/media\/18423"}],"wp:attachment":[{"href":"https:\/\/tvbrazilusa.com\/pt\/wp-json\/wp\/v2\/media?parent=18422"}],"wp:term":[{"taxonomy":"category","embeddable":true,"href":"https:\/\/tvbrazilusa.com\/pt\/wp-json\/wp\/v2\/categories?post=18422"},{"taxonomy":"post_tag","embeddable":true,"href":"https:\/\/tvbrazilusa.com\/pt\/wp-json\/wp\/v2\/tags?post=18422"}],"curies":[{"name":"wp","href":"https:\/\/api.w.org\/{rel}","templated":true}]}}