{"id":18431,"date":"2024-08-06T20:47:55","date_gmt":"2024-08-06T20:47:55","guid":{"rendered":"https:\/\/tvbrazilusa.com\/2024\/08\/06\/restos-de-turbina-eolica-de-vineyard-chegam-a-cape-cod\/"},"modified":"2024-08-06T20:49:02","modified_gmt":"2024-08-06T20:49:02","slug":"restos-de-turbina-eolica-de-vineyard-chegam-a-cape-cod","status":"publish","type":"post","link":"https:\/\/tvbrazilusa.com\/pt\/2024\/08\/06\/restos-de-turbina-eolica-de-vineyard-chegam-a-cape-cod\/","title":{"rendered":"Restos de turbina e\u00f3lica de Vineyard chegam a Cape Cod"},"content":{"rendered":"<p> <script async src=\"https:\/\/pagead2.googlesyndication.com\/pagead\/js\/adsbygoogle.js?client=ca-pub-8864793242727901\"\r\n     crossorigin=\"anonymous\"><\/script><br \/>\n<\/p>\n<div id=\"\">\n<header class=\"m-article-header m-article-header--standard\">\n\t\t\t\t\t\t\t\t\t\t\t\t<span id=\"article-header-primary-term\"><br \/>\n\t\t\t\t\t\t\t\t<a class=\"a-term a-term--primary\" href=\"https:\/\/www.boston.com\/tag\/local-news\/\"><\/p>\n<p>\t\t\t\t\t\t\t\tNot\u00edcias locais\t\t\t\t\t\t\t\t<\/a><br \/>\n\t\t\t\t\t\t\t<\/span><\/p>\n<h2 class=\"m-article-header__sub-headline\">Peda\u00e7os da l\u00e2mina danificada continuam caindo no oceano, sujando praias locais.<\/h2>\n<figure class=\"a-photo m-article-header__photo\"><figcaption class=\"a-photo__caption\">\n\t<em>  Eric Haynes<\/em>\t<\/figcaption><\/figure>\n<\/header>\n<p>Restos da turbina e\u00f3lica de Vineyard que falhou foram levados para a costa de Falmouth, disseram autoridades da cidade, semanas depois que uma l\u00e2mina quebrou e caiu no oceano. <\/p>\n<p>A turbina, fabricada pela GE Vernova e parte do projeto Vineyard Wind, falhou em 13 de julho. Os destro\u00e7os se espalharam pelas praias pr\u00f3ximas, <a href=\"https:\/\/www.boston.com\/news\/local-news\/2024\/07\/18\/nantucket-residents-are-outraged-after-debris-from-a-damaged-wind-turbine-riddles-their-beaches\/\">irritando os moradores<\/a> em Nantucket. <\/p>\n<p>A <a href=\"https:\/\/www.boston.com\/news\/local-news\/2024\/07\/24\/ge-cites-manufacturing-deviation-for-wind-turbine-failure-off-nantucket\/\">investiga\u00e7\u00e3o preliminar<\/a> pela GE descobriu que a falha foi devido a um desvio de fabrica\u00e7\u00e3o. <\/p>\n<p>Em um <a href=\"https:\/\/www.falmouthma.gov\/CivicAlerts.aspx?AID=1580\">declara\u00e7\u00e3o<\/a>Falmouth diz que encontrou o que acredita ser detritos de turbinas e\u00f3licas na \u00e1gua e na costa de Black Beach, Cahpoquoit Beach, Woodneck Beach e Old Silver Beach. <\/p>\n<p>Em um comunicado, a cidade diz que est\u00e1 monitorando ativamente a situa\u00e7\u00e3o e tomando medidas para remover os destro\u00e7os que foram levados para a costa, proteger a seguran\u00e7a p\u00fablica e responsabilizar a Vineyard Wind pelo custo da limpeza. <\/p>\n<p>A cidade disse que a Vineyard Wind enviar\u00e1 equipes de limpeza na ter\u00e7a-feira para remover os detritos da \u00e1gua e das praias. <\/p>\n<p>A turbina falhou no parque e\u00f3lico offshore da Vineyard Wind, cerca de 24 quil\u00f4metros ao sul de Nantucket e Martha&#39;s Vineyard. <\/p>\n<p>O Bureau de Seguran\u00e7a e Fiscaliza\u00e7\u00e3o Ambiental tem desde ent\u00e3o <a href=\"https:\/\/www.bsee.gov\/newsroom\/latest-news\/statements-and-releases\/press-releases\/bsee-statement-on-vineyard-wind\">ordenado<\/a> A Vineyard Wind interromper\u00e1 a produ\u00e7\u00e3o de energia at\u00e9 que possa determinar se outras turbinas podem ser afetadas. <\/p>\n<p>Um <a href=\"https:\/\/nantucket-ma.gov\/DocumentCenter\/View\/48366\/Vineyard-Wind-CSM---7-23-2024-FINAL-for-Distribution-PDF\">relat\u00f3rio de avalia\u00e7\u00e3o ambiental<\/a> conduzido pela Arcadis US diz que o principal risco da l\u00e2mina da turbina s\u00e3o ferimentos f\u00edsicos para aqueles que entram em contato com detritos, como fibra de vidro afiada em praias p\u00fablicas. <\/p>\n<p>O relat\u00f3rio diz que os materiais das l\u00e2minas s\u00e3o \u201cinertes, n\u00e3o sol\u00faveis, est\u00e1veis \u200b\u200be n\u00e3o t\u00f3xicos\u201d e semelhantes aos t\u00eaxteis usados \u200b\u200bna constru\u00e7\u00e3o de barcos e na ind\u00fastria da avia\u00e7\u00e3o. <\/p>\n<p>De acordo com <a href=\"https:\/\/nantucket-ma.gov\/3191\/Week-3-July-29---August-4\">atualiza\u00e7\u00f5es da cidade de Nantucket<\/a>partes da turbina danificada continuaram a cair no oceano. Na segunda-feira, v\u00e1rias se\u00e7\u00f5es da l\u00e2mina da turbina danificada se soltaram do cubo e afundaram no fundo do oceano. Pequenos peda\u00e7os de espuma dessa se\u00e7\u00e3o foram vistos flutuando na \u00e1gua. <\/p>\n<p>As equipes da Vineyard Wind ainda est\u00e3o procurando por restos de p\u00e1s usando embarca\u00e7\u00f5es no mar. <\/p>\n<p>Falmouth pede a qualquer um que observe espuma r\u00edgida ou detritos de fibra de vidro que possam ser da turbina Vineyard Wind que relatem a um salva-vidas. Se nenhum salva-vidas estiver de plant\u00e3o, os relat\u00f3rios podem ser enviados ao Falmouth Marine and Environmental Services Department em <a href=\"http:\/\/www.boston.com\/cdn-cgi\/l\/email-protection#0e636f7c67606f4e686f6263617b7a66636f20696178\"><span class=\"__cf_email__\" data-cfemail=\"bbd6dac9d2d5dafbdddad7d6d4cecfd3d6da95dcd4cd\">[email\u00a0protected]<\/span><\/a>. <\/p>\n<p>Al\u00e9m disso, a Vineyard Wind tem uma linha direta (833-609-5768).<\/p>\n<div class=\"m-block m-generic-cta\t m-generic-cta--post-content\t m-generic-cta--dark\t m-generic-cta--homepage\t m-generic-cta--email-signup\t\t m-generic-cta-block-style--default \tt-amp__generic-cta\"><\/p>\n<div class=\"m-generic-cta__wrap\">\n<div class=\"m-generic-cta__content\">\n<h3 class=\"m-generic-cta__title\">Inscri\u00e7\u00e3o no boletim informativo<\/h3>\n<p class=\"m-generic-cta__subtitle\">Fique por dentro das \u00faltimas not\u00edcias do Boston.com<\/p>\n<\/p><\/div>\n<\/p><\/div>\n<\/div><\/div>\n<p><script>\n\t\tvar consent=\"grant\";\n\t\t\/* The above code is parsing the JSON data from the local storage and storing it in a variable. *\/\n\t\t\t\t\tconst onetrustStorageConsent = JSON.parse(localStorage.getItem( 'consent_one_trust_bdc' ) );\n\t\t\tif ( ( onetrustStorageConsent !== null ) ) {\n\t\t\t\t\/* Checking to see if the user has consented to the use of cookies.\n\t\t\t\t* If they have not, it is deleting the cookie.\n\t\t\t\t* This will comment for now, until further notice.\n\t\t\t\t*\/\n\t\t\t\t\/\/if ( onetrustStorageConsent.C0002 === false ) {\n\t\t\t\t\/\/\tdocument.cookie=\"_fbp=;expires=Thu, 01 Jan 2010 00:00:00 UTC; path=\/; domain=.boston.com\";\n\t\t\t\t\/\/}\n\t\t\t\t\/* Checking if the user has given consent for the cookie C0002.\n\t\t\t\t* If the user has given consent, the variable consent will be set to 'grant'.\n\t\t\t\t* If the user has not given consent,the variable consent will be set to 'revoke'.\n\t\t\t\t* Documentation https:\/\/developers.facebook.com\/docs\/meta-pixel\/implementation\/gdpr\n\t\t\t\t*\/\n\t\t\t\tif ( onetrustStorageConsent.C0002 !== true ) {\n\t\t\t\t\tconsent=\"revoke\";\n\t\t\t\t}\n\t\t\t}\n\t\t\t\t!function(f,b,e,v,n,t,s)\n\t\t{if(f.fbq)return;n=f.fbq=function(){n.callMethod?\n\t\tn.callMethod.apply(n,arguments):n.queue.push(arguments)};\n\t\tif(!f._fbq)f._fbq=n;n.push=n;n.loaded=!0;n.version='2.0';\n\t\tn.queue=[];t=b.createElement(e);t.async=!0;\n\t\tt.src=v;s=b.getElementsByTagName(e)[0];\n\t\ts.parentNode.insertBefore(t,s)}(window, document,'script',\n\t\t'https:\/\/connect.facebook.net\/en_US\/fbevents.js');\n\t\tfbq('consent', consent);\n\t\tfbq('init', '989222871864976');\n\t\tfbq('track', 'PageView');\n\t<\/script><script type=\"module\">\n\t\tvar consent=\"grant\";\n\t\t\/* The above code is parsing the JSON data from the local storage and storing it in a variable. *\/\n\t\t\tconst onetrustStorageConsent = JSON.parse(localStorage.getItem( 'consent_one_trust_bdc' ) );\n\t\t\t\/* Checking to see if the user has consented to the use of cookies.\n\t\t\t* If they have not, it is deleting the cookie.\n\t\t\t* This will comment for now, until further notice.\n\t\t\t*\/\n\t\t\t\/\/if ( onetrustStorageConsent.C0002 === false ) {\n\t\t\t\/\/\tdocument.cookie=\"_fbp=;expires=Thu, 01 Jan 2010 00:00:00 UTC; path=\/; domain=.boston.com\";\n\t\t\t\/\/}\n\t\t\t\/* Checking if the user has given consent for the cookie C0002.\n\t\t\t* If the user has given consent, the variable consent will be set to 'grant'.\n\t\t\t* If the user has not given consent,the variable consent will be set to 'revoke'.\n\t\t\t* Documentation https:\/\/developers.facebook.com\/docs\/meta-pixel\/implementation\/gdpr\n\t\t\t*\/\n\t\t\tif ( ( onetrustStorageConsent !== null ) && (onetrustStorageConsent.C0002 !== true ) ) {\n\t\t\t\tconsent=\"revoke\";\n\t\t\t}\n\t\t\t\t!function(f,b,e,v,n,t,s){if(f.fbq)return;n=f.fbq=function()\n\t\t{n.callMethod? n.callMethod.apply(n,arguments):n.queue.push(arguments)}\n\t\t;if(!f._fbq)f._fbq=n;\n\t\tn.push=n;n.loaded=!0;n.version='2.0';n.queue=[];t=b.createElement(e);t.async=!0;\n\t\tt.src=v;s=b.getElementsByTagName(e)[0];s.parentNode.insertBefore(t,s)}(window,\n\t\tdocument,'script','https:\/\/connect.facebook.net\/en_US\/fbevents.js');\n\t\tfbq('consent', consent);\n\t\tfbq('init', '813236348753005');\n\t\tfbq('track', \"PageView\");\n\t<\/script><br \/>\n<br \/><br \/>\n<br \/><a href=\"https:\/\/www.boston.com\/news\/local-news\/2024\/08\/06\/vineyard-wind-turbine-debris-makes-it-to-cape-cod\/\">Source link <\/a><\/p>","protected":false},"excerpt":{"rendered":"<p>Not\u00edcias locais Peda\u00e7os da l\u00e2mina danificada continuam caindo no oceano, sujando praias locais. Eric Haynes Restos da turbina e\u00f3lica de Vineyard que falhou foram levados para a costa de Falmouth,&hellip;<\/p>","protected":false},"author":1,"featured_media":18432,"comment_status":"closed","ping_status":"open","sticky":false,"template":"","format":"standard","meta":{"content-type":"","footnotes":""},"categories":[1],"tags":[],"class_list":["post-18431","post","type-post","status-publish","format-standard","has-post-thumbnail","hentry","category-uncategorized"],"_links":{"self":[{"href":"https:\/\/tvbrazilusa.com\/pt\/wp-json\/wp\/v2\/posts\/18431","targetHints":{"allow":["GET"]}}],"collection":[{"href":"https:\/\/tvbrazilusa.com\/pt\/wp-json\/wp\/v2\/posts"}],"about":[{"href":"https:\/\/tvbrazilusa.com\/pt\/wp-json\/wp\/v2\/types\/post"}],"author":[{"embeddable":true,"href":"https:\/\/tvbrazilusa.com\/pt\/wp-json\/wp\/v2\/users\/1"}],"replies":[{"embeddable":true,"href":"https:\/\/tvbrazilusa.com\/pt\/wp-json\/wp\/v2\/comments?post=18431"}],"version-history":[{"count":1,"href":"https:\/\/tvbrazilusa.com\/pt\/wp-json\/wp\/v2\/posts\/18431\/revisions"}],"predecessor-version":[{"id":18433,"href":"https:\/\/tvbrazilusa.com\/pt\/wp-json\/wp\/v2\/posts\/18431\/revisions\/18433"}],"wp:featuredmedia":[{"embeddable":true,"href":"https:\/\/tvbrazilusa.com\/pt\/wp-json\/wp\/v2\/media\/18432"}],"wp:attachment":[{"href":"https:\/\/tvbrazilusa.com\/pt\/wp-json\/wp\/v2\/media?parent=18431"}],"wp:term":[{"taxonomy":"category","embeddable":true,"href":"https:\/\/tvbrazilusa.com\/pt\/wp-json\/wp\/v2\/categories?post=18431"},{"taxonomy":"post_tag","embeddable":true,"href":"https:\/\/tvbrazilusa.com\/pt\/wp-json\/wp\/v2\/tags?post=18431"}],"curies":[{"name":"wp","href":"https:\/\/api.w.org\/{rel}","templated":true}]}}