{"id":18478,"date":"2024-08-06T21:21:15","date_gmt":"2024-08-06T21:21:15","guid":{"rendered":"https:\/\/tvbrazilusa.com\/2024\/08\/06\/drake-maye-fara-sua-estreia-na-pre-temporada-na-quinta-feira-e-outras-conclusoes-do-11o-dia-do-acampamento-dos-patriots\/"},"modified":"2024-08-06T21:32:43","modified_gmt":"2024-08-06T21:32:43","slug":"drake-maye-fara-sua-estreia-na-pre-temporada-na-quinta-feira-e-outras-conclusoes-do-11o-dia-do-acampamento-dos-patriots","status":"publish","type":"post","link":"https:\/\/tvbrazilusa.com\/pt\/2024\/08\/06\/drake-maye-fara-sua-estreia-na-pre-temporada-na-quinta-feira-e-outras-conclusoes-do-11o-dia-do-acampamento-dos-patriots\/","title":{"rendered":"Drake Maye far\u00e1 sua estreia na pr\u00e9-temporada na quinta-feira, e outras conclus\u00f5es do 11\u00ba dia do acampamento dos Patriots"},"content":{"rendered":"<p> <script async src=\"https:\/\/pagead2.googlesyndication.com\/pagead\/js\/adsbygoogle.js?client=ca-pub-8864793242727901\"\r\n     crossorigin=\"anonymous\"><\/script><br \/>\n<\/p>\n<div id=\"\">\n<header class=\"m-article-header m-article-header--standard\">\n\t\t\t\t\t\t\t\t\t\t\t\t<span id=\"article-header-primary-term\"><br \/>\n\t\t\t\t\t\t\t\t<a class=\"a-term a-term--primary\" href=\"https:\/\/www.boston.com\/tag\/new-england-patriots\/\"><\/p>\n<p>\t\t\t\t\t\t\t\tPatriotas\t\t\t\t\t\t\t\t<\/a><br \/>\n\t\t\t\t\t\t\t<\/span><\/p>\n<h2 class=\"m-article-header__sub-headline\">Os planos para a estreia de Maye e outro treino perdido por Matthew Judon est\u00e3o entre as coisas que voc\u00ea precisa saber.<\/h2>\n<figure class=\"a-photo m-article-header__photo\"><figcaption class=\"a-photo__caption\">\n<p>\tDrake Maye \u00e9 um cantor e compositor.<em> Danielle Parhizkaran\/Equipe Globe<\/em>\t<\/figcaption><\/figure>\n<\/header>\n<div class=\"m-block t-amp__list-container m-article-list-container  m-article-list-container--frame-border a-border-frame  a-list-header__headline--red m-article-list--alternative--default  m-article-list--floated\">\n<ul class=\"t-amp__list a-list--no-style m-article-list m-article-list--recirculation m-article-list--has-images\">\n<li class=\"m-article-list__item m-article-list__item--featured\">\n\t\t\t\t<a class=\"m-article-list__link-wrapper\" href=\"https:\/\/www.boston.com\/sports\/new-england-patriots\/2024\/08\/06\/jerod-mayo-brandon-aiyuk-bill-belichick\/\" data-p1=\"article_recirc_inline_feature\"><br \/>\n\t\t\t\t<img fetchpriority=\"high\" decoding=\"async\" width=\"768\" height=\"432\" src=\"https:\/\/bdc2020.o0bc.com\/wp-content\/uploads\/2024\/08\/SLAY6UEY5WQOSY45H5HBGQW7XA-66b26dfa9ec79-768x432.jpg\" class=\"t-amp__list-image m-article-list__image m-article-list__image--full wp-post-image\" alt=\"\" aria-hidden=\"true\" srcset=\"https:\/\/bdc2020.o0bc.com\/wp-content\/uploads\/2024\/08\/SLAY6UEY5WQOSY45H5HBGQW7XA-66b26dfa9ec79-768x432.jpg?width=200 200w, https:\/\/bdc2020.o0bc.com\/wp-content\/uploads\/2024\/08\/SLAY6UEY5WQOSY45H5HBGQW7XA-66b26dfa9ec79-768x432.jpg?width=300 300w, https:\/\/bdc2020.o0bc.com\/wp-content\/uploads\/2024\/08\/SLAY6UEY5WQOSY45H5HBGQW7XA-66b26dfa9ec79-768x432.jpg?width=400 400w, https:\/\/bdc2020.o0bc.com\/wp-content\/uploads\/2024\/08\/SLAY6UEY5WQOSY45H5HBGQW7XA-66b26dfa9ec79-768x432.jpg?width=500 500w, https:\/\/bdc2020.o0bc.com\/wp-content\/uploads\/2024\/08\/SLAY6UEY5WQOSY45H5HBGQW7XA-66b26dfa9ec79-768x432.jpg?width=600 600w, https:\/\/bdc2020.o0bc.com\/wp-content\/uploads\/2024\/08\/SLAY6UEY5WQOSY45H5HBGQW7XA-66b26dfa9ec79-768x432.jpg?width=700 700w, https:\/\/bdc2020.o0bc.com\/wp-content\/uploads\/2024\/08\/SLAY6UEY5WQOSY45H5HBGQW7XA-66b26dfa9ec79-768x432.jpg?width=800 800w, https:\/\/bdc2020.o0bc.com\/wp-content\/uploads\/2024\/08\/SLAY6UEY5WQOSY45H5HBGQW7XA-66b26dfa9ec79-768x432.jpg?width=900 900w\" sizes=\"(max-width: 768px) 100vw, 768px\"\/>\t\t\t\t\t<\/p>\n<p><h4 class=\"m-article-list__headline t-amp__list-headline\">\n\t\t\t\t\t\t\t<span class=\"m-article-list__link a-link a-link--inline a-link--text-link a-link--text-link-dark\"><\/p>\n<p>\t\t\t\t\t\t\tJerod Mayo usou uma frase de Bill Belichick para calar as perguntas de Brandon Aiyuk\t\t\t\t\t\t\t<\/span><br \/>\n\t\t\t\t\t\t<\/h4>\n<\/p>\n<p>\t\t\t\t<\/a>\n\t\t\t<\/li>\n<li class=\"m-article-list__item\">\n\t\t\t\t\t\t<a class=\"m-article-list__link-wrapper\" href=\"https:\/\/www.boston.com\/sports\/nfl\/2024\/08\/06\/damar-hamlin-resume-football-near-death-experience\/\" data-p1=\"article_recirc_inline_feed\"><\/p>\n<p><h4 class=\"m-article-list__headline\">\n\t\t\t\t\t\t\t\t\t<span class=\"m-article-list__link a-link a-link--inline a-link--text-link a-link--text-link-dark\"><\/p>\n<p>\t\t\t\t\t\t\t\t\tDamar Hamlin diz que sua &#39;mente est\u00e1 livre&#39; um ano ap\u00f3s retomar o futebol ap\u00f3s experi\u00eancia de quase morte\t\t\t\t\t\t\t\t\t<\/span><br \/>\n\t\t\t\t\t\t\t\t<\/h4>\n<\/p>\n<p>\t\t\t\t\t\t<\/a>\n\t\t\t\t\t<\/li>\n<\/ul>\n<\/div>\n<p>O <a href=\"https:\/\/www.patriots.com\">Patriotas&#39; <\/a>O \u00faltimo treino antes da abertura da pr\u00e9-temporada contra a Carolina na quinta-feira foi encharcado e cheio de erros no in\u00edcio. <\/p>\n<p>O running back Kevin Harris sofreu um fumble, o quarterback Jacoby Brissett lidou com um snap ruim e o pass rush produziu v\u00e1rios sacks. <\/p>\n<p><a href=\"https:\/\/goheels.com\/sports\/football\/roster\/drake-maye\/24288\">Drake Maye<\/a> come\u00e7ou forte, mas teve dificuldades no final com uma sequ\u00eancia de 0-4 que incluiu uma intercepta\u00e7\u00e3o. <\/p>\n<p><a href=\"https:\/\/www.boston.com\/sports\/new-england-patriots\/2024\/08\/05\/matthew-judon-explains-why-he-left-practice-says-he-will-play-despite-contract-issues\/\">Mateus Judon<\/a> compareceu ao treino, mas n\u00e3o participou dos exerc\u00edcios do time. O t\u00e9cnico Jerod Mayo anunciou que planeja escalar todos os quarterbacks dos Patriots, incluindo Brissett e Maye, na quinta-feira. Finalmente, \u00e9 hora de ver os Patriots jogarem contra outro time. <\/p>\n<p>Aqui est\u00e3o cinco li\u00e7\u00f5es do 11\u00ba dia do acampamento de treinamento. <\/p>\n<h2 class=\"wp-block-heading\" id=\"h-brissett-will-start-maye-will-play-on-thursday\"><strong>Brissett ser\u00e1 titular, Maye jogar\u00e1 na quinta-feira<\/strong><\/h2>\n<p>Maye far\u00e1 sua estreia na pr\u00e9-temporada na quinta-feira, disse Mayo, que n\u00e3o quis entrar em detalhes sobre seus planos para o quarterback novato. <\/p>\n<p>\u201cDrake vai jogar, e quando ele entrar no jogo, falaremos sobre isso, mas ele vai jogar no jogo\u201d, disse Mayo. \u201cOlha, todos que est\u00e3o saud\u00e1veis \u200b\u200bo suficiente para jogar no jogo v\u00e3o jogar no jogo.\u201d<\/p>\n<p>Maye disse que planeja escalar Brissett e acrescentou que Joe Milton e Bailey Zappe tamb\u00e9m devem jogar. <\/p>\n<p>\u201cEnt\u00e3o, a partir de hoje, esse \u00e9 o plano, ter todos esses caras l\u00e1 fora jogando. Mais uma vez, voltamos \u00e0 competi\u00e7\u00e3o\u201d, disse Mayo. \u201cEnt\u00e3o, ontem, voc\u00eas viram o per\u00edodo de tackle ao vivo e coisas assim, que eu acho muito importante. Voc\u00ea n\u00e3o quer que na primeira vez esses caras tenham que ser atingidos ou atingir outra pessoa para estar no jogo da pr\u00e9-temporada. Ent\u00e3o, temos que ver o que esses caras podem fazer com a\u00e7\u00e3o ao vivo.\u201d<\/p>\n<h2 class=\"wp-block-heading\" id=\"h-two-great-throws-and-a-turnover-for-maye\"><strong>Dois grandes lan\u00e7amentos e uma virada para Maye<\/strong><\/h2>\n<p>Drake Maye lan\u00e7ou passes consecutivos em rotas de fade durante exerc\u00edcios de red zone que pareciam impressionantes. Primeiro ele acertou Kayshon Boutte para uma pontua\u00e7\u00e3o com cobertura apertada ao redor dele. <\/p>\n<p>Ele acertou Jaheim Bell no passe seguinte, embora seja poss\u00edvel argumentar que Bell teve um p\u00e9 fora do campo.<\/p>\n<p>Maye tamb\u00e9m teve um trecho no final do treino onde ele teve quatro erros seguidos \u2014 uma intercepta\u00e7\u00e3o que quicou nas m\u00e3os do novato defensive back Marcellas Dial seguida por tr\u00eas intercepta\u00e7\u00f5es consecutivas. Maye terminou 7-14.<\/p>\n<h2 class=\"wp-block-heading\" id=\"h-judon-sits-out\"><strong>Judon fica de fora<\/strong><\/h2>\n<p>Matthew Judon n\u00e3o estava ativo durante os treinos da equipe. Ele estava na linha lateral vestindo uma camisa e cal\u00e7as de moletom, mas sem capacete. <\/p>\n<p>Apesar da insatisfa\u00e7\u00e3o de Judon com seu contrato, Mayo disse antes do treino que acreditava que ambos os lados estavam prontos para seguir em frente.<\/p>\n<p>\u201cOlha, foi um solu\u00e7o\u201d, disse Mayo. \u201cE sinto que estamos na mesma p\u00e1gina e estamos avan\u00e7ando.\u201d <\/p>\n<p>Judon perdeu dois treinos na semana passada, mas participou de tr\u00eas treinos seguidos antes de ficar de fora na ter\u00e7a-feira. <\/p>\n<h2 class=\"wp-block-heading\" id=\"h-play-of-the-day-jacoby-brissett-to-javon-baker\"><strong>Jogada do dia: Jacoby Brissett para Javon Baker <\/strong><\/h2>\n<p>Jacoby Brissett lan\u00e7ou um passe com muita for\u00e7a em dire\u00e7\u00e3o a Javon Baker, que se esticou para fazer uma recep\u00e7\u00e3o para touchdown com as duas m\u00e3os durante 11 contra 11. <\/p>\n<p>Foi apenas a mais recente de v\u00e1rias capturas dignas de destaque durante este acampamento da quarta escolha da UCF.<\/p>\n<p>\u201cEle \u00e9 um matador suave, n\u00e3o vou mentir\u201d, disse o cornerback Isaiah Bolden. \u201cEle \u00e9 suave, gosto do jogo dele, ele \u00e9 muito astuto. Ele vai ser \u00f3timo. Adoro enfrent\u00e1-lo. Ele tem um pouco de arrog\u00e2ncia. Caras assim, voc\u00ea adora enfrent\u00e1-los.\u201d <\/p>\n<p>Al\u00e9m do touchdown para Baker, Brissett acertou KJ Osborn profundamente em uma rota de post para um ganho enorme. Ele encontrou Reagor na end zone durante o per\u00edodo da red zone. Ele teve sua cota de lan\u00e7amentos que foram muito baixos ou muito altos, mas nada muito custoso. <\/p>\n<p>Ele terminou com 13 de 19, al\u00e9m do snap estragado. <\/p>\n<h2 class=\"wp-block-heading\" id=\"h-thornton-working-through-soft-tissue-issue\"><strong>Thornton trabalhando em problema de tecido mole <\/strong><\/h2>\n<p>Tyquan Thornton disse que est\u00e1 se recuperando de uma les\u00e3o nos tecidos moles que limitou sua participa\u00e7\u00e3o nos \u00faltimos treinos.<\/p>\n<p>\u201cDefinitivamente me sentindo bem\u201d, disse Thornton. \u201cMeio que me monitorando agora e feliz por estar de volta l\u00e1 fora com certeza.\u201d <\/p>\n<p>Thornton, que foi uma escolha de segunda rodada em 2022, diz que est\u00e1 ansioso para provar que seus c\u00e9ticos est\u00e3o errados. Ele tem 35 recep\u00e7\u00f5es para 338 jardas e dois touchdowns em duas temporadas com os Patriots, durante as quais perdeu uma quantidade consider\u00e1vel de tempo devido a les\u00f5es. <\/p>\n<p>\u201cIsso definitivamente alimenta essa fome\u201d, disse Thornton. \u201cDois anos depois, basicamente n\u00e3o fiz nada, ent\u00e3o no Ano 3 eu definitivamente quero ir l\u00e1 e fazer o bem.\u201d<\/p>\n<div class=\"m-block m-generic-cta\t m-generic-cta--post-content\t m-generic-cta--dark\t m-generic-cta--homepage\t m-generic-cta--email-signup\t\t m-generic-cta-block-style--default \tt-amp__generic-cta\"><\/p>\n<div class=\"m-generic-cta__wrap\">\n<div class=\"m-generic-cta__content\">\n<h3 class=\"m-generic-cta__title\">Inscreva-se para receber atualiza\u00e7\u00f5es dos Patriots\ud83c\udfc8<\/h3>\n<p class=\"m-generic-cta__subtitle\">Receba not\u00edcias de \u00faltima hora e an\u00e1lises na sua caixa de entrada durante a temporada de futebol.<\/p>\n<\/p><\/div>\n<\/p><\/div>\n<\/div><\/div>\n<p><script>\n\t\tvar consent=\"grant\";\n\t\t\/* The above code is parsing the JSON data from the local storage and storing it in a variable. *\/\n\t\t\t\t\tconst onetrustStorageConsent = JSON.parse(localStorage.getItem( 'consent_one_trust_bdc' ) );\n\t\t\tif ( ( onetrustStorageConsent !== null ) ) {\n\t\t\t\t\/* Checking to see if the user has consented to the use of cookies.\n\t\t\t\t* If they have not, it is deleting the cookie.\n\t\t\t\t* This will comment for now, until further notice.\n\t\t\t\t*\/\n\t\t\t\t\/\/if ( onetrustStorageConsent.C0002 === false ) {\n\t\t\t\t\/\/\tdocument.cookie=\"_fbp=;expires=Thu, 01 Jan 2010 00:00:00 UTC; path=\/; domain=.boston.com\";\n\t\t\t\t\/\/}\n\t\t\t\t\/* Checking if the user has given consent for the cookie C0002.\n\t\t\t\t* If the user has given consent, the variable consent will be set to 'grant'.\n\t\t\t\t* If the user has not given consent,the variable consent will be set to 'revoke'.\n\t\t\t\t* Documentation https:\/\/developers.facebook.com\/docs\/meta-pixel\/implementation\/gdpr\n\t\t\t\t*\/\n\t\t\t\tif ( onetrustStorageConsent.C0002 !== true ) {\n\t\t\t\t\tconsent=\"revoke\";\n\t\t\t\t}\n\t\t\t}\n\t\t\t\t!function(f,b,e,v,n,t,s)\n\t\t{if(f.fbq)return;n=f.fbq=function(){n.callMethod?\n\t\tn.callMethod.apply(n,arguments):n.queue.push(arguments)};\n\t\tif(!f._fbq)f._fbq=n;n.push=n;n.loaded=!0;n.version='2.0';\n\t\tn.queue=[];t=b.createElement(e);t.async=!0;\n\t\tt.src=v;s=b.getElementsByTagName(e)[0];\n\t\ts.parentNode.insertBefore(t,s)}(window, document,'script',\n\t\t'https:\/\/connect.facebook.net\/en_US\/fbevents.js');\n\t\tfbq('consent', consent);\n\t\tfbq('init', '989222871864976');\n\t\tfbq('track', 'PageView');\n\t<\/script><script type=\"module\">\n\t\tvar consent=\"grant\";\n\t\t\/* The above code is parsing the JSON data from the local storage and storing it in a variable. *\/\n\t\t\tconst onetrustStorageConsent = JSON.parse(localStorage.getItem( 'consent_one_trust_bdc' ) );\n\t\t\t\/* Checking to see if the user has consented to the use of cookies.\n\t\t\t* If they have not, it is deleting the cookie.\n\t\t\t* This will comment for now, until further notice.\n\t\t\t*\/\n\t\t\t\/\/if ( onetrustStorageConsent.C0002 === false ) {\n\t\t\t\/\/\tdocument.cookie=\"_fbp=;expires=Thu, 01 Jan 2010 00:00:00 UTC; path=\/; domain=.boston.com\";\n\t\t\t\/\/}\n\t\t\t\/* Checking if the user has given consent for the cookie C0002.\n\t\t\t* If the user has given consent, the variable consent will be set to 'grant'.\n\t\t\t* If the user has not given consent,the variable consent will be set to 'revoke'.\n\t\t\t* Documentation https:\/\/developers.facebook.com\/docs\/meta-pixel\/implementation\/gdpr\n\t\t\t*\/\n\t\t\tif ( ( onetrustStorageConsent !== null ) && (onetrustStorageConsent.C0002 !== true ) ) {\n\t\t\t\tconsent=\"revoke\";\n\t\t\t}\n\t\t\t\t!function(f,b,e,v,n,t,s){if(f.fbq)return;n=f.fbq=function()\n\t\t{n.callMethod? n.callMethod.apply(n,arguments):n.queue.push(arguments)}\n\t\t;if(!f._fbq)f._fbq=n;\n\t\tn.push=n;n.loaded=!0;n.version='2.0';n.queue=[];t=b.createElement(e);t.async=!0;\n\t\tt.src=v;s=b.getElementsByTagName(e)[0];s.parentNode.insertBefore(t,s)}(window,\n\t\tdocument,'script','https:\/\/connect.facebook.net\/en_US\/fbevents.js');\n\t\tfbq('consent', consent);\n\t\tfbq('init', '813236348753005');\n\t\tfbq('track', \"PageView\");\n\t<\/script><br \/>\n<br \/><br \/>\n<br \/><a href=\"https:\/\/www.boston.com\/sports\/new-england-patriots\/2024\/08\/06\/drake-made-preseason-debut-jerod-mayo-patriots-comments\/\">Source link <\/a><\/p>","protected":false},"excerpt":{"rendered":"<p>Patriotas Os planos para a estreia de Maye e outro treino perdido por Matthew Judon est\u00e3o entre as coisas que voc\u00ea precisa saber. Drake Maye \u00e9 um cantor e compositor.&hellip;<\/p>","protected":false},"author":1,"featured_media":18479,"comment_status":"closed","ping_status":"open","sticky":false,"template":"","format":"standard","meta":{"content-type":"","footnotes":""},"categories":[1],"tags":[],"class_list":["post-18478","post","type-post","status-publish","format-standard","has-post-thumbnail","hentry","category-uncategorized"],"_links":{"self":[{"href":"https:\/\/tvbrazilusa.com\/pt\/wp-json\/wp\/v2\/posts\/18478","targetHints":{"allow":["GET"]}}],"collection":[{"href":"https:\/\/tvbrazilusa.com\/pt\/wp-json\/wp\/v2\/posts"}],"about":[{"href":"https:\/\/tvbrazilusa.com\/pt\/wp-json\/wp\/v2\/types\/post"}],"author":[{"embeddable":true,"href":"https:\/\/tvbrazilusa.com\/pt\/wp-json\/wp\/v2\/users\/1"}],"replies":[{"embeddable":true,"href":"https:\/\/tvbrazilusa.com\/pt\/wp-json\/wp\/v2\/comments?post=18478"}],"version-history":[{"count":1,"href":"https:\/\/tvbrazilusa.com\/pt\/wp-json\/wp\/v2\/posts\/18478\/revisions"}],"predecessor-version":[{"id":18480,"href":"https:\/\/tvbrazilusa.com\/pt\/wp-json\/wp\/v2\/posts\/18478\/revisions\/18480"}],"wp:featuredmedia":[{"embeddable":true,"href":"https:\/\/tvbrazilusa.com\/pt\/wp-json\/wp\/v2\/media\/18479"}],"wp:attachment":[{"href":"https:\/\/tvbrazilusa.com\/pt\/wp-json\/wp\/v2\/media?parent=18478"}],"wp:term":[{"taxonomy":"category","embeddable":true,"href":"https:\/\/tvbrazilusa.com\/pt\/wp-json\/wp\/v2\/categories?post=18478"},{"taxonomy":"post_tag","embeddable":true,"href":"https:\/\/tvbrazilusa.com\/pt\/wp-json\/wp\/v2\/tags?post=18478"}],"curies":[{"name":"wp","href":"https:\/\/api.w.org\/{rel}","templated":true}]}}