{"id":18497,"date":"2024-08-06T21:39:33","date_gmt":"2024-08-06T21:39:33","guid":{"rendered":"https:\/\/tvbrazilusa.com\/2024\/08\/06\/homem-fica-com-cabeca-deformada-apos-pintar-o-cabelo-veja\/"},"modified":"2024-08-06T21:52:07","modified_gmt":"2024-08-06T21:52:07","slug":"homem-fica-com-cabeca-deformada-apos-pintar-o-cabelo-veja","status":"publish","type":"post","link":"https:\/\/tvbrazilusa.com\/pt\/2024\/08\/06\/homem-fica-com-cabeca-deformada-apos-pintar-o-cabelo-veja\/","title":{"rendered":"Homem fica com cabe\u00e7a deformada ap\u00f3s pintar o cabelo; veja"},"content":{"rendered":"<p> <script async src=\"https:\/\/pagead2.googlesyndication.com\/pagead\/js\/adsbygoogle.js?client=ca-pub-8864793242727901\"\r\n     crossorigin=\"anonymous\"><\/script><br \/>\n<\/p>\n<div>\n<p><em>Foto: Reprodu\u00e7\u00e3o\/TikTok<\/em><\/p>\n<p><strong>Ryan Brigg<\/strong>, morador de Lancashire, na Inglaterra, descobriu da pior maneira poss\u00edvel que \u00e9 al\u00e9rgico \u00e0 <strong>parafenilenodiamina (PPD)<\/strong>, um composto qu\u00edmico comum em tintas de cabelo. O incidente ocorreu ap\u00f3s ele utilizar uma tintura sem realizar o teste de alergia recomend\u00e1vel.<\/p>\n<p>Aos 27 anos, <strong>Ryan<\/strong> passou por uma experi\u00eancia assustadora. Ele narra que, ap\u00f3s aplicar a tinta, sentiu uma leve queima\u00e7\u00e3o, mas n\u00e3o se preocupou muito e foi dormir. No entanto, ao acordar, notou uma erup\u00e7\u00e3o cut\u00e2nea escamosa e, em poucas horas, sua cabe\u00e7a inchou significativamente.<\/p>\n<h2 class=\"wp-block-heading\">Entenda a Rea\u00e7\u00e3o Al\u00e9rgica \u00e0 Parafenilenodiamina (PPD)<\/h2>\n<p>No dia seguinte ao uso da tinta, a condi\u00e7\u00e3o de Ryan piorou a ponto de assustar seus familiares. Apenas um de seus olhos conseguia abrir completamente, o que levou \u00e0 decis\u00e3o de chamar uma ambul\u00e2ncia. Ao chegar ao hospital, foi diagnosticado com uma severa <strong>alergia \u00e0 PPD<\/strong>.<\/p>\n<p>Os m\u00e9dicos explicaram que a situa\u00e7\u00e3o poderia ter sido ainda mais grave se o incha\u00e7o tivesse se estendido at\u00e9 seu pesco\u00e7o, pois isso poderia obstruir suas vias respirat\u00f3rias, tornando o caso potencialmente fatal.<\/p>\n<h2 class=\"wp-block-heading\">O Que \u00e9 a Parafenilenodiamina (PPD)?<\/h2>\n<p>A <strong>parafenilenodiamina (PPD)<\/strong> \u00e9 um composto qu\u00edmico comumente encontrado em tinturas de cabelo, tintas de tatuagem tempor\u00e1ria, e at\u00e9 em alguns produtos de cosm\u00e9tica. Ela \u00e9 conhecida por sua capacidade de proporcionar cores duradouras e intensas, o que a torna popular, apesar dos riscos associados.<\/p>\n<p>De acordo com dermatologistas, a PPD \u00e9 um dos al\u00e9rgenos mais fortes entre os produtos de cuidados pessoais. As rea\u00e7\u00f5es podem variar de leves coceiras a inflam\u00e7\u00f5es consider\u00e1veis, como ocorreu com <strong>Ryan Brigg<\/strong>.<\/p>\n<h2 class=\"wp-block-heading\">Como Prevenir Rea\u00e7\u00f5es Al\u00e9rgicas a Tintas de Cabelo?<\/h2>\n<p>Se voc\u00ea deseja colorir seu cabelo, \u00e9 importante adotar algumas medidas para evitar rea\u00e7\u00f5es adversas:<\/p>\n<ul class=\"wp-block-list\">\n<li><strong>Teste Al\u00e9rgico:<\/strong> Sempre realize um teste de alergia 48 horas antes de usar qualquer nova tintura.<\/li>\n<li><strong>Leia os Ingredientes:<\/strong> Verifique os componentes da tinta e procure evitar produtos que contenham PPD.<\/li>\n<li><strong>Produtos Naturais:<\/strong> Opte por tinturas de cabelo com f\u00f3rmulas mais naturais e menos agressivas.\u00a0<\/li>\n<li><strong>Consulte um Profissional:<\/strong> Se for sua primeira vez, considere ir a um sal\u00e3o especializado que possa garantir um processo seguro.<\/li>\n<\/ul>\n<p>\u00a0<\/p>\n<h2 class=\"wp-block-heading\">Por que \u00e9 Importante Testar Produtos Cosm\u00e9ticos?<\/h2>\n<p>Testar produtos cosm\u00e9ticos antes de us\u00e1-los \u00e9 uma medida de seguran\u00e7a crucial. A pele \u00e9 o maior \u00f3rg\u00e3o do corpo e bastante suscet\u00edvel a rea\u00e7\u00f5es qu\u00edmicas. A exemplo de <strong>Ryan Brigg<\/strong>, ignorar essa pr\u00e1tica pode resultar em consequ\u00eancias s\u00e9rias e externas, com riscos \u00e0 sa\u00fade.<\/p>\n<p>Al\u00e9m das tintas de cabelo, outros produtos como maquiagens, cremes e perfumes tamb\u00e9m podem conter al\u00e9rgenos desconhecidos. A realiza\u00e7\u00e3o de testes pode prevenir desconfortos e evitar situa\u00e7\u00f5es de emerg\u00eancia, como foi o caso de Ryan.<\/p>\n<p>Portanto, \u00e9 sempre prudente ter cautela ao introduzir novos produtos em sua rotina. Um simples teste pode fazer toda a diferen\u00e7a entre uma experi\u00eancia segura e uma perigosamente inesperada.<\/p>\n<\/p><\/div>\n<p><br \/>\n<br \/><a href=\"https:\/\/terrabrasilnoticias.com\/2024\/08\/homem-fica-com-cabeca-deformada-apos-pintar-o-cabelo-veja\/\">Source link <\/a><\/p>","protected":false},"excerpt":{"rendered":"<p>Foto: Reprodu\u00e7\u00e3o\/TikTok Ryan Brigg, morador de Lancashire, na Inglaterra, descobriu da pior maneira poss\u00edvel que \u00e9 al\u00e9rgico \u00e0 parafenilenodiamina (PPD), um composto qu\u00edmico comum em tintas de cabelo. O incidente&hellip;<\/p>","protected":false},"author":1,"featured_media":18498,"comment_status":"closed","ping_status":"open","sticky":false,"template":"","format":"standard","meta":{"content-type":"","footnotes":""},"categories":[16],"tags":[],"class_list":["post-18497","post","type-post","status-publish","format-standard","has-post-thumbnail","hentry","category-noticias"],"_links":{"self":[{"href":"https:\/\/tvbrazilusa.com\/pt\/wp-json\/wp\/v2\/posts\/18497","targetHints":{"allow":["GET"]}}],"collection":[{"href":"https:\/\/tvbrazilusa.com\/pt\/wp-json\/wp\/v2\/posts"}],"about":[{"href":"https:\/\/tvbrazilusa.com\/pt\/wp-json\/wp\/v2\/types\/post"}],"author":[{"embeddable":true,"href":"https:\/\/tvbrazilusa.com\/pt\/wp-json\/wp\/v2\/users\/1"}],"replies":[{"embeddable":true,"href":"https:\/\/tvbrazilusa.com\/pt\/wp-json\/wp\/v2\/comments?post=18497"}],"version-history":[{"count":1,"href":"https:\/\/tvbrazilusa.com\/pt\/wp-json\/wp\/v2\/posts\/18497\/revisions"}],"predecessor-version":[{"id":18499,"href":"https:\/\/tvbrazilusa.com\/pt\/wp-json\/wp\/v2\/posts\/18497\/revisions\/18499"}],"wp:featuredmedia":[{"embeddable":true,"href":"https:\/\/tvbrazilusa.com\/pt\/wp-json\/wp\/v2\/media\/18498"}],"wp:attachment":[{"href":"https:\/\/tvbrazilusa.com\/pt\/wp-json\/wp\/v2\/media?parent=18497"}],"wp:term":[{"taxonomy":"category","embeddable":true,"href":"https:\/\/tvbrazilusa.com\/pt\/wp-json\/wp\/v2\/categories?post=18497"},{"taxonomy":"post_tag","embeddable":true,"href":"https:\/\/tvbrazilusa.com\/pt\/wp-json\/wp\/v2\/tags?post=18497"}],"curies":[{"name":"wp","href":"https:\/\/api.w.org\/{rel}","templated":true}]}}