{"id":18615,"date":"2024-08-06T23:56:41","date_gmt":"2024-08-06T23:56:41","guid":{"rendered":"https:\/\/tvbrazilusa.com\/2024\/08\/06\/esposa-acusa-o-ex-presidente-da-argentina-alberto-fernandez-de-violencia-fisica-e-assedio\/"},"modified":"2024-08-07T00:23:11","modified_gmt":"2024-08-07T00:23:11","slug":"esposa-acusa-o-ex-presidente-da-argentina-alberto-fernandez-de-violencia-fisica-e-assedio","status":"publish","type":"post","link":"https:\/\/tvbrazilusa.com\/pt\/2024\/08\/06\/esposa-acusa-o-ex-presidente-da-argentina-alberto-fernandez-de-violencia-fisica-e-assedio\/","title":{"rendered":"Esposa acusa o ex-presidente da Argentina, Alberto Fern\u00e1ndez, de viol\u00eancia f\u00edsica e ass\u00e9dio"},"content":{"rendered":"<p> <script async src=\"https:\/\/pagead2.googlesyndication.com\/pagead\/js\/adsbygoogle.js?client=ca-pub-8864793242727901\"\r\n     crossorigin=\"anonymous\"><\/script><br \/>\n<\/p>\n<div>\n<p><em>foto: reprodu\u00e7\u00e3o <\/em><\/p>\n<p>Na \u00faltima ter\u00e7a-feira, a ex-primeira-dama da Argentina, <strong>Fabiola Ya\u00f1ez<\/strong>, fez uma grave den\u00fancia contra o ex-presidente Alberto Fern\u00e1ndez, acusando-o de viol\u00eancia f\u00edsica e ass\u00e9dio. A den\u00fancia foi formalizada remotamente perante o juiz federal Juli\u00e1n Ercolini, que imediatamente ordenou medidas de restri\u00e7\u00e3o e prote\u00e7\u00e3o em favor de Ya\u00f1ez para evitar a repeti\u00e7\u00e3o dos supostos atos mencionados por ela. Al\u00e9m disso, Ercolini proibiu Fern\u00e1ndez de deixar o pa\u00eds.<\/p>\n<p>Em resposta, o jornal argentino La Nacion entrou em contato com Alberto Fern\u00e1ndez, que afirmou estar preparando um comunicado oficial. \u201cFarei o resto perante a Justi\u00e7a. \u00c9 tudo falso. Mas vou provar tudo na Justi\u00e7a\u201d, declarou o ex-presidente.<\/p>\n<h2 class=\"wp-block-heading\">Viol\u00eancia F\u00edsica e Ass\u00e9dio: Detalhes das Acusa\u00e7\u00f5es<\/h2>\n<p>Ya\u00f1ez relatou que a den\u00fancia se baseia em atos de viol\u00eancia f\u00edsica, revelados atrav\u00e9s de mensagens encontradas nas conversas da ex-secret\u00e1ria particular de Fern\u00e1ndez, Mar\u00eda Cantero. Em junho passado, a ju\u00edza que acompanha o caso contatou Ya\u00f1ez ap\u00f3s localizar mensagens que apontavam para os supostos atos violentos.<\/p>\n<p>Al\u00e9m das mensagens, tamb\u00e9m foram encontradas fotos que corroboram a vers\u00e3o da ex-primeira-dama. Na primeira audi\u00eancia, realizada no final de junho, Ya\u00f1ez n\u00e3o tinha inten\u00e7\u00e3o de registrar queixa, o que levou Ercolini a arquivar temporariamente o processo.<\/p>\n<h2 class=\"wp-block-heading\">Qual o Pr\u00f3ximo Passo na Investiga\u00e7\u00e3o?<\/h2>\n<p>A mudan\u00e7a de postura de Ya\u00f1ez motivou a reabertura do caso, que agora seguir\u00e1 para uma investiga\u00e7\u00e3o criminal, independente do processo que envolve supostas a\u00e7\u00f5es ilegais relacionadas a neg\u00f3cios de seguros durante o mandato de Fern\u00e1ndez. O Tribunal Federal de Cassa\u00e7\u00e3o planeja realizar uma audi\u00eancia nesta quarta-feira para discutir o pedido do ex-presidente de afastar o juiz Ercolini do caso.<\/p>\n<h2 class=\"wp-block-heading\">Medidas de Prote\u00e7\u00e3o Imediatas<\/h2>\n<p>Diante da gravidade das acusa\u00e7\u00f5es, o juiz Juli\u00e1n Ercolini tomou medidas imediatas para garantir a seguran\u00e7a de Fabiola Ya\u00f1ez. Entre essas medidas est\u00e3o:\u00a0<\/p>\n<ul class=\"wp-block-list\">\n<li>Ordem de afastamento: Alberto Fern\u00e1ndez n\u00e3o pode se aproximar de Ya\u00f1ez.<\/li>\n<li>Proibi\u00e7\u00e3o de sa\u00edda do pa\u00eds para Alberto Fern\u00e1ndez.<\/li>\n<\/ul>\n<p>\u00a0<\/p>\n<p>Essas medidas visam proteger Ya\u00f1ez de poss\u00edveis retaliations e garantir que os supostos atos n\u00e3o se repitam.<\/p>\n<h2 class=\"wp-block-heading\">Como a Justi\u00e7a Tem Reagido?<\/h2>\n<p>Fontes judiciais informaram que ainda est\u00e3o avaliando a possibilidade de convocar Ya\u00f1ez para uma nova audi\u00eancia, que tamb\u00e9m contar\u00e1 com a participa\u00e7\u00e3o do Minist\u00e9rio P\u00fablico. O objetivo \u00e9 definir a jurisdi\u00e7\u00e3o apropriada para a tramita\u00e7\u00e3o do caso, que pode ser transferido para a justi\u00e7a ordin\u00e1ria ap\u00f3s a an\u00e1lise preliminar.<\/p>\n<h3 class=\"wp-block-heading\">Fabiola Ya\u00f1ez Morando em Madrid<\/h3>\n<p>Atualmente, Ya\u00f1ez reside em Madrid com seu filho Francisco. Ap\u00f3s a mudan\u00e7a de governo na Argentina, ela e Fern\u00e1ndez se mudaram para a Espanha, mas se separaram posteriormente. Alberto Fern\u00e1ndez voltou a se estabelecer em Buenos Aires, no apartamento que lhe foi emprestado pelo empres\u00e1rio Enrique Albistur.<\/p>\n<h3 class=\"wp-block-heading\">Entrevista com o Advogado Juan Pablo Fioribello<\/h3>\n<p>Em entrevista ao canal LN+, o advogado Juan Pablo Fioribello, que j\u00e1 representou Ya\u00f1ez em outras ocasi\u00f5es, comentou sobre a situa\u00e7\u00e3o: \u201cPercebi que ela estava muito angustiada. Ela me disse: \u2018N\u00e3o aguento mais essa situa\u00e7\u00e3o. Acabei de relatar&#8217;\u201d. Segundo Fioribello, a decis\u00e3o de Ya\u00f1ez de denunciar Fern\u00e1ndez foi motivada por espancamentos e amea\u00e7as.<\/p>\n<h3 class=\"wp-block-heading\">Posicionamento de Alberto Fern\u00e1ndez<\/h3>\n<p>Alberto Fern\u00e1ndez, por sua parte, mant\u00e9m sua posi\u00e7\u00e3o de que as acusa\u00e7\u00f5es s\u00e3o infundadas e promete provar sua inoc\u00eancia na Justi\u00e7a. Ele est\u00e1 no aguardo da audi\u00eancia de quarta-feira, onde ser\u00e1 discutido seu pedido para que o juiz Ercolini seja afastado do caso.<\/p>\n<p>O desenrolar dos pr\u00f3ximos passos neste caso ser\u00e1 crucial para determinar a veracidade das acusa\u00e7\u00f5es e o futuro de ambos os envolvidos. As controv\u00e9rsias continuam a envolver figuras importantes da pol\u00edtica argentina, mantendo a na\u00e7\u00e3o em um clima de incerteza e aten\u00e7\u00e3o.<\/p>\n<\/p><\/div>\n<p><br \/>\n<br \/><a href=\"https:\/\/terrabrasilnoticias.com\/2024\/08\/esposa-acusa-o-ex-presidente-da-argentina-alberto-fernandez-de-violencia-fisica-e-assedio\/\">Source link <\/a><\/p>","protected":false},"excerpt":{"rendered":"<p>foto: reprodu\u00e7\u00e3o Na \u00faltima ter\u00e7a-feira, a ex-primeira-dama da Argentina, Fabiola Ya\u00f1ez, fez uma grave den\u00fancia contra o ex-presidente Alberto Fern\u00e1ndez, acusando-o de viol\u00eancia f\u00edsica e ass\u00e9dio. A den\u00fancia foi formalizada&hellip;<\/p>","protected":false},"author":1,"featured_media":18616,"comment_status":"closed","ping_status":"open","sticky":false,"template":"","format":"standard","meta":{"content-type":"","footnotes":""},"categories":[16],"tags":[],"class_list":["post-18615","post","type-post","status-publish","format-standard","has-post-thumbnail","hentry","category-noticias"],"_links":{"self":[{"href":"https:\/\/tvbrazilusa.com\/pt\/wp-json\/wp\/v2\/posts\/18615","targetHints":{"allow":["GET"]}}],"collection":[{"href":"https:\/\/tvbrazilusa.com\/pt\/wp-json\/wp\/v2\/posts"}],"about":[{"href":"https:\/\/tvbrazilusa.com\/pt\/wp-json\/wp\/v2\/types\/post"}],"author":[{"embeddable":true,"href":"https:\/\/tvbrazilusa.com\/pt\/wp-json\/wp\/v2\/users\/1"}],"replies":[{"embeddable":true,"href":"https:\/\/tvbrazilusa.com\/pt\/wp-json\/wp\/v2\/comments?post=18615"}],"version-history":[{"count":1,"href":"https:\/\/tvbrazilusa.com\/pt\/wp-json\/wp\/v2\/posts\/18615\/revisions"}],"predecessor-version":[{"id":18617,"href":"https:\/\/tvbrazilusa.com\/pt\/wp-json\/wp\/v2\/posts\/18615\/revisions\/18617"}],"wp:featuredmedia":[{"embeddable":true,"href":"https:\/\/tvbrazilusa.com\/pt\/wp-json\/wp\/v2\/media\/18616"}],"wp:attachment":[{"href":"https:\/\/tvbrazilusa.com\/pt\/wp-json\/wp\/v2\/media?parent=18615"}],"wp:term":[{"taxonomy":"category","embeddable":true,"href":"https:\/\/tvbrazilusa.com\/pt\/wp-json\/wp\/v2\/categories?post=18615"},{"taxonomy":"post_tag","embeddable":true,"href":"https:\/\/tvbrazilusa.com\/pt\/wp-json\/wp\/v2\/tags?post=18615"}],"curies":[{"name":"wp","href":"https:\/\/api.w.org\/{rel}","templated":true}]}}