{"id":18654,"date":"2024-08-07T01:00:00","date_gmt":"2024-08-07T01:00:00","guid":{"rendered":"https:\/\/tvbrazilusa.com\/2024\/08\/07\/nova-frente-fria-trara-mudanca-de-tempo-no-centro-sul-do-brasil\/"},"modified":"2024-08-07T01:10:12","modified_gmt":"2024-08-07T01:10:12","slug":"nova-frente-fria-trara-mudanca-de-tempo-no-centro-sul-do-brasil","status":"publish","type":"post","link":"https:\/\/tvbrazilusa.com\/pt\/2024\/08\/07\/nova-frente-fria-trara-mudanca-de-tempo-no-centro-sul-do-brasil\/","title":{"rendered":"Nova frente fria trar\u00e1 mudan\u00e7a de tempo no Centro-Sul do Brasil"},"content":{"rendered":"<p> <script async src=\"https:\/\/pagead2.googlesyndication.com\/pagead\/js\/adsbygoogle.js?client=ca-pub-8864793242727901\"\r\n     crossorigin=\"anonymous\"><\/script><br \/>\n<\/p>\n<div>\n<p>Uma nova frente fria est\u00e1 a caminho e promete mudar o clima em v\u00e1rias regi\u00f5es do <a href=\"https:\/\/terrabrasilnoticias.com\/2024\/08\/flavia-saraiva-brilha-nos-jogos-olimpicos-de-paris-veja-salario-e-premiacoes-da-ginasta\/\" target=\"_blank\" rel=\"noreferrer noopener\">Brasil <\/a>j\u00e1 a partir de quarta-feira, 7 de agosto de 2024. Esse sistema meteorol\u00f3gico inicialmente vai atingir o Sul do pa\u00eds e, em seguida, avan\u00e7ar\u00e1 para o Sudeste. Segundo a Climatempo, a queda das temperaturas chegar\u00e1 at\u00e9 mesmo a Estados do Norte.<\/p>\n<p>O ar polar, combinado com a alta umidade prevista, poder\u00e1 provocar fen\u00f4menos curiosos, como chuva congelada em cidades do sul do Rio Grande do Sul na quinta-feira, 8 de agosto de 2024. Embora a chance seja baixa, n\u00e3o pode ser completamente descartada. A massa de ar frio tamb\u00e9m ser\u00e1 sentida em S\u00e3o Paulo e Mato Grosso do Sul entre quinta-feira e sexta-feira, 9 de agosto de 2024.<\/p>\n<h2 class=\"wp-block-heading\">Quais s\u00e3o os Estados mais afetados pela frente fria?<\/h2>\n<p>De acordo com previs\u00f5es da Climatempo, no <a href=\"https:\/\/www.estado.rs.gov.br\/\" target=\"_blank\" rel=\"noreferrer noopener\">Rio Grande do Sul,<\/a> cidades pr\u00f3ximas \u00e0 fronteira com o Uruguai podem sofrer com a entrada do ar polar, o que pode causar chuva congelada. As cidades de Ponta Por\u00e3, Porto Murtinho e Corumb\u00e1, em Mato Grosso do Sul, tamb\u00e9m ter\u00e3o sensa\u00e7\u00e3o de frio.<\/p>\n<p>Em S\u00e3o Paulo, a previs\u00e3o indica que a circula\u00e7\u00e3o de ventos trar\u00e1 mais umidade do mar, resultando em chuvas, principalmente nas regi\u00f5es sul, leste e litoral do Estado.<\/p>\n<h2 class=\"wp-block-heading\">Previs\u00e3o do Tempo Por Regi\u00e3o<\/h2>\n<p>A semana apresenta climas variados nas diferentes regi\u00f5es do Brasil. Vamos conferir mais detalhes.<\/p>\n<p>Antes da chegada da massa de ar polar, o sul do Brasil ter\u00e1 um clima din\u00e2mico. Na ter\u00e7a-feira, 6 de agosto de 2024, a chuva intensa dominar\u00e1 o Rio Grande do Sul, com c\u00e9u nublado e pancadas fortes, especialmente no oeste e sul do Estado. Por outro lado, Santa Catarina e Paran\u00e1 ter\u00e3o tempo firme com varia\u00e7\u00e3o de nebulosidade.<\/p>\n<ul class=\"wp-block-list\">\n<li>Na quarta-feira, novas pancadas no <a href=\"https:\/\/terrabrasilnoticias.com\/2024\/07\/lula-cancela-viagem-com-presidente-da-italia-ao-rio-grande-do-sul-por-medo-de-ser-vaiado\/\" target=\"_blank\" rel=\"noreferrer noopener\">Rio Grande do Sul <\/a>com alerta para temporais na metade sul.<\/li>\n<li>Santa Catarina e Paran\u00e1 podem ter algumas chuvas irregulares e isoladas.<\/li>\n<\/ul>\n<p>No Sudeste, a semana segue ensolarada com temperaturas altas e umidade relativa do ar abaixo de 30%. Na quarta-feira, o cen\u00e1rio continua com calor predominando.<\/p>\n<p>No Centro-Oeste, a situa\u00e7\u00e3o \u00e9 semelhante ao Sudeste, mas com umidade relativa do ar ainda mais baixa, chegando a n\u00edveis cr\u00edticos abaixo de 20% at\u00e9 a chegada da frente fria.<\/p>\n<h2 class=\"wp-block-heading\">Como ser\u00e1 o tempo no Nordeste e no Norte do Brasil?<\/h2>\n<p>No Nordeste, a semana come\u00e7a com alta umidade e nuvens densas em cidades como Salvador, Natal e S\u00e3o Lu\u00eds. Contudo, no interior da regi\u00e3o, o ar ser\u00e1 quente e seco. Espera-se que na quarta-feira, 7 de agosto, aconte\u00e7a chuva passageira na costa leste e no litoral do Maranh\u00e3o, com tempo est\u00e1vel no interior e na Para\u00edba.<\/p>\n<p>Pancadas de chuva isoladas podem ocorrer entre a Bahia e Pernambuco, al\u00e9m do litoral do Rio Grande do Norte na quinta-feira, 8 de agosto.<\/p>\n<p>No Norte, a semana ser\u00e1 marcada por calor e abafamento, com chuvas isoladas previstas apenas em Boa Vista, Bel\u00e9m e Macap\u00e1. A baixa umidade do ar ser\u00e1 a principal preocupa\u00e7\u00e3o no Tocantins.<\/p>\n<h3 class=\"wp-block-heading\">Resumo da Previs\u00e3o do Tempo<\/h3>\n<ul class=\"wp-block-list\">\n<li><strong>Rio Grande do Sul:<\/strong>\u00a0Chuva forte e nublado, possibilidade de chuva congelada na quinta-feira.<\/li>\n<li><strong>Santa Catarina e Paran\u00e1:<\/strong>\u00a0Tempo firme com poss\u00edveis chuvas isoladas.<\/li>\n<li><strong>Sudeste:<\/strong>\u00a0Ensolarado e quente com umidade do ar baixa.<\/li>\n<li><strong>Centro-Oeste:<\/strong>\u00a0Calor intenso e umidade cr\u00edtica.<\/li>\n<li><strong>Nordeste:<\/strong>\u00a0Alta umidade com nuvens carregadas na costa, clima seco no interior.<\/li>\n<li><strong>Norte:<\/strong>\u00a0Calor\u00e3o e umidade baixa, chuvas isoladas em algumas capitais.<\/li>\n<\/ul>\n<p>Fique atento \u00e0s atualiza\u00e7\u00f5es meteorol\u00f3gicas para planejar sua semana e se proteger das varia\u00e7\u00f5es clim\u00e1ticas que v\u00eam por a\u00ed.<\/p>\n<\/p><\/div>\n<p><br \/>\n<br \/><a href=\"https:\/\/terrabrasilnoticias.com\/2024\/08\/nova-frente-fria-trara-mudanca-de-tempo-no-centro-sul-do-brasil\/\">Source link <\/a><\/p>","protected":false},"excerpt":{"rendered":"<p>Uma nova frente fria est\u00e1 a caminho e promete mudar o clima em v\u00e1rias regi\u00f5es do Brasil j\u00e1 a partir de quarta-feira, 7 de agosto de 2024. Esse sistema meteorol\u00f3gico&hellip;<\/p>","protected":false},"author":1,"featured_media":9962,"comment_status":"closed","ping_status":"open","sticky":false,"template":"","format":"standard","meta":{"content-type":"","footnotes":""},"categories":[16],"tags":[8549,8550,3691,2750,2751],"class_list":["post-18654","post","type-post","status-publish","format-standard","has-post-thumbnail","hentry","category-noticias","tag-ar-polar","tag-chuva-congelada","tag-frente-fria","tag-previsao-do-tempo","tag-tempo"],"_links":{"self":[{"href":"https:\/\/tvbrazilusa.com\/pt\/wp-json\/wp\/v2\/posts\/18654","targetHints":{"allow":["GET"]}}],"collection":[{"href":"https:\/\/tvbrazilusa.com\/pt\/wp-json\/wp\/v2\/posts"}],"about":[{"href":"https:\/\/tvbrazilusa.com\/pt\/wp-json\/wp\/v2\/types\/post"}],"author":[{"embeddable":true,"href":"https:\/\/tvbrazilusa.com\/pt\/wp-json\/wp\/v2\/users\/1"}],"replies":[{"embeddable":true,"href":"https:\/\/tvbrazilusa.com\/pt\/wp-json\/wp\/v2\/comments?post=18654"}],"version-history":[{"count":1,"href":"https:\/\/tvbrazilusa.com\/pt\/wp-json\/wp\/v2\/posts\/18654\/revisions"}],"predecessor-version":[{"id":18655,"href":"https:\/\/tvbrazilusa.com\/pt\/wp-json\/wp\/v2\/posts\/18654\/revisions\/18655"}],"wp:featuredmedia":[{"embeddable":true,"href":"https:\/\/tvbrazilusa.com\/pt\/wp-json\/wp\/v2\/media\/9962"}],"wp:attachment":[{"href":"https:\/\/tvbrazilusa.com\/pt\/wp-json\/wp\/v2\/media?parent=18654"}],"wp:term":[{"taxonomy":"category","embeddable":true,"href":"https:\/\/tvbrazilusa.com\/pt\/wp-json\/wp\/v2\/categories?post=18654"},{"taxonomy":"post_tag","embeddable":true,"href":"https:\/\/tvbrazilusa.com\/pt\/wp-json\/wp\/v2\/tags?post=18654"}],"curies":[{"name":"wp","href":"https:\/\/api.w.org\/{rel}","templated":true}]}}