{"id":1874,"date":"2024-04-30T13:56:58","date_gmt":"2024-04-30T13:56:58","guid":{"rendered":"https:\/\/tvbrazilusa.com\/?p=1874"},"modified":"2024-04-30T13:56:58","modified_gmt":"2024-04-30T13:56:58","slug":"rodrigo-constantino-oab-vai-interpelar-marcel-van-hattem-por-informacoes-falsas-na-camara","status":"publish","type":"post","link":"https:\/\/tvbrazilusa.com\/pt\/2024\/04\/30\/rodrigo-constantino-oab-vai-interpelar-marcel-van-hattem-por-informacoes-falsas-na-camara\/","title":{"rendered":"Rodrigo Constantino: OAB vai interpelar Marcel van Hattem por informa\u00e7\u00f5es falsas na C\u00e2mara"},"content":{"rendered":"<p><iframe  width=\"580\" height=\"385\" src=\"https:\/\/www.youtube.com\/embed\/DWFSlZl_UXg?modestbranding=1\" frameborder=\"0\" allowfullscreen><\/iframe><br \/>\n<br \/>Rodrigo Constantino: OAB vai interpelar Marcel van Hattem por informa\u00e7\u00f5es falsas na C\u00e2mara<br \/>\nNews da Manh\u00e3 Bauru \u2013 Alexandre Pittoli &#8211; 30\/04\/2024<br \/>\n\ud83d\udcf7 Reprodu\u00e7\u00e3o: R\u00e1dio Auri Verde Brasil<\/p>\n<p>\ud83d\udd30 Assista ao programa na \u00edntegra:  <\/p>\n<p>\u2705 Inscreva-se em nossa Newsletter:<\/p>\n<p>\u2705 Inscreva-se no nosso canal:  <\/p>\n<p>\u2705 Anuncie na AuriVerde Brasil:<\/p>\n<p><a href=\"https:\/\/www.youtube.com\/watch?v=DWFSlZl_UXg\">source<\/a><\/p>","protected":false},"excerpt":{"rendered":"<p>Rodrigo Constantino: OAB vai interpelar Marcel van Hattem por informa\u00e7\u00f5es falsas na C\u00e2mara News da Manh\u00e3 Bauru \u2013 Alexandre Pittoli &#8211; 30\/04\/2024 \ud83d\udcf7 Reprodu\u00e7\u00e3o: R\u00e1dio Auri Verde Brasil \ud83d\udd30 Assista&hellip;<\/p>","protected":false},"author":1,"featured_media":1875,"comment_status":"","ping_status":"open","sticky":false,"template":"","format":"standard","meta":{"content-type":"","footnotes":""},"categories":[1],"tags":[],"class_list":["post-1874","post","type-post","status-publish","format-standard","has-post-thumbnail","hentry","category-uncategorized"],"_links":{"self":[{"href":"https:\/\/tvbrazilusa.com\/pt\/wp-json\/wp\/v2\/posts\/1874","targetHints":{"allow":["GET"]}}],"collection":[{"href":"https:\/\/tvbrazilusa.com\/pt\/wp-json\/wp\/v2\/posts"}],"about":[{"href":"https:\/\/tvbrazilusa.com\/pt\/wp-json\/wp\/v2\/types\/post"}],"author":[{"embeddable":true,"href":"https:\/\/tvbrazilusa.com\/pt\/wp-json\/wp\/v2\/users\/1"}],"replies":[{"embeddable":true,"href":"https:\/\/tvbrazilusa.com\/pt\/wp-json\/wp\/v2\/comments?post=1874"}],"version-history":[{"count":0,"href":"https:\/\/tvbrazilusa.com\/pt\/wp-json\/wp\/v2\/posts\/1874\/revisions"}],"wp:featuredmedia":[{"embeddable":true,"href":"https:\/\/tvbrazilusa.com\/pt\/wp-json\/wp\/v2\/media\/1875"}],"wp:attachment":[{"href":"https:\/\/tvbrazilusa.com\/pt\/wp-json\/wp\/v2\/media?parent=1874"}],"wp:term":[{"taxonomy":"category","embeddable":true,"href":"https:\/\/tvbrazilusa.com\/pt\/wp-json\/wp\/v2\/categories?post=1874"},{"taxonomy":"post_tag","embeddable":true,"href":"https:\/\/tvbrazilusa.com\/pt\/wp-json\/wp\/v2\/tags?post=1874"}],"curies":[{"name":"wp","href":"https:\/\/api.w.org\/{rel}","templated":true}]}}