{"id":18789,"date":"2024-08-07T05:54:09","date_gmt":"2024-08-07T05:54:09","guid":{"rendered":"https:\/\/tvbrazilusa.com\/2024\/08\/07\/ex-companheira-do-ex-presidente-argentino-alberto-fernandez-o-acusa-de-abuso\/"},"modified":"2024-08-07T06:12:56","modified_gmt":"2024-08-07T06:12:56","slug":"ex-companheira-do-ex-presidente-argentino-alberto-fernandez-o-acusa-de-abuso","status":"publish","type":"post","link":"https:\/\/tvbrazilusa.com\/pt\/2024\/08\/07\/ex-companheira-do-ex-presidente-argentino-alberto-fernandez-o-acusa-de-abuso\/","title":{"rendered":"Ex-companheira do ex-presidente argentino Alberto Fern\u00e1ndez o acusa de abuso"},"content":{"rendered":"<script async src=\"https:\/\/pagead2.googlesyndication.com\/pagead\/js\/adsbygoogle.js?client=ca-pub-8864793242727901\"\r\n     crossorigin=\"anonymous\"><\/script>\n<div id=\"\">\n<p class=\"dist__Box-sc-1fnzlkn-0 dist__TextBase-sc-1fnzlkn-3 CGHCP htMUPQ article-text\"><strong>BUENOS AIRES<\/strong> \u2013 A ex-parceira do ex-presidente argentino Alberto Fern\u00e1ndez o acusou de abusar dela f\u00edsica e emocionalmente, de acordo com uma ordem judicial argentina emitida na ter\u00e7a-feira. As alega\u00e7\u00f5es chocaram o pa\u00eds e amea\u00e7am manchar ainda mais a reputa\u00e7\u00e3o do esquerdista moderado cujo governo muitos argentinos culpam por aprofundar uma crise econ\u00f4mica. <\/p>\n<p class=\"dist__Box-sc-1fnzlkn-0 dist__TextBase-sc-1fnzlkn-3 CGHCP htMUPQ article-text\">Na ordem judicial obtida pela Associated Press, o tribunal federal de Buenos Aires abriu uma investiga\u00e7\u00e3o criminal sobre as acusa\u00e7\u00f5es de \u201cterrorismo psicol\u00f3gico\u201d, ass\u00e9dio telef\u00f4nico e abuso f\u00edsico contra <a href=\"https:\/\/apnews.com\/hub\/alberto-fernandez\">Fern\u00e1ndez<\/a> de Fabiola Y\u00e1\u00f1ez, sua ex-companheira de pelo menos oito anos e m\u00e3e de seu segundo filho. <\/p>\n<p class=\"dist__Box-sc-1fnzlkn-0 dist__TextBase-sc-1fnzlkn-3 CGHCP htMUPQ article-text\">A ordem disse que Y\u00e1\u00f1ez, que testemunhou por telefone de sua casa em Madri, decidiu apresentar queixa contra Fern\u00e1ndez por amea\u00e7\u00e1-la e &#8220;intimid\u00e1-la psicologicamente&#8221; diariamente e causar-lhe &#8220;ferimentos leves em um contexto de viol\u00eancia de g\u00eanero&#8221;. O documento n\u00e3o deu mais detalhes sobre suas acusa\u00e7\u00f5es de viol\u00eancia f\u00edsica. <\/p>\n<p class=\"dist__Box-sc-1fnzlkn-0 dist__TextBase-sc-1fnzlkn-3 CGHCP htMUPQ article-text\">Fern\u00e1ndez, um pol\u00edtico peronista de esquerda que foi presidente da Argentina de 2019 a 2023, negou vigorosamente suas alega\u00e7\u00f5es e prometeu que provaria aos tribunais \u201co que realmente aconteceu\u201d. <\/p>\n<p class=\"dist__Box-sc-1fnzlkn-0 dist__TextBase-sc-1fnzlkn-3 CGHCP htMUPQ article-text\">&#8220;\u00c9 falso e o que estou sendo acusado agora nunca aconteceu&#8221;, disse Fern\u00e1ndez em uma declara\u00e7\u00e3o publicada na ter\u00e7a-feira na plataforma de m\u00eddia social X, recusando-se a dar mais detalhes \u00e0 m\u00eddia, citando a privacidade de sua fam\u00edlia.<\/p>\n<p class=\"dist__Box-sc-1fnzlkn-0 dist__TextBase-sc-1fnzlkn-3 CGHCP htMUPQ article-text\">Na decis\u00e3o, o juiz Juli\u00e1n Ercolini concedeu a Y\u00e1\u00f1ez uma ordem de restri\u00e7\u00e3o que impede o ex-presidente de se aproximar dela a menos de 500 metros e de entrar em contato com ela. <\/p>\n<p class=\"dist__Box-sc-1fnzlkn-0 dist__TextBase-sc-1fnzlkn-3 CGHCP htMUPQ article-text\">O juiz proibiu Fern\u00e1ndez de viajar para fora da Argentina e exigiu que ele \u201ccessasse todas as formas de intimida\u00e7\u00e3o ou ass\u00e9dio, tanto direta quanto indiretamente\u201d em rela\u00e7\u00e3o a Y\u00e1\u00f1ez. A decis\u00e3o tamb\u00e9m pediu que as autoridades argentinas fornecessem prote\u00e7\u00e3o policial a Y\u00e1\u00f1ez. <\/p>\n<p class=\"dist__Box-sc-1fnzlkn-0 dist__TextBase-sc-1fnzlkn-3 CGHCP htMUPQ article-text\">A ordem judicial veio semanas depois que as acusa\u00e7\u00f5es de Y\u00e1\u00f1ez surgiram pela primeira vez entre milhares de mensagens de texto vazadas sob escrut\u00ednio de investigadores federais em um caso separado de apropria\u00e7\u00e3o ind\u00e9bita contra Fern\u00e1ndez. Esse caso acusa Fern\u00e1ndez de irregularidades na concess\u00e3o de contratos de seguros estaduais \u2014 alega\u00e7\u00f5es que ele tamb\u00e9m nega. <\/p>\n<p class=\"dist__Box-sc-1fnzlkn-0 dist__TextBase-sc-1fnzlkn-3 CGHCP htMUPQ article-text\">Em textos vazados trocados com a ex-secret\u00e1ria particular de Fern\u00e1ndez, Mar\u00eda Cantero, Y\u00e1\u00f1ez relatou epis\u00f3dios de abuso e ass\u00e9dio que ocorreram quando ela estava gr\u00e1vida de seu filho Francisco, agora com 2 anos.<\/p>\n<p class=\"dist__Box-sc-1fnzlkn-0 dist__TextBase-sc-1fnzlkn-3 CGHCP htMUPQ article-text\">O documento do tribunal visto pela AP disse que Ercolini a contatou sobre as revela\u00e7\u00f5es em junho, mas Y\u00e1\u00f1ez &#8220;n\u00e3o queria prosseguir com os procedimentos criminais&#8221;. Mas ela mudou de ideia e na ter\u00e7a-feira contatou o tribunal de Buenos Aires para apresentar queixa contra o ex-presidente. Seu advogado n\u00e3o respondeu a um pedido de coment\u00e1rio. <\/p>\n<p class=\"dist__Box-sc-1fnzlkn-0 dist__TextBase-sc-1fnzlkn-3 CGHCP htMUPQ article-text\">Sob a administra\u00e7\u00e3o peronista de Fern\u00e1ndez e do seu vice-presidente, o poderoso partido populista <a href=\"https:\/\/apnews.com\/article\/cristina-fernandez-argentina-president-running-election-8658031247abeca10d3005caa412ca5a\">ex-presidente Cristina Fern\u00e1ndez de Kirchner<\/a>a Argentina desceu ao seu <a href=\"https:\/\/apnews.com\/article\/peso-argentina-devaluation-massa-dollar-blue-c80e63a32d6323f41502a936403e6f55\">pior crise econ\u00f4mica<\/a> em duas d\u00e9cadas com infla\u00e7\u00e3o crescente <a href=\"https:\/\/apnews.com\/article\/argentina-poverty-inflation-massa-milei-d515d077f61147b203149d9e2a6a164c\">e aprofundamento da pobreza<\/a>. <\/p>\n<p class=\"dist__Box-sc-1fnzlkn-0 dist__TextBase-sc-1fnzlkn-3 CGHCP htMUPQ article-text\">Fern\u00e1ndez, ex-professor de direito, <a href=\"https:\/\/apnews.com\/article\/argentina-fernandez-president-reelection-wont-run-31782993f581915f30f6106fb00f7fe7\">optou por n\u00e3o concorrer nas elei\u00e7\u00f5es de 2023 na Argentina<\/a>. A indigna\u00e7\u00e3o p\u00fablica com a queda da sorte do pa\u00eds ajudou a impulsionar a <a href=\"https:\/\/apnews.com\/article\/election-milei-massa-runoff-6a171de948a034bd43c853f6d3f50f5c\">Presidente libert\u00e1rio radical Javier Milei ao cargo<\/a>.<\/p>\n<\/div>\n<p>Copyright 2024 The Associated Press. Todos os direitos reservados. Este material n\u00e3o pode ser publicado, transmitido, reescrito ou redistribu\u00eddo sem permiss\u00e3o.<\/p>\n<p><br \/>\n<br \/><a href=\"https:\/\/www.clickorlando.com\/news\/world\/2024\/08\/07\/ex-partner-of-argentinas-former-president-alberto-fernandez-accuses-him-of-abuse\/\">Source link <\/a><\/p>","protected":false},"excerpt":{"rendered":"<p>BUENOS AIRES \u2013 A ex-parceira do ex-presidente argentino Alberto Fern\u00e1ndez o acusou de abusar dela f\u00edsica e emocionalmente, de acordo com uma ordem judicial argentina emitida na ter\u00e7a-feira. As alega\u00e7\u00f5es&hellip;<\/p>","protected":false},"author":1,"featured_media":18790,"comment_status":"closed","ping_status":"open","sticky":false,"template":"","format":"standard","meta":{"content-type":"","footnotes":""},"categories":[1],"tags":[8702,1223,1419],"class_list":["post-18789","post","type-post","status-publish","format-standard","has-post-thumbnail","hentry","category-uncategorized","tag-alberto-fernandez","tag-negocios","tag-noticias-do-mundo"],"_links":{"self":[{"href":"https:\/\/tvbrazilusa.com\/pt\/wp-json\/wp\/v2\/posts\/18789","targetHints":{"allow":["GET"]}}],"collection":[{"href":"https:\/\/tvbrazilusa.com\/pt\/wp-json\/wp\/v2\/posts"}],"about":[{"href":"https:\/\/tvbrazilusa.com\/pt\/wp-json\/wp\/v2\/types\/post"}],"author":[{"embeddable":true,"href":"https:\/\/tvbrazilusa.com\/pt\/wp-json\/wp\/v2\/users\/1"}],"replies":[{"embeddable":true,"href":"https:\/\/tvbrazilusa.com\/pt\/wp-json\/wp\/v2\/comments?post=18789"}],"version-history":[{"count":1,"href":"https:\/\/tvbrazilusa.com\/pt\/wp-json\/wp\/v2\/posts\/18789\/revisions"}],"predecessor-version":[{"id":18791,"href":"https:\/\/tvbrazilusa.com\/pt\/wp-json\/wp\/v2\/posts\/18789\/revisions\/18791"}],"wp:featuredmedia":[{"embeddable":true,"href":"https:\/\/tvbrazilusa.com\/pt\/wp-json\/wp\/v2\/media\/18790"}],"wp:attachment":[{"href":"https:\/\/tvbrazilusa.com\/pt\/wp-json\/wp\/v2\/media?parent=18789"}],"wp:term":[{"taxonomy":"category","embeddable":true,"href":"https:\/\/tvbrazilusa.com\/pt\/wp-json\/wp\/v2\/categories?post=18789"},{"taxonomy":"post_tag","embeddable":true,"href":"https:\/\/tvbrazilusa.com\/pt\/wp-json\/wp\/v2\/tags?post=18789"}],"curies":[{"name":"wp","href":"https:\/\/api.w.org\/{rel}","templated":true}]}}