{"id":1881,"date":"2024-07-13T14:07:26","date_gmt":"2024-07-13T14:07:26","guid":{"rendered":"https:\/\/tvbrazilusa.com\/?p=1881"},"modified":"2024-07-13T14:12:16","modified_gmt":"2024-07-13T14:12:16","slug":"argentina-declara-hamas-como-organizacao-terrorista","status":"publish","type":"post","link":"https:\/\/tvbrazilusa.com\/pt\/2024\/07\/13\/argentina-declara-hamas-como-organizacao-terrorista\/","title":{"rendered":"Argentina declara Hamas como organiza\u00e7\u00e3o terrorista"},"content":{"rendered":"<p> <script async src=\"https:\/\/pagead2.googlesyndication.com\/pagead\/js\/adsbygoogle.js?client=ca-pub-8864793242727901\"\r\n     crossorigin=\"anonymous\"><\/script><br \/>\n<\/p>\n<div>\n<p>Foto: Reprodu\u00e7\u00e3o\/LUDOVIC MARIN\/AFP.<\/p>\n<p>Na \u00faltima sexta-feira, a Argentina tomou uma posi\u00e7\u00e3o contundente ao classificar o grupo Hamas como uma organiza\u00e7\u00e3o terrorista internacional. Esta designa\u00e7\u00e3o foi formalizada no Registro P\u00fablico de Pessoas e Entidades Vinculadas a Atos de Terrorismo e seu Financiamento (Repet), evidenciando uma mudan\u00e7a significativa na pol\u00edtica externa sob a administra\u00e7\u00e3o do presidente Javier Milei.<\/p>\n<p>A decis\u00e3o vem em um momento cr\u00edtico, considerando que, recentemente, o Hamas reivindicou responsabilidade por ataques devastadores em Israel. O ataque mais brutal ocorreu em 7 de outubro de 2023, marcando a maior trag\u00e9dia em solo israelense desde o Holocausto, com aproximadamente 1,2 mil v\u00edtimas fatais.<\/p>\n<h2 class=\"wp-block-heading\">O que levou a Argentina a classificar o Hamas como terrorista?<\/h2>\n<p><strong>A gravidade do ataque em Israel<\/strong>, em conjunto com o hist\u00f3rico de viol\u00eancia atribu\u00eddo ao Hamas, impulsionou essa firme resposta da Argentina. Al\u00e9m disso, a aproxima\u00e7\u00e3o do 30\u00ba anivers\u00e1rio do ataque \u00e0 AMIA em Buenos Aires intensifica o contexto desta decis\u00e3o. A Argentina, que j\u00e1 sofreu diretamente com o terrorismo internacional, agora se posiciona de forma assertiva no cen\u00e1rio global contra tais amea\u00e7as.<\/p>\n<h2 class=\"wp-block-heading\">Impacto desta decis\u00e3o no cen\u00e1rio internacional<\/h2>\n<p>Este an\u00fancio n\u00e3o apenas reafirma o compromisso da Argentina com a luta contra o terrorismo, mas tamb\u00e9m mostra uma realinhamento de suas rela\u00e7\u00f5es exteriores com pa\u00edses como Estados Unidos e Israel. O presidente Milei sinaliza que deseja fortalecer os la\u00e7os com o que chama de \u201cmundo livre\u201d, focando na defesa dos direitos individuais e das institui\u00e7\u00f5es democr\u00e1ticas.<\/p>\n<h2 class=\"wp-block-heading\">Rea\u00e7\u00f5es e consequ\u00eancias desta nova classifica\u00e7\u00e3o<\/h2>\n<p>A decis\u00e3o argentina, embora aplaudida por muitos, tamb\u00e9m \u00e9 sujeita a controv\u00e9rsias. Entender as ramifica\u00e7\u00f5es deste posicionamento requer uma an\u00e1lise cuidadosa dos pr\u00f3ximos movimentos tanto de governos internacionais quanto de organiza\u00e7\u00f5es globais. Espera-se que tal medida influencie n\u00e3o apenas a pol\u00edtica interna, mas tamb\u00e9m as din\u00e2micas internacionais relacionadas \u00e0 seguran\u00e7a e coopera\u00e7\u00e3o contra o terrorismo.<\/p>\n<p>\u00c9 indiscut\u00edvel que o trauma ainda fresco do \u00faltimo ataque lembra a todos a necessidade de vigil\u00e2ncia constante e coopera\u00e7\u00e3o internacional para combater amea\u00e7as terroristas. A Argentina, ao declarar o Hamas como terrorista, refor\u00e7a sua postura de n\u00e3o toler\u00e2ncia com aqueles que amea\u00e7am a paz e o bem-estar civil.<\/p>\n<ul>\n<li>Ataque em Israel deixa milhares de v\u00edtimas.<\/li>\n<\/ul>\n<ul>\n<li>Hamas designado como terrorista pela Argentina.<\/li>\n<\/ul>\n<ul>\n<li>Impacto da decis\u00e3o nos relacionamentos internacionais da Argentina.<\/li>\n<\/ul>\n<p>Em resumo, a nova pol\u00edtica externa argentina de Javier Milei, marcada por um inequ\u00edvoco compromisso com a seguran\u00e7a internacional, significa um passo importante na luta global contra o terrorismo.<\/p>\n<\/p><\/div>\n<p><br \/>\n<br \/><a href=\"https:\/\/terrabrasilnoticias.com\/2024\/07\/argentina-declara-hamas-como-organizacao-terrorista\/\">Source link <\/a><\/p>","protected":false},"excerpt":{"rendered":"<p>Foto: Reprodu\u00e7\u00e3o\/LUDOVIC MARIN\/AFP. Na \u00faltima sexta-feira, a Argentina tomou uma posi\u00e7\u00e3o contundente ao classificar o grupo Hamas como uma organiza\u00e7\u00e3o terrorista internacional. Esta designa\u00e7\u00e3o foi formalizada no Registro P\u00fablico de&hellip;<\/p>","protected":false},"author":1,"featured_media":1882,"comment_status":"closed","ping_status":"open","sticky":false,"template":"","format":"standard","meta":{"content-type":"","footnotes":""},"categories":[16],"tags":[],"class_list":["post-1881","post","type-post","status-publish","format-standard","has-post-thumbnail","hentry","category-noticias"],"_links":{"self":[{"href":"https:\/\/tvbrazilusa.com\/pt\/wp-json\/wp\/v2\/posts\/1881","targetHints":{"allow":["GET"]}}],"collection":[{"href":"https:\/\/tvbrazilusa.com\/pt\/wp-json\/wp\/v2\/posts"}],"about":[{"href":"https:\/\/tvbrazilusa.com\/pt\/wp-json\/wp\/v2\/types\/post"}],"author":[{"embeddable":true,"href":"https:\/\/tvbrazilusa.com\/pt\/wp-json\/wp\/v2\/users\/1"}],"replies":[{"embeddable":true,"href":"https:\/\/tvbrazilusa.com\/pt\/wp-json\/wp\/v2\/comments?post=1881"}],"version-history":[{"count":1,"href":"https:\/\/tvbrazilusa.com\/pt\/wp-json\/wp\/v2\/posts\/1881\/revisions"}],"predecessor-version":[{"id":1883,"href":"https:\/\/tvbrazilusa.com\/pt\/wp-json\/wp\/v2\/posts\/1881\/revisions\/1883"}],"wp:featuredmedia":[{"embeddable":true,"href":"https:\/\/tvbrazilusa.com\/pt\/wp-json\/wp\/v2\/media\/1882"}],"wp:attachment":[{"href":"https:\/\/tvbrazilusa.com\/pt\/wp-json\/wp\/v2\/media?parent=1881"}],"wp:term":[{"taxonomy":"category","embeddable":true,"href":"https:\/\/tvbrazilusa.com\/pt\/wp-json\/wp\/v2\/categories?post=1881"},{"taxonomy":"post_tag","embeddable":true,"href":"https:\/\/tvbrazilusa.com\/pt\/wp-json\/wp\/v2\/tags?post=1881"}],"curies":[{"name":"wp","href":"https:\/\/api.w.org\/{rel}","templated":true}]}}