{"id":18892,"date":"2024-08-07T11:18:39","date_gmt":"2024-08-07T11:18:39","guid":{"rendered":"https:\/\/tvbrazilusa.com\/2024\/08\/07\/cinco-pessoas-morrem-em-acidente-de-helicoptero-nas-montanhas-a-noroeste-da-capital-do-nepal\/"},"modified":"2024-08-07T11:23:27","modified_gmt":"2024-08-07T11:23:27","slug":"cinco-pessoas-morrem-em-acidente-de-helicoptero-nas-montanhas-a-noroeste-da-capital-do-nepal","status":"publish","type":"post","link":"https:\/\/tvbrazilusa.com\/pt\/2024\/08\/07\/cinco-pessoas-morrem-em-acidente-de-helicoptero-nas-montanhas-a-noroeste-da-capital-do-nepal\/","title":{"rendered":"Cinco pessoas morrem em acidente de helic\u00f3ptero nas montanhas a noroeste da capital do Nepal"},"content":{"rendered":"<script async src=\"https:\/\/pagead2.googlesyndication.com\/pagead\/js\/adsbygoogle.js?client=ca-pub-8864793242727901\"\r\n     crossorigin=\"anonymous\"><\/script>\n<div id=\"\">\n<p class=\"dist__Box-sc-1fnzlkn-0 dist__TextBase-sc-1fnzlkn-3 CGHCP htMUPQ article-text\"><strong>KATMANDU<\/strong> \u2013 Todas as cinco pessoas a bordo do helic\u00f3ptero morreram quando ele caiu na quarta-feira nas montanhas a noroeste da capital do Nepal, disseram autoridades.<\/p>\n<p class=\"dist__Box-sc-1fnzlkn-0 dist__TextBase-sc-1fnzlkn-3 CGHCP htMUPQ article-text\">Os corpos de quatro homens e uma mulher foram retirados dos destro\u00e7os, disse Krishna Prasad Humagai, administrador governamental do distrito de Nuwakot.<\/p>\n<p class=\"dist__Box-sc-1fnzlkn-0 dist__TextBase-sc-1fnzlkn-3 CGHCP htMUPQ article-text\">A pol\u00edcia e equipes de resgate do ex\u00e9rcito chegaram \u00e0 \u00e1rea e dois helic\u00f3pteros de resgate tamb\u00e9m foram enviados para ajudar na opera\u00e7\u00e3o, disse a autoridade.<\/p>\n<p class=\"dist__Box-sc-1fnzlkn-0 dist__TextBase-sc-1fnzlkn-3 CGHCP htMUPQ article-text\">O local do acidente fica na \u00e1rea de Suryachaur, a noroeste de Katmandu, em uma montanha coberta por floresta.<\/p>\n<p class=\"dist__Box-sc-1fnzlkn-0 dist__TextBase-sc-1fnzlkn-3 CGHCP htMUPQ article-text\">O helic\u00f3ptero decolou do aeroporto internacional de Katmandu \u00e0s 13h54, hor\u00e1rio local, e se dirigia para a cidade de Syaprubeshi.<\/p>\n<p class=\"dist__Box-sc-1fnzlkn-0 dist__TextBase-sc-1fnzlkn-3 CGHCP htMUPQ article-text\">O helic\u00f3ptero, um Eurocopter AS350 pertencente \u00e0 Air Dynasty, sediada no Nepal, perdeu contato com a torre apenas tr\u00eas minutos ap\u00f3s a decolagem, de acordo com um comunicado da Autoridade de Avia\u00e7\u00e3o Civil do Nepal.<\/p>\n<p class=\"dist__Box-sc-1fnzlkn-0 dist__TextBase-sc-1fnzlkn-3 CGHCP htMUPQ article-text\">Os quatro passageiros s\u00e3o cidad\u00e3os chineses, e o piloto \u00e9 um nepal\u00eas, disseram autoridades. <\/p>\n<p class=\"dist__Box-sc-1fnzlkn-0 dist__TextBase-sc-1fnzlkn-3 CGHCP htMUPQ article-text\">O acidente ocorreu duas semanas depois de um <a href=\"https:\/\/apnews.com\/article\/nepal-plane-crash-kathmandu-airport-a6ff1b2d560c55d2088b83eea1dab6d4\">avi\u00e3o de passageiros caiu<\/a> logo ap\u00f3s decolar do aeroporto de Katmandu, matando 18 pessoas e ferindo um piloto, que foi o \u00fanico sobrevivente.<\/p>\n<p class=\"dist__Box-sc-1fnzlkn-0 dist__TextBase-sc-1fnzlkn-3 CGHCP htMUPQ article-text\">Todas as pessoas a bordo do voo da Saurya Airlines, incluindo o copiloto, eram nepaleses, exceto um passageiro, que era cidad\u00e3o iemenita.<\/p>\n<p class=\"dist__Box-sc-1fnzlkn-0 dist__TextBase-sc-1fnzlkn-3 CGHCP htMUPQ article-text\">Uma investiga\u00e7\u00e3o governamental foi ordenada sobre a queda do avi\u00e3o Bombardier CRJ 200, que estava indo para a segunda cidade mais populosa do Nepal, Pokhara, para trabalhos de manuten\u00e7\u00e3o. A maioria dos passageiros a bordo eram mec\u00e2nicos ou funcion\u00e1rios da companhia a\u00e9rea, disseram autoridades do aeroporto. <\/p>\n<p class=\"dist__Box-sc-1fnzlkn-0 dist__TextBase-sc-1fnzlkn-3 CGHCP htMUPQ article-text\">O piloto tem ferimentos nos olhos e voltou para casa depois de passar por um hospital. <\/p>\n<\/div>\n<p>Copyright 2024 The Associated Press. Todos os direitos reservados. Este material n\u00e3o pode ser publicado, transmitido, reescrito ou redistribu\u00eddo sem permiss\u00e3o.<\/p>\n<p><br \/>\n<br \/><a href=\"https:\/\/www.clickorlando.com\/news\/world\/2024\/08\/07\/5-people-killed-in-a-helicopter-crash-in-the-mountains-northwest-of-nepals-capital\/\">Source link <\/a><\/p>","protected":false},"excerpt":{"rendered":"<p>KATMANDU \u2013 Todas as cinco pessoas a bordo do helic\u00f3ptero morreram quando ele caiu na quarta-feira nas montanhas a noroeste da capital do Nepal, disseram autoridades. Os corpos de quatro&hellip;<\/p>","protected":false},"author":1,"featured_media":18893,"comment_status":"closed","ping_status":"open","sticky":false,"template":"","format":"standard","meta":{"content-type":"","footnotes":""},"categories":[1],"tags":[1419],"class_list":["post-18892","post","type-post","status-publish","format-standard","has-post-thumbnail","hentry","category-uncategorized","tag-noticias-do-mundo"],"_links":{"self":[{"href":"https:\/\/tvbrazilusa.com\/pt\/wp-json\/wp\/v2\/posts\/18892","targetHints":{"allow":["GET"]}}],"collection":[{"href":"https:\/\/tvbrazilusa.com\/pt\/wp-json\/wp\/v2\/posts"}],"about":[{"href":"https:\/\/tvbrazilusa.com\/pt\/wp-json\/wp\/v2\/types\/post"}],"author":[{"embeddable":true,"href":"https:\/\/tvbrazilusa.com\/pt\/wp-json\/wp\/v2\/users\/1"}],"replies":[{"embeddable":true,"href":"https:\/\/tvbrazilusa.com\/pt\/wp-json\/wp\/v2\/comments?post=18892"}],"version-history":[{"count":1,"href":"https:\/\/tvbrazilusa.com\/pt\/wp-json\/wp\/v2\/posts\/18892\/revisions"}],"predecessor-version":[{"id":18894,"href":"https:\/\/tvbrazilusa.com\/pt\/wp-json\/wp\/v2\/posts\/18892\/revisions\/18894"}],"wp:featuredmedia":[{"embeddable":true,"href":"https:\/\/tvbrazilusa.com\/pt\/wp-json\/wp\/v2\/media\/18893"}],"wp:attachment":[{"href":"https:\/\/tvbrazilusa.com\/pt\/wp-json\/wp\/v2\/media?parent=18892"}],"wp:term":[{"taxonomy":"category","embeddable":true,"href":"https:\/\/tvbrazilusa.com\/pt\/wp-json\/wp\/v2\/categories?post=18892"},{"taxonomy":"post_tag","embeddable":true,"href":"https:\/\/tvbrazilusa.com\/pt\/wp-json\/wp\/v2\/tags?post=18892"}],"curies":[{"name":"wp","href":"https:\/\/api.w.org\/{rel}","templated":true}]}}