{"id":18922,"date":"2024-08-07T11:56:30","date_gmt":"2024-08-07T11:56:30","guid":{"rendered":"https:\/\/tvbrazilusa.com\/2024\/08\/07\/procurador-do-estado-de-orange-osceola-anunciara-operacao-multiagencia-significativa\/"},"modified":"2024-08-07T12:09:42","modified_gmt":"2024-08-07T12:09:42","slug":"procurador-do-estado-de-orange-osceola-anunciara-operacao-multiagencia-significativa","status":"publish","type":"post","link":"https:\/\/tvbrazilusa.com\/pt\/2024\/08\/07\/procurador-do-estado-de-orange-osceola-anunciara-operacao-multiagencia-significativa\/","title":{"rendered":"Procurador do estado de Orange-Osceola anunciar\u00e1 &#39;opera\u00e7\u00e3o multiag\u00eancia significativa&#39;"},"content":{"rendered":"<script async src=\"https:\/\/pagead2.googlesyndication.com\/pagead\/js\/adsbygoogle.js?client=ca-pub-8864793242727901\"\r\n     crossorigin=\"anonymous\"><\/script>\n<div id=\"\">\n<p class=\"dist__Box-sc-1fnzlkn-0 dist__TextBase-sc-1fnzlkn-3 CGHCP htMUPQ article-text\"><strong>CONDADO DE ORANGE, Fl\u00f3rida.<\/strong> \u2013 O procurador do estado de Orange-Osceola, Andrew Bain, realizar\u00e1 uma entrevista coletiva na quarta-feira de manh\u00e3 para anunciar uma \u201copera\u00e7\u00e3o multiag\u00eancia significativa\u201d.<\/p>\n<p class=\"dist__Box-sc-1fnzlkn-0 dist__TextBase-sc-1fnzlkn-3 CGHCP htMUPQ article-text\">O evento no escrit\u00f3rio do promotor p\u00fablico ao longo da North Orange Avenue em Orlando est\u00e1 programado para come\u00e7ar \u00e0s 10h.<\/p>\n<p class=\"dist__Box-sc-1fnzlkn-0 dist__TextBase-sc-1fnzlkn-3 CGHCP htMUPQ article-text\">A opera\u00e7\u00e3o conjunta de aplica\u00e7\u00e3o da lei em quest\u00e3o envolveu o Gabinete do Xerife do Condado de Orange e o Departamento de Pol\u00edcia de Orlando, em conjunto com o gabinete de Bain, afirma um comunicado \u00e0 imprensa, acrescentando que &#8220;marca um passo significativo em nossos esfor\u00e7os cont\u00ednuos para combater o crime em nossa comunidade&#8221;.<\/p>\n<p class=\"dist__Box-sc-1fnzlkn-0 dist__TextBase-sc-1fnzlkn-3 CGHCP htMUPQ article-text\">Bain ser\u00e1 acompanhado na entrevista coletiva pelo chefe adjunto do Gabinete do Xerife do Condado de Orange, Carlos Torres.<\/p>\n<p class=\"dist__Box-sc-1fnzlkn-0 dist__TextBase-sc-1fnzlkn-3 CGHCP htMUPQ article-text\">O ClickOrlando.com transmitir\u00e1 o evento ao vivo no in\u00edcio desta hist\u00f3ria.<\/p>\n<hr class=\"dist__Box-sc-1fnzlkn-0 dist__BaseDivider-sc-1fnzlkn-8 NJMqq\"\/>\n<p class=\"dist__Box-sc-1fnzlkn-0 dist__TextBase-sc-1fnzlkn-3 CGHCP htMUPQ article-text\"><b>Receba as manchetes de hoje em minutos com <\/b><a href=\"https:\/\/podcasts.apple.com\/us\/podcast\/your-florida-daily\/id1632084191\"><b>Seu di\u00e1rio da Fl\u00f3rida<\/b><\/a><b>:<\/b><\/p>\n<\/div>\n<p>Copyright 2024 por WKMG ClickOrlando &#8211; Todos os direitos reservados.<\/p>\n<p><br \/>\n<br \/><a href=\"https:\/\/www.clickorlando.com\/news\/local\/2024\/08\/07\/orange-osceola-state-attorney-to-announce-significant-multi-agency-operation\/\">Source link <\/a><\/p>","protected":false},"excerpt":{"rendered":"<p>CONDADO DE ORANGE, Fl\u00f3rida. \u2013 O procurador do estado de Orange-Osceola, Andrew Bain, realizar\u00e1 uma entrevista coletiva na quarta-feira de manh\u00e3 para anunciar uma \u201copera\u00e7\u00e3o multiag\u00eancia significativa\u201d. O evento no&hellip;<\/p>","protected":false},"author":1,"featured_media":18923,"comment_status":"closed","ping_status":"open","sticky":false,"template":"","format":"standard","meta":{"content-type":"","footnotes":""},"categories":[1],"tags":[8769,1442,696],"class_list":["post-18922","post","type-post","status-publish","format-standard","has-post-thumbnail","hentry","category-uncategorized","tag-andre-bain","tag-condado-de-orange","tag-orlando"],"_links":{"self":[{"href":"https:\/\/tvbrazilusa.com\/pt\/wp-json\/wp\/v2\/posts\/18922","targetHints":{"allow":["GET"]}}],"collection":[{"href":"https:\/\/tvbrazilusa.com\/pt\/wp-json\/wp\/v2\/posts"}],"about":[{"href":"https:\/\/tvbrazilusa.com\/pt\/wp-json\/wp\/v2\/types\/post"}],"author":[{"embeddable":true,"href":"https:\/\/tvbrazilusa.com\/pt\/wp-json\/wp\/v2\/users\/1"}],"replies":[{"embeddable":true,"href":"https:\/\/tvbrazilusa.com\/pt\/wp-json\/wp\/v2\/comments?post=18922"}],"version-history":[{"count":1,"href":"https:\/\/tvbrazilusa.com\/pt\/wp-json\/wp\/v2\/posts\/18922\/revisions"}],"predecessor-version":[{"id":18924,"href":"https:\/\/tvbrazilusa.com\/pt\/wp-json\/wp\/v2\/posts\/18922\/revisions\/18924"}],"wp:featuredmedia":[{"embeddable":true,"href":"https:\/\/tvbrazilusa.com\/pt\/wp-json\/wp\/v2\/media\/18923"}],"wp:attachment":[{"href":"https:\/\/tvbrazilusa.com\/pt\/wp-json\/wp\/v2\/media?parent=18922"}],"wp:term":[{"taxonomy":"category","embeddable":true,"href":"https:\/\/tvbrazilusa.com\/pt\/wp-json\/wp\/v2\/categories?post=18922"},{"taxonomy":"post_tag","embeddable":true,"href":"https:\/\/tvbrazilusa.com\/pt\/wp-json\/wp\/v2\/tags?post=18922"}],"curies":[{"name":"wp","href":"https:\/\/api.w.org\/{rel}","templated":true}]}}