{"id":18925,"date":"2024-08-07T12:12:00","date_gmt":"2024-08-07T12:12:00","guid":{"rendered":"https:\/\/tvbrazilusa.com\/2024\/08\/07\/cientistas-descobrem-a-causa-do-autismo-veja-os-avancos-na-neurociencia\/"},"modified":"2024-08-07T12:21:25","modified_gmt":"2024-08-07T12:21:25","slug":"cientistas-descobrem-a-causa-do-autismo-veja-os-avancos-na-neurociencia","status":"publish","type":"post","link":"https:\/\/tvbrazilusa.com\/pt\/2024\/08\/07\/cientistas-descobrem-a-causa-do-autismo-veja-os-avancos-na-neurociencia\/","title":{"rendered":"Cientistas descobrem a causa do Autismo? Veja os avan\u00e7os na Neuroci\u00eancia"},"content":{"rendered":"<p> <script async src=\"https:\/\/pagead2.googlesyndication.com\/pagead\/js\/adsbygoogle.js?client=ca-pub-8864793242727901\"\r\n     crossorigin=\"anonymous\"><\/script><br \/>\n<\/p>\n<div>\n<p>Uma descoberta revolucion\u00e1ria no campo da neuroci\u00eancia trouxe novas luzes sobre a causa do autismo. <a href=\"https:\/\/terrabrasilnoticias.com\/2024\/07\/pesquisadores-revelam-que-droga-500-vezes-mais-forte-que-heroina-ja-circula-pelo-brasil\/\" target=\"_blank\" rel=\"noopener\">Pesquisadores<\/a> do mundo inteiro t\u00eam se dedicado intensamente a entender melhor esse transtorno, que afeta milh\u00f5es de pessoas globalmente. Recentemente, foi revelado que avan\u00e7os significativos foram alcan\u00e7ados nessa \u00e1rea.<\/p>\n<p>Com o aumento dos casos diagnosticados nos \u00faltimos anos, a compreens\u00e3o sobre o autismo tornou-se uma prioridade para cientistas e m\u00e9dicos. O transtorno do espectro autista (TEA) \u00e9 caracterizado por dificuldades na comunica\u00e7\u00e3o e comportamentos repetitivos, variando significativamente de indiv\u00edduo para indiv\u00edduo.<\/p>\n<h2>Como foi descoberta a causa do autismo?<\/h2>\n<p>Durante anos, a comunidade cient\u00edfica investigou incansavelmente as poss\u00edveis causas do autismo. Agora, um estudo publicado recentemente sugere que uma combina\u00e7\u00e3o de fatores gen\u00e9ticos e ambientais pode ser respons\u00e1vel pelo desenvolvimento do TEA. Essa descoberta abre novas possibilidades para tratamentos e interven\u00e7\u00f5es.<\/p>\n<p>Os pesquisadores identificaram muta\u00e7\u00f5es espec\u00edficas em genes associados ao desenvolvimento neurol\u00f3gico que parecem estar diretamente ligadas ao autismo. Al\u00e9m disso, fatores como exposi\u00e7\u00e3o a toxinas durante a gravidez e complica\u00e7\u00f5es no parto tamb\u00e9m foram destacados como poss\u00edveis desencadeadores.<\/p>\n<h2>Fatores gen\u00e9ticos e ambientais: como eles influenciam o autismo?<\/h2>\n<p>A gen\u00e9tica desempenha um papel crucial na predisposi\u00e7\u00e3o ao autismo. Estudos mostram que parentes de primeiro grau de indiv\u00edduos com TEA t\u00eam uma probabilidade significativamente maior de desenvolver o transtorno. Um estudo recente confirmou que irm\u00e3os de crian\u00e7as autistas t\u00eam uma chance 20% maior de tamb\u00e9m serem autistas. Isso sugere uma forte liga\u00e7\u00e3o heredit\u00e1ria.<\/p>\n<p>Al\u00e9m disso, fatores ambientais n\u00e3o podem ser descartados. Exposi\u00e7\u00f5es a certos produtos qu\u00edmicos, infec\u00e7\u00f5es e at\u00e9 o estresse materno durante a gravidez t\u00eam sido associados ao risco aumentado de autismo. Alguns pesquisadores tamb\u00e9m investigam a influ\u00eancia dos microbiomas intestinais nas fun\u00e7\u00f5es cerebrais.<\/p>\n<h2>Que papel o ambiente desempenha no autismo?<\/h2>\n<p>A influ\u00eancia do ambiente no desenvolvimento do autismo tem sido objeto de muitos estudos. Fatores ambientais, como idade avan\u00e7ada dos pais, exposi\u00e7\u00e3o a polui\u00e7\u00e3o do ar ou certos pesticidas durante a gravidez, obesidade materna, diabetes ou dist\u00farbios imunol\u00f3gicos, prematuridade extrema ou baixo peso ao nascer, e complica\u00e7\u00f5es no parto que levam a per\u00edodos de priva\u00e7\u00e3o de oxig\u00eanio no c\u00e9rebro do beb\u00ea, s\u00e3o associados a um risco aumentado de autismo.<\/p>\n<p>Outro aspecto a ser considerado \u00e9 a exposi\u00e7\u00e3o a produtos qu\u00edmicos ap\u00f3s o nascimento, que tamb\u00e9m pode aumentar o risco. A pesquisa continua a explorar como esses fatores ambientais interagem com predisposi\u00e7\u00f5es gen\u00e9ticas para desenvolver interven\u00e7\u00f5es e suportes que melhoram a qualidade de vida.<\/p>\n<p>Recentes estudos destacam que a idade avan\u00e7ada dos pais, particularmente dos pais, \u00e9 um fator de risco significativo para o desenvolvimento do autismo. Crian\u00e7as nascidas de pais com mais de 40 anos apresentam maior probabilidade de serem diagnosticadas com TEA, o que ressalta a import\u00e2ncia de considerar a idade parental como um fator ambiental relevante.<\/p>\n<p>Al\u00e9m dos fatores gen\u00e9ticos e ambientais mencionados, a sa\u00fade mental materna tamb\u00e9m desempenha um papel significativo no desenvolvimento do autismo. Estudos indicam que o estresse materno cr\u00f4nico, ansiedade e depress\u00e3o durante a gravidez podem aumentar o risco de a crian\u00e7a desenvolver TEA. O bem-estar psicol\u00f3gico da m\u00e3e, portanto, \u00e9 crucial e merece aten\u00e7\u00e3o especial durante o pr\u00e9-natal.<\/p>\n<p>Outro fator igualmente importante na preven\u00e7\u00e3o do autismo \u00e9 a nutri\u00e7\u00e3o adequada durante a gravidez. Pesquisas t\u00eam mostrado que a ingest\u00e3o de \u00e1cido f\u00f3lico, especialmente nos primeiros meses de gesta\u00e7\u00e3o, pode reduzir significativamente o risco de desenvolvimento de TEA. A suplementa\u00e7\u00e3o de \u00e1cido f\u00f3lico \u00e9 uma medida preventiva simples e eficaz. Al\u00e9m disso, o consumo de alimentos org\u00e2nicos, evitando pesticidas e toxinas, pode contribuir para um ambiente mais saud\u00e1vel, reduzindo os riscos associados ao desenvolvimento do autismo.<\/p>\n<h2>Quais s\u00e3o as implica\u00e7\u00f5es dessa descoberta?<\/h2>\n<p>Compreender a causa do autismo tem implica\u00e7\u00f5es profundas, tanto para o diagn\u00f3stico precoce quanto para o desenvolvimento de terapias eficazes. Ao identificar genes espec\u00edficos envolvidos no TEA, os cientistas podem desenvolver exames gen\u00e9ticos para detectar o risco antes mesmo do nascimento.<\/p>\n<p>Al\u00e9m disso, ao entender como fatores ambientais contribuem para o desenvolvimento do autismo, \u00e9 poss\u00edvel adotar medidas preventivas. Pol\u00edticas p\u00fablicas voltadas para a sa\u00fade materna e a redu\u00e7\u00e3o da exposi\u00e7\u00e3o a toxinas podem ser implementadas para diminuir a incid\u00eancia de novos casos.<\/p>\n<h2>O que podemos esperar no futuro da pesquisa sobre autismo?<\/h2>\n<ul>\n<li>Manter e expandir os estudos gen\u00e9ticos para identificar outras muta\u00e7\u00f5es associadas ao TEA.<\/li>\n<li>Desenvolver terapias personalizadas, baseadas nos perfis gen\u00e9ticos individuais.<\/li>\n<li>Implementar programas de sa\u00fade p\u00fablica focados na preven\u00e7\u00e3o e no suporte a fam\u00edlias com hist\u00f3rico de autismo.<\/li>\n<li>Investir em tecnologias de diagn\u00f3sticos precoces e interven\u00e7\u00f5es terap\u00eauticas.<\/li>\n<li>Pesquisas sobre o papel de metab\u00f3litos espec\u00edficos no transtorno do espectro autista (TEA), como diidroxi\u00e1cidos graxos no sangue do cord\u00e3o umbilical, t\u00eam demonstrado uma liga\u00e7\u00e3o significativa com os sintomas de autismo. Estes achados ressaltam a import\u00e2ncia de entender os aspectos metab\u00f3licos no desenvolvimento do TEA.<\/li>\n<\/ul>\n<p>A jornada para descobrir todas as nuances do autismo ainda est\u00e1 longe de ser conclu\u00edda. No entanto, as recentes descobertas representam um passo gigantesco na compreens\u00e3o do TEA e trazem esperan\u00e7a para milh\u00f5es de fam\u00edlias ao redor do mundo.<\/p>\n<p>Com o apoio cont\u00ednuo \u00e0 pesquisa e a colabora\u00e7\u00e3o internacional, podemos esperar avan\u00e7os ainda mais significativos. Cada novo estudo nos aproxima de um futuro onde o autismo \u00e9 melhor compreendido e tratado, proporcionando uma melhor qualidade de vida para aqueles que vivem com o transtorno.<\/p>\n<\/p><\/div>\n<p><br \/>\n<br \/><a href=\"https:\/\/terrabrasilnoticias.com\/2024\/08\/cientistas-descobrem-a-causa-do-autismo-avancos-na-neurociencia\/\">Source link <\/a><\/p>","protected":false},"excerpt":{"rendered":"<p>Uma descoberta revolucion\u00e1ria no campo da neuroci\u00eancia trouxe novas luzes sobre a causa do autismo. Pesquisadores do mundo inteiro t\u00eam se dedicado intensamente a entender melhor esse transtorno, que afeta&hellip;<\/p>","protected":false},"author":1,"featured_media":18926,"comment_status":"closed","ping_status":"open","sticky":false,"template":"","format":"standard","meta":{"content-type":"","footnotes":""},"categories":[16],"tags":[1972,106],"class_list":["post-18925","post","type-post","status-publish","format-standard","has-post-thumbnail","hentry","category-noticias","tag-autismo","tag-saude"],"_links":{"self":[{"href":"https:\/\/tvbrazilusa.com\/pt\/wp-json\/wp\/v2\/posts\/18925","targetHints":{"allow":["GET"]}}],"collection":[{"href":"https:\/\/tvbrazilusa.com\/pt\/wp-json\/wp\/v2\/posts"}],"about":[{"href":"https:\/\/tvbrazilusa.com\/pt\/wp-json\/wp\/v2\/types\/post"}],"author":[{"embeddable":true,"href":"https:\/\/tvbrazilusa.com\/pt\/wp-json\/wp\/v2\/users\/1"}],"replies":[{"embeddable":true,"href":"https:\/\/tvbrazilusa.com\/pt\/wp-json\/wp\/v2\/comments?post=18925"}],"version-history":[{"count":1,"href":"https:\/\/tvbrazilusa.com\/pt\/wp-json\/wp\/v2\/posts\/18925\/revisions"}],"predecessor-version":[{"id":18927,"href":"https:\/\/tvbrazilusa.com\/pt\/wp-json\/wp\/v2\/posts\/18925\/revisions\/18927"}],"wp:featuredmedia":[{"embeddable":true,"href":"https:\/\/tvbrazilusa.com\/pt\/wp-json\/wp\/v2\/media\/18926"}],"wp:attachment":[{"href":"https:\/\/tvbrazilusa.com\/pt\/wp-json\/wp\/v2\/media?parent=18925"}],"wp:term":[{"taxonomy":"category","embeddable":true,"href":"https:\/\/tvbrazilusa.com\/pt\/wp-json\/wp\/v2\/categories?post=18925"},{"taxonomy":"post_tag","embeddable":true,"href":"https:\/\/tvbrazilusa.com\/pt\/wp-json\/wp\/v2\/tags?post=18925"}],"curies":[{"name":"wp","href":"https:\/\/api.w.org\/{rel}","templated":true}]}}